{"id":710669,"date":"2026-03-08T23:00:07","date_gmt":"2026-03-09T05:00:07","guid":{"rendered":"https:\/\/www.diarioimagen.net\/?p=710669"},"modified":"2026-03-08T23:00:07","modified_gmt":"2026-03-09T05:00:07","slug":"trump-alinea-a-17-gobiernos-del-continente-para-atacar-militarmente-a-carteles-mexicanos","status":"publish","type":"post","link":"https:\/\/www.diarioimagen.net\/?p=710669","title":{"rendered":"Trump alinea a 17 gobiernos del continente  para atacar militarmente a c\u00e1rteles mexicanos \u00a0\u00a0"},"content":{"rendered":"<p><strong>\u00a0<\/strong><\/p>\n<p><strong>\u00a0\u2013 TRAS LA PUERTA DEL PODER. Roberto Vizca\u00edno<\/strong><\/p>\n<p>&nbsp;<\/p>\n<p><strong>\u00a0<\/strong><\/p>\n<p><strong>\u00a0<\/strong><\/p>\n<p>&nbsp;<\/p>\n<p>El mensaje del presidente\u00a0<strong>Donald Trump<\/strong>\u00a0no deja espacios para las malas interpretaciones o dudas. De que va militarmente contra c\u00e1rteles mexicanos ni qu\u00e9 decir. S\u00f3lo que ahora no ser\u00e1 s\u00f3lo EU quien ataque con misiles a c\u00e1rteles en territorio mexicano, sino en bola con 17 gobiernos m\u00e1s dentro del acuerdo denominado \u201cEscudo de las Am\u00e9ricas\u201d.<\/p>\n<p>No ser\u00eda un acto de guerra contra M\u00e9xico, sino contra c\u00e1rteles denominados ya como terroristas que tienen sus bases en territorio mexicano.<\/p>\n<p>\u201c\u2026 para contrarrestar la presencia de los c\u00e1rteles en nuestra regi\u00f3n tenemos que reconocer que el epicentro de la violencia de los c\u00e1rteles es M\u00e9xico\u2026 Los c\u00e1rteles mexicanos est\u00e1n alimentando y orquestando mucho del derramamiento de sangre y del caos en este hemisferio.<\/p>\n<p>\u201cEl gobierno de Estados Unidos har\u00e1 lo que sea necesario para defender su seguridad nacional, proteger la seguridad del pueblo estadounidense\u2026<\/p>\n<p>\u201cY hoy todo pasa a trav\u00e9s de M\u00e9xico\u2026 Me gusta la Presidenta (<strong>Claudia Sheinbaum<\/strong>), mucho. Hoy ella es una muy buena persona, tiene una voz hermosa, es una mujer hermosa\u2026 yo le dije: perm\u00edtame erradicar a los c\u00e1rteles y ella me dijo:\u00a0<strong><em>\u00a1no, no, no, por favor, Presidente!.<\/em><\/strong><\/p>\n<p>\u201cPero tenemos que erradicarlos, le respond\u00ed\u2026 Esto est\u00e1 empeorando, est\u00e1n tomando su pa\u00eds, los c\u00e1rteles est\u00e1n manejando M\u00e9xico. Eso no puede pasar, est\u00e1 muy cerca de nosotros, muy cerca a ustedes\u2026 nosotros tenemos que comprometernos con asegurar que la ley y el orden en nuestra naci\u00f3n exista\u201d, dijo el mandatario de EU el s\u00e1bado en Miami, Florida, ante 12 de 17 presidentes de Am\u00e9rica Latina que ese mismo d\u00eda firmaron una coalici\u00f3n militar denominada \u201cEscudo de las Am\u00e9ricas\u201d.<\/p>\n<p>Agreg\u00f3:<\/p>\n<p>\u201cEstamos llamando a esta alianza militar, a una coalici\u00f3n militar contra c\u00e1rteles que est\u00e1n creciendo en la regi\u00f3n incre\u00edblemente r\u00e1pido. El coraz\u00f3n de este acuerdo es el compromiso de usar la fuerza militar para destruir los c\u00e1rteles y las redes terroristas, de una vez por todas vamos a acabarlos.<\/p>\n<p>\u201cPara eso necesitamos estar unidos\u2026 Ustedes nos tienen que decirnos d\u00f3nde est\u00e1n. Nosotros tenemos un armamento excelente, como posiblemente han visto recientemente.<\/p>\n<p>\u201cTodos aqu\u00ed comparten prioridad, seguridad, libre comercio y el Estado de Derecho\u2026 estamos formando el escudo de las Am\u00e9ricas, una nueva coalici\u00f3n para progresar\u201d,<\/p>\n<p>El presidente Trump justific\u00f3 esta coalici\u00f3n militar ante el crecimiento de los c\u00e1rteles en grandes territorios del hemisferio occidental que ahora son controlados por ellos como\u00a0<strong><em>pandillas transnacionales<\/em><\/strong>.<\/p>\n<p>\u201cSon c\u00e1rteles sedientos de sangre que imponen su voluntad a trav\u00e9s de asesinatos, torturas y extorsiones&#8230; por eso vamos a trabajar con ustedes, y utilizaremos misiles que son bastante precisos\u2026 haremos lo que necesite para erradicarlos\u201d, indic\u00f3.<\/p>\n<p>Se doli\u00f3 de que a pesar de que los c\u00e1rteles ahogan a grandes regiones del continente, todav\u00eda existen\u00a0<strong><em>quienes creen que se puede negociar con ellos<\/em><\/strong>, \u201cYo no lo creo\u201d, subray\u00f3\u00a0<strong>Trump<\/strong>.<\/p>\n<p>Por el contrario, dijo, hay informes de que muchos de los c\u00e1rteles han desarrollado capacidades de operaci\u00f3n militar altamente sofisticadas. E incluso hay quienes afirman que son m\u00e1s poderosos que los ej\u00e9rcitos del continente.<\/p>\n<p>\u201cEso no puede pasar\u2026 Son organizaciones brutales, criminales que son una amenaza inaceptable para la seguridad regional y que adem\u00e1s dan acceso a adversarios extranjeros peligrosos en nuestras naciones\u2026\u00a0<strong>la \u00fanica manera de vencer esos enemigos es a trav\u00e9s de desatar el poder de nuestros ej\u00e9rcitos\u2026 <\/strong>tenemos que usar nuestros ej\u00e9rcitos\u2026 ustedes tienen que usar los suyos\u201d<\/p>\n<p>\u201cNo se puede pelear contra ellos solo con las polic\u00edas, ellos los amenazan los asustan los dominan, tienen que usar sus ej\u00e9rcitos y Estados Unidos espera profundizar y expandir la cooperaci\u00f3n en los meses por venir\u2026 Ya erradicamos a ISIS en Medio Oriente, debemos ahora hacer lo mismo para erradicar a los c\u00e1rteles en casa\u201d, subray\u00f3.<\/p>\n<p>As\u00ed, desde el s\u00e1bado 7 de este marzo, qued\u00f3 integrada la coalici\u00f3n militar con todos los ej\u00e9rcitos de esos 17 pa\u00edses que sumados al de EU bajo el mando de\u00a0<strong>Donald Trump<\/strong>\u00a0integran \u201c<strong>El Escudo de las Am\u00e9ricas<\/strong>\u201d que, desde ese d\u00eda, tienen sus ojos puestos en el epicentro de las drogas y c\u00e1rteles que es el M\u00e9xico de la presidenta <strong>Claudia Sheinbaum<\/strong>.<\/p>\n<p>&nbsp;<\/p>\n<p><strong>Mier conf\u00eda en Monreal para avanzar en la electoral<\/strong><\/p>\n<p>&nbsp;<\/p>\n<p><strong>Ignacio Mier<\/strong>, nuevo coordinador de los senadores de Morena, es -dice- de los pol\u00edticos que nunca se dan por vencidos en una negociaci\u00f3n o b\u00fasqueda de acuerdo entre partidos, y cree que aunque parezca insoluble el rechazo de PT y Verde a la iniciativa de reforma electoral de la presidenta\u00a0<strong>Claudia Sheinbaum<\/strong>\u00a0ya en poder de las comisiones de la C\u00e1mara de Diputados, siempre hay una posibilidad de alcanzar un acuerdo para votarla a favor.<\/p>\n<p>El poblano conf\u00eda que las dotes de gran negociador de su contraparte legislativa, el zacatecano\u00a0<strong>Ricardo Monreal<\/strong>, den buenos frutos ahora y logre sacar adelante la mayor\u00eda requerida para que esta reforma sea aprobada.<\/p>\n<p>En cuanto al reclamo de los opositores de que se incluya en esta iniciativa el tema de una sanci\u00f3n al financiamiento de carteles en campa\u00f1as electorales, <strong>Mier<\/strong>\u00a0record\u00f3 que eso ya est\u00e1 contemplado en las normas existentes que indican que corresponde al INE revisar cuentas y dar aviso a autoridades de financiamientos oscuros que deben luego ser revisados y confirmados por la UIF, para ser sancionados.<\/p>\n<p>&nbsp;<\/p>\n<p>Twitter: @_Vizcaino \/ Facebook<\/p>\n<p>\/\u00a0<a href=\"https:\/\/www\">https:\/\/www<\/a><\/p>\n<p>&nbsp;<\/p>\n","protected":false},"excerpt":{"rendered":"<p>\u00a0 \u00a0\u2013 TRAS LA PUERTA DEL PODER. Roberto Vizca\u00edno &nbsp; \u00a0 \u00a0 &nbsp; El mensaje del presidente\u00a0Donald Trump\u00a0no deja espacios para las malas interpretaciones o dudas. De que va militarmente contra c\u00e1rteles mexicanos ni qu\u00e9 decir. S\u00f3lo que ahora no ser\u00e1 s\u00f3lo EU quien ataque con misiles a c\u00e1rteles en territorio mexicano, sino en bola [&hellip;]<\/p>\n","protected":false},"author":14,"featured_media":0,"comment_status":"open","ping_status":"open","sticky":false,"template":"","format":"standard","meta":{"_monsterinsights_skip_tracking":false,"_monsterinsights_sitenote_active":false,"_monsterinsights_sitenote_note":"","_monsterinsights_sitenote_category":0,"footnotes":""},"categories":[4,136],"tags":[],"class_list":["post-710669","post","type-post","status-publish","format-standard","hentry","category-opinion","category-roberto-vizcaino-opinion"],"_links":{"self":[{"href":"https:\/\/www.diarioimagen.net\/index.php?rest_route=\/wp\/v2\/posts\/710669","targetHints":{"allow":["GET"]}}],"collection":[{"href":"https:\/\/www.diarioimagen.net\/index.php?rest_route=\/wp\/v2\/posts"}],"about":[{"href":"https:\/\/www.diarioimagen.net\/index.php?rest_route=\/wp\/v2\/types\/post"}],"author":[{"embeddable":true,"href":"https:\/\/www.diarioimagen.net\/index.php?rest_route=\/wp\/v2\/users\/14"}],"replies":[{"embeddable":true,"href":"https:\/\/www.diarioimagen.net\/index.php?rest_route=%2Fwp%2Fv2%2Fcomments&post=710669"}],"version-history":[{"count":1,"href":"https:\/\/www.diarioimagen.net\/index.php?rest_route=\/wp\/v2\/posts\/710669\/revisions"}],"predecessor-version":[{"id":710670,"href":"https:\/\/www.diarioimagen.net\/index.php?rest_route=\/wp\/v2\/posts\/710669\/revisions\/710670"}],"wp:attachment":[{"href":"https:\/\/www.diarioimagen.net\/index.php?rest_route=%2Fwp%2Fv2%2Fmedia&parent=710669"}],"wp:term":[{"taxonomy":"category","embeddable":true,"href":"https:\/\/www.diarioimagen.net\/index.php?rest_route=%2Fwp%2Fv2%2Fcategories&post=710669"},{"taxonomy":"post_tag","embeddable":true,"href":"https:\/\/www.diarioimagen.net\/index.php?rest_route=%2Fwp%2Fv2%2Ftags&post=710669"}],"curies":[{"name":"wp","href":"https:\/\/api.w.org\/{rel}","templated":true}]}}