{"id":710709,"date":"2026-03-09T19:59:27","date_gmt":"2026-03-10T01:59:27","guid":{"rendered":"https:\/\/www.diarioimagen.net\/?p=710709"},"modified":"2026-03-09T19:59:27","modified_gmt":"2026-03-10T01:59:27","slug":"las-mujeres-pieza-fundamental-para-la-vida-y-desarrollo-del-pais-juan-olivas","status":"publish","type":"post","link":"https:\/\/www.diarioimagen.net\/?p=710709","title":{"rendered":"Las mujeres, pieza fundamental para  la vida y desarrollo del pa\u00eds: Juan Olivas"},"content":{"rendered":"<ul>\n<li><strong>Apoyo en su empoderamiento<\/strong><\/li>\n<\/ul>\n<div id=\"attachment_710710\" style=\"width: 455px\" class=\"wp-caption alignnone\"><img loading=\"lazy\" decoding=\"async\" aria-describedby=\"caption-attachment-710710\" class=\"wp-image-710710 size-large\" src=\"https:\/\/www.diarioimagen.net\/wp-content\/uploads\/2026\/03\/BAENA-2-ok-6-445x270.jpg\" alt=\"\" width=\"445\" height=\"270\" srcset=\"https:\/\/www.diarioimagen.net\/wp-content\/uploads\/2026\/03\/BAENA-2-ok-6-445x270.jpg 445w, https:\/\/www.diarioimagen.net\/wp-content\/uploads\/2026\/03\/BAENA-2-ok-6-240x146.jpg 240w, https:\/\/www.diarioimagen.net\/wp-content\/uploads\/2026\/03\/BAENA-2-ok-6-768x466.jpg 768w, https:\/\/www.diarioimagen.net\/wp-content\/uploads\/2026\/03\/BAENA-2-ok-6.jpg 1500w\" sizes=\"auto, (max-width: 445px) 100vw, 445px\" \/><p id=\"caption-attachment-710710\" class=\"wp-caption-text\">Ante decenas de mujeres, l\u00edderes sociales, amas de casa, y parte de su equipo, Juan Olivas y su esposa hicieron un llamado a la\u00a0 erradicaci\u00f3n de la violencia de g\u00e9nero.<\/p><\/div>\n<p><strong>\u00a0<\/strong><\/p>\n<p>&nbsp;<\/p>\n<p>Naucalpan, M\u00e9x.- El apoyo a la lucha de las mujeres\u00a0 es una causa fundamental que busca garantizar la igualdad de g\u00e9nero, la justicia y una vida libre de violencia, ya no m\u00e1s feminicidios, ya no m\u00e1s v\u00edctimas y desaparecidas . En todo momento contar\u00e1n con nuestro respaldo.<\/p>\n<p>&nbsp;<\/p>\n<p>As\u00ed lo expres\u00f3 Juan Olivas Islas, presidente de la asociaci\u00f3n civil \u00abSembrando con Olivas\u00bb, quien acompa\u00f1ado de la titular de \u00abMujeres con Olivas\u00bb, coincidieron en se\u00f1alar que \u00abnuestra asociaci\u00f3n seguir\u00e1 impulsando su empoderamiento a trav\u00e9s de diversos programas completamente gratuitos, pues son ellas, son pieza fundamental para el desarrollo de nuestro pa\u00eds\u00bb.<\/p>\n<p>&nbsp;<\/p>\n<p>Ante decenas de mujeres, muchas de ellas, l\u00edderes sociales, amas de casa, y parte de su equipo, Juan\u00a0 Olivas y su esposa hicieron un llamado a la\u00a0 erradicaci\u00f3n de la violencia de g\u00e9nero.<\/p>\n<p>&nbsp;<\/p>\n<p>\u00abUna de las principales exigencias es el cese a los feminicidios y la violencia contra mujeres y ni\u00f1as, con un enfoque en la justicia y la eliminaci\u00f3n de la impunidad\u00bb, coincidieron.<\/p>\n<p>&nbsp;<\/p>\n<p>El tambien fuerte aspirante a la alcaldia de esta localidad, concluy\u00f3 asegurando que \u00abla lucha feminista en M\u00e9xico reafirma la necesidad de pol\u00edticas p\u00fablicas que equilibren la equidad de g\u00e9nero, recursos suficientes y un enfoque de derechos humanos para garantizar que las mujeres vivan con dignidad\u00bb, concluy\u00f3.<\/p>\n<p><strong>\u00a0<\/strong><\/p>\n<p>&nbsp;<\/p>\n<p>&nbsp;<\/p>\n<p>&nbsp;<\/p>\n","protected":false},"excerpt":{"rendered":"<p>Apoyo en su empoderamiento \u00a0 &nbsp; Naucalpan, M\u00e9x.- El apoyo a la lucha de las mujeres\u00a0 es una causa fundamental que busca garantizar la igualdad de g\u00e9nero, la justicia y una vida libre de violencia, ya no m\u00e1s feminicidios, ya no m\u00e1s v\u00edctimas y desaparecidas . En todo momento contar\u00e1n con nuestro respaldo. &nbsp; As\u00ed [&hellip;]<\/p>\n","protected":false},"author":14,"featured_media":710710,"comment_status":"open","ping_status":"open","sticky":false,"template":"","format":"standard","meta":{"_monsterinsights_skip_tracking":false,"_monsterinsights_sitenote_active":false,"_monsterinsights_sitenote_note":"","_monsterinsights_sitenote_category":0,"footnotes":""},"categories":[5],"tags":[],"class_list":["post-710709","post","type-post","status-publish","format-standard","has-post-thumbnail","hentry","category-estado-de-mexico"],"_links":{"self":[{"href":"https:\/\/www.diarioimagen.net\/index.php?rest_route=\/wp\/v2\/posts\/710709","targetHints":{"allow":["GET"]}}],"collection":[{"href":"https:\/\/www.diarioimagen.net\/index.php?rest_route=\/wp\/v2\/posts"}],"about":[{"href":"https:\/\/www.diarioimagen.net\/index.php?rest_route=\/wp\/v2\/types\/post"}],"author":[{"embeddable":true,"href":"https:\/\/www.diarioimagen.net\/index.php?rest_route=\/wp\/v2\/users\/14"}],"replies":[{"embeddable":true,"href":"https:\/\/www.diarioimagen.net\/index.php?rest_route=%2Fwp%2Fv2%2Fcomments&post=710709"}],"version-history":[{"count":1,"href":"https:\/\/www.diarioimagen.net\/index.php?rest_route=\/wp\/v2\/posts\/710709\/revisions"}],"predecessor-version":[{"id":710711,"href":"https:\/\/www.diarioimagen.net\/index.php?rest_route=\/wp\/v2\/posts\/710709\/revisions\/710711"}],"wp:featuredmedia":[{"embeddable":true,"href":"https:\/\/www.diarioimagen.net\/index.php?rest_route=\/wp\/v2\/media\/710710"}],"wp:attachment":[{"href":"https:\/\/www.diarioimagen.net\/index.php?rest_route=%2Fwp%2Fv2%2Fmedia&parent=710709"}],"wp:term":[{"taxonomy":"category","embeddable":true,"href":"https:\/\/www.diarioimagen.net\/index.php?rest_route=%2Fwp%2Fv2%2Fcategories&post=710709"},{"taxonomy":"post_tag","embeddable":true,"href":"https:\/\/www.diarioimagen.net\/index.php?rest_route=%2Fwp%2Fv2%2Ftags&post=710709"}],"curies":[{"name":"wp","href":"https:\/\/api.w.org\/{rel}","templated":true}]}}