{"id":710712,"date":"2026-03-09T20:04:37","date_gmt":"2026-03-10T02:04:37","guid":{"rendered":"https:\/\/www.diarioimagen.net\/?p=710712"},"modified":"2026-03-09T20:04:37","modified_gmt":"2026-03-10T02:04:37","slug":"acusan-al-diputado-petista-isaac-hernandez-por-violencia-vicaria","status":"publish","type":"post","link":"https:\/\/www.diarioimagen.net\/?p=710712","title":{"rendered":"Acusan al diputado petista Isaac  Hern\u00e1ndez por violencia vicaria"},"content":{"rendered":"<ul>\n<li><strong>Deudor alimentario desde hace 8 a\u00f1os<\/strong><\/li>\n<\/ul>\n<p><strong>\u00a0<\/strong><\/p>\n<div id=\"attachment_710713\" style=\"width: 470px\" class=\"wp-caption alignnone\"><img loading=\"lazy\" decoding=\"async\" aria-describedby=\"caption-attachment-710713\" class=\"wp-image-710713 size-large\" src=\"https:\/\/www.diarioimagen.net\/wp-content\/uploads\/2026\/03\/BAENA-3-ok-6-460x259.jpg\" alt=\"\" width=\"460\" height=\"259\" srcset=\"https:\/\/www.diarioimagen.net\/wp-content\/uploads\/2026\/03\/BAENA-3-ok-6-460x259.jpg 460w, https:\/\/www.diarioimagen.net\/wp-content\/uploads\/2026\/03\/BAENA-3-ok-6-240x135.jpg 240w, https:\/\/www.diarioimagen.net\/wp-content\/uploads\/2026\/03\/BAENA-3-ok-6-768x432.jpg 768w, https:\/\/www.diarioimagen.net\/wp-content\/uploads\/2026\/03\/BAENA-3-ok-6-480x270.jpg 480w, https:\/\/www.diarioimagen.net\/wp-content\/uploads\/2026\/03\/BAENA-3-ok-6-235x132.jpg 235w, https:\/\/www.diarioimagen.net\/wp-content\/uploads\/2026\/03\/BAENA-3-ok-6-202x114.jpg 202w, https:\/\/www.diarioimagen.net\/wp-content\/uploads\/2026\/03\/BAENA-3-ok-6-350x196.jpg 350w, https:\/\/www.diarioimagen.net\/wp-content\/uploads\/2026\/03\/BAENA-3-ok-6-220x123.jpg 220w, https:\/\/www.diarioimagen.net\/wp-content\/uploads\/2026\/03\/BAENA-3-ok-6-237x132.jpg 237w, https:\/\/www.diarioimagen.net\/wp-content\/uploads\/2026\/03\/BAENA-3-ok-6.jpg 1500w\" sizes=\"auto, (max-width: 460px) 100vw, 460px\" \/><p id=\"caption-attachment-710713\" class=\"wp-caption-text\">Durante las marchas del #8M, mujeres solicitaron el desafuero de Isaac Hern\u00e1ndez y que se revisen las resoluciones de los jueces familiares que solapan a deudores alimentarios.<\/p><\/div>\n<p>Ecatepec, M\u00e9x.-\u00a0 Durante la marcha del #8M, integrantes de colectivos feministas, acusaron al diputado local del Partido del Trabajo (PT) Isaac Josu\u00e9 Hern\u00e1ndez M\u00e9ndez, por ser deudor alimentario desde hace ocho a\u00f1os, ejercer violencia vicaria para quedarse con la custodia de dos hijos, y amenazas a su ex pareja, adem\u00e1s de comprar jueces familiares, por lo que exigieron su desafuero.<\/p>\n<p>&nbsp;<\/p>\n<p>En el contingente particip\u00f3 Fernanda de la Rosa, quien denunci\u00f3 que desde hace ocho a\u00f1os, el diputado local Isaac Josu\u00e9 Hern\u00e1ndez M\u00e9ndez, quien es su ex pareja, no le otorga la pensi\u00f3n alimenticia para sus dos hijos.<\/p>\n<p>&nbsp;<\/p>\n<p>Adem\u00e1s de que utiliza su cargo pol\u00edtico para entorpecer el proceso en los juzgados familiares con influyentismo hacia los jueces y evitar resoluciones sobre la pensi\u00f3n alimenticia.<\/p>\n<p>&nbsp;<\/p>\n<p>La ex pareja del diputado petista acus\u00f3 que es v\u00edctima de violencia vicaria pues el legislador ha puesto en su contra a una de sus hijas y busca quedarse con la custodia de los dos hijos en com\u00fan, por lo que incluso la ha amenazado de muerte para que retire las demandas.<\/p>\n<p>&nbsp;<\/p>\n<p>\u201cEl ni\u00f1o menor est\u00e1 conmigo, pero al diputado le han dado todas las facilidades, el mismo sistema que utiliz\u00f3 para llevarse a mi hija, quiere hacer lo mismo con el m\u00e1s peque\u00f1o, lo denuncio, no le hacen nada por ser diputado del PT y dice que tiene comprados a los jueces; Isaac Hern\u00e1ndez M\u00e9ndez eres un deudor alimentario y no das lo que por derecho corresponde a tus hijos\u201d, se\u00f1al\u00f3.<\/p>\n<p>&nbsp;<\/p>\n<p>Durante las marchas del #8M, las mujeres solicitaron el desafuero de Isaac Hern\u00e1ndez y que se revisen las resoluciones de los jueces familiares que solapan a deudores alimentarios y violentadores.<\/p>\n<p>&nbsp;<\/p>\n<p>\u201cA trav\u00e9s de mi abogada hemos recibido amenazas de que dejemos esto en paz, incluso me ha dicho que va a ganar por qu\u00e9 tiene comprados a los jueces de Ecatepec, y ello se ha visto muy evidente porque todas las determinaciones que han dado los jueces siempre han sido a favor del se\u00f1or, tan es as\u00ed que mi hija se encuentra actualmente con \u00e9l\u201d, explic\u00f3.<\/p>\n<p>&nbsp;<\/p>\n<p>&nbsp;<\/p>\n<p>&nbsp;<\/p>\n<p>&nbsp;<\/p>\n<p>&nbsp;<\/p>\n","protected":false},"excerpt":{"rendered":"<p>Deudor alimentario desde hace 8 a\u00f1os \u00a0 Ecatepec, M\u00e9x.-\u00a0 Durante la marcha del #8M, integrantes de colectivos feministas, acusaron al diputado local del Partido del Trabajo (PT) Isaac Josu\u00e9 Hern\u00e1ndez M\u00e9ndez, por ser deudor alimentario desde hace ocho a\u00f1os, ejercer violencia vicaria para quedarse con la custodia de dos hijos, y amenazas a su ex [&hellip;]<\/p>\n","protected":false},"author":14,"featured_media":710713,"comment_status":"open","ping_status":"open","sticky":false,"template":"","format":"standard","meta":{"_monsterinsights_skip_tracking":false,"_monsterinsights_sitenote_active":false,"_monsterinsights_sitenote_note":"","_monsterinsights_sitenote_category":0,"footnotes":""},"categories":[5],"tags":[],"class_list":["post-710712","post","type-post","status-publish","format-standard","has-post-thumbnail","hentry","category-estado-de-mexico"],"_links":{"self":[{"href":"https:\/\/www.diarioimagen.net\/index.php?rest_route=\/wp\/v2\/posts\/710712","targetHints":{"allow":["GET"]}}],"collection":[{"href":"https:\/\/www.diarioimagen.net\/index.php?rest_route=\/wp\/v2\/posts"}],"about":[{"href":"https:\/\/www.diarioimagen.net\/index.php?rest_route=\/wp\/v2\/types\/post"}],"author":[{"embeddable":true,"href":"https:\/\/www.diarioimagen.net\/index.php?rest_route=\/wp\/v2\/users\/14"}],"replies":[{"embeddable":true,"href":"https:\/\/www.diarioimagen.net\/index.php?rest_route=%2Fwp%2Fv2%2Fcomments&post=710712"}],"version-history":[{"count":1,"href":"https:\/\/www.diarioimagen.net\/index.php?rest_route=\/wp\/v2\/posts\/710712\/revisions"}],"predecessor-version":[{"id":710714,"href":"https:\/\/www.diarioimagen.net\/index.php?rest_route=\/wp\/v2\/posts\/710712\/revisions\/710714"}],"wp:featuredmedia":[{"embeddable":true,"href":"https:\/\/www.diarioimagen.net\/index.php?rest_route=\/wp\/v2\/media\/710713"}],"wp:attachment":[{"href":"https:\/\/www.diarioimagen.net\/index.php?rest_route=%2Fwp%2Fv2%2Fmedia&parent=710712"}],"wp:term":[{"taxonomy":"category","embeddable":true,"href":"https:\/\/www.diarioimagen.net\/index.php?rest_route=%2Fwp%2Fv2%2Fcategories&post=710712"},{"taxonomy":"post_tag","embeddable":true,"href":"https:\/\/www.diarioimagen.net\/index.php?rest_route=%2Fwp%2Fv2%2Ftags&post=710712"}],"curies":[{"name":"wp","href":"https:\/\/api.w.org\/{rel}","templated":true}]}}