{"id":710715,"date":"2026-03-09T20:07:07","date_gmt":"2026-03-10T02:07:07","guid":{"rendered":"https:\/\/www.diarioimagen.net\/?p=710715"},"modified":"2026-03-09T20:07:07","modified_gmt":"2026-03-10T02:07:07","slug":"el-pan-va-a-recuperar-cuautitlan-izcalli-anuar-azar","status":"publish","type":"post","link":"https:\/\/www.diarioimagen.net\/?p=710715","title":{"rendered":"El PAN va a recuperar Cuautitl\u00e1n Izcalli: Anuar Azar"},"content":{"rendered":"<p><img loading=\"lazy\" decoding=\"async\" class=\"alignnone wp-image-710716 size-large\" src=\"https:\/\/www.diarioimagen.net\/wp-content\/uploads\/2026\/03\/BAENA-4-ok-6-368x270.jpg\" alt=\"\" width=\"368\" height=\"270\" srcset=\"https:\/\/www.diarioimagen.net\/wp-content\/uploads\/2026\/03\/BAENA-4-ok-6-368x270.jpg 368w, https:\/\/www.diarioimagen.net\/wp-content\/uploads\/2026\/03\/BAENA-4-ok-6-240x176.jpg 240w, https:\/\/www.diarioimagen.net\/wp-content\/uploads\/2026\/03\/BAENA-4-ok-6-768x563.jpg 768w, https:\/\/www.diarioimagen.net\/wp-content\/uploads\/2026\/03\/BAENA-4-ok-6-1536x1126.jpg 1536w, https:\/\/www.diarioimagen.net\/wp-content\/uploads\/2026\/03\/BAENA-4-ok-6-2048x1502.jpg 2048w, https:\/\/www.diarioimagen.net\/wp-content\/uploads\/2026\/03\/BAENA-4-ok-6-90x65.jpg 90w\" sizes=\"auto, (max-width: 368px) 100vw, 368px\" \/><\/p>\n<p>&nbsp;<\/p>\n<p>&nbsp;<\/p>\n<p>Valle de M\u00e9xico.- Vamos a recuperar Cuautitl\u00e1n Izcalli. Las familias nos lo piden y exigen un gobierno de resultados ante los malos gobiernos de Morena,\u00a0afirm\u00f3 Anuar Azar, dirigente del PAN en el Edomex, luego de asegurar que Izcalli es una prioridad para el Comit\u00e9 Ejecutivo Nacional y Estatal. La indicaci\u00f3n es clara: el PAN tiene que estar en las calles, cerca de la gente, escuchando a las y los vecinos y abanderando sus causas\u00bb, dijo. Puntualiz\u00f3 que \u00abfue un gusto recorrer el municipio y sentir el gran cari\u00f1o que muchas personas le tienen a Acci\u00f3n Nacional, fruto de los buenos gobiernos y del trabajo que se ha hecho durante a\u00f1os\u00bb.<\/p>\n","protected":false},"excerpt":{"rendered":"<p>&nbsp; &nbsp; Valle de M\u00e9xico.- Vamos a recuperar Cuautitl\u00e1n Izcalli. Las familias nos lo piden y exigen un gobierno de resultados ante los malos gobiernos de Morena,\u00a0afirm\u00f3 Anuar Azar, dirigente del PAN en el Edomex, luego de asegurar que Izcalli es una prioridad para el Comit\u00e9 Ejecutivo Nacional y Estatal. La indicaci\u00f3n es clara: el [&hellip;]<\/p>\n","protected":false},"author":14,"featured_media":710716,"comment_status":"open","ping_status":"open","sticky":false,"template":"","format":"standard","meta":{"_monsterinsights_skip_tracking":false,"_monsterinsights_sitenote_active":false,"_monsterinsights_sitenote_note":"","_monsterinsights_sitenote_category":0,"footnotes":""},"categories":[5],"tags":[],"class_list":["post-710715","post","type-post","status-publish","format-standard","has-post-thumbnail","hentry","category-estado-de-mexico"],"_links":{"self":[{"href":"https:\/\/www.diarioimagen.net\/index.php?rest_route=\/wp\/v2\/posts\/710715","targetHints":{"allow":["GET"]}}],"collection":[{"href":"https:\/\/www.diarioimagen.net\/index.php?rest_route=\/wp\/v2\/posts"}],"about":[{"href":"https:\/\/www.diarioimagen.net\/index.php?rest_route=\/wp\/v2\/types\/post"}],"author":[{"embeddable":true,"href":"https:\/\/www.diarioimagen.net\/index.php?rest_route=\/wp\/v2\/users\/14"}],"replies":[{"embeddable":true,"href":"https:\/\/www.diarioimagen.net\/index.php?rest_route=%2Fwp%2Fv2%2Fcomments&post=710715"}],"version-history":[{"count":1,"href":"https:\/\/www.diarioimagen.net\/index.php?rest_route=\/wp\/v2\/posts\/710715\/revisions"}],"predecessor-version":[{"id":710717,"href":"https:\/\/www.diarioimagen.net\/index.php?rest_route=\/wp\/v2\/posts\/710715\/revisions\/710717"}],"wp:featuredmedia":[{"embeddable":true,"href":"https:\/\/www.diarioimagen.net\/index.php?rest_route=\/wp\/v2\/media\/710716"}],"wp:attachment":[{"href":"https:\/\/www.diarioimagen.net\/index.php?rest_route=%2Fwp%2Fv2%2Fmedia&parent=710715"}],"wp:term":[{"taxonomy":"category","embeddable":true,"href":"https:\/\/www.diarioimagen.net\/index.php?rest_route=%2Fwp%2Fv2%2Fcategories&post=710715"},{"taxonomy":"post_tag","embeddable":true,"href":"https:\/\/www.diarioimagen.net\/index.php?rest_route=%2Fwp%2Fv2%2Ftags&post=710715"}],"curies":[{"name":"wp","href":"https:\/\/api.w.org\/{rel}","templated":true}]}}