{"id":710718,"date":"2026-03-09T20:08:47","date_gmt":"2026-03-10T02:08:47","guid":{"rendered":"https:\/\/www.diarioimagen.net\/?p=710718"},"modified":"2026-03-09T20:08:48","modified_gmt":"2026-03-10T02:08:48","slug":"cdmx-firma-convenio-con-sonora-para-la-conservacion-y-gestion-de-bosques-urbanos","status":"publish","type":"post","link":"https:\/\/www.diarioimagen.net\/?p=710718","title":{"rendered":"CDMX firma convenio con  Sonora para la conservaci\u00f3n  y gesti\u00f3n de bosques urbanos\u00a0"},"content":{"rendered":"<p>&nbsp;<\/p>\n<ul>\n<li><strong>Fortalecen intercambio de experiencias<\/strong><\/li>\n<li><strong>Alfonso Durazo reconoci\u00f3 el modelo de gesti\u00f3n del pulm\u00f3n verde de la capital <\/strong><\/li>\n<\/ul>\n<p>&nbsp;<\/p>\n<div id=\"attachment_710719\" style=\"width: 415px\" class=\"wp-caption alignnone\"><img loading=\"lazy\" decoding=\"async\" aria-describedby=\"caption-attachment-710719\" class=\"wp-image-710719 size-large\" src=\"https:\/\/www.diarioimagen.net\/wp-content\/uploads\/2026\/03\/BRUGADA-ok-4-405x270.jpg\" alt=\"\" width=\"405\" height=\"270\" srcset=\"https:\/\/www.diarioimagen.net\/wp-content\/uploads\/2026\/03\/BRUGADA-ok-4-405x270.jpg 405w, https:\/\/www.diarioimagen.net\/wp-content\/uploads\/2026\/03\/BRUGADA-ok-4-240x160.jpg 240w, https:\/\/www.diarioimagen.net\/wp-content\/uploads\/2026\/03\/BRUGADA-ok-4-768x511.jpg 768w, https:\/\/www.diarioimagen.net\/wp-content\/uploads\/2026\/03\/BRUGADA-ok-4.jpg 1500w\" sizes=\"auto, (max-width: 405px) 100vw, 405px\" \/><p id=\"caption-attachment-710719\" class=\"wp-caption-text\">Clara Brugada Molina firm\u00f3 un convenio con el gobierno de Sonora, encabezado por Alfonso Durazo, para fortalecer el intercambio de experiencias, conocimientos t\u00e9cnicos y estrategias de gesti\u00f3n ambiental para la conservaci\u00f3n, restauraci\u00f3n y manejo de bosques urbanos.<\/p><\/div>\n<p>&nbsp;<\/p>\n<p>La Jefa de Gobierno de la Ciudad de M\u00e9xico, Clara Brugada Molina, firm\u00f3 un convenio de colaboraci\u00f3n con el gobierno del estado de Sonora, encabezado por Alfonso Durazo, para fortalecer el intercambio de experiencias, conocimientos t\u00e9cnicos y estrategias de gesti\u00f3n ambiental orientadas a la conservaci\u00f3n, restauraci\u00f3n y manejo de bosques urbanos, con \u00e9nfasis en el desarrollo del Bosque La Sauceda y el Bosque de Chapultepec.<\/p>\n<p>Durante el evento, realizado en el Bosque de Chapultepec, la mandataria capitalina destac\u00f3 que este acuerdo permitir\u00e1 consolidar un intercambio permanente entre ambos gobiernos para fortalecer la gesti\u00f3n de los bosques urbanos y avanzar en la construcci\u00f3n de una red nacional de colaboraci\u00f3n que promueva la conservaci\u00f3n de estos espacios estrat\u00e9gicos para el equilibrio ambiental y la calidad de vida de la poblaci\u00f3n.<\/p>\n<p>Brugada Molina explic\u00f3 que el convenio surge del inter\u00e9s del gobierno de Sonora por conocer la experiencia de gesti\u00f3n y conservaci\u00f3n del bosque capitalino para fortalecer el desarrollo del Bosque La Sauceda, un parque urbano de m\u00e1s de 200 hect\u00e1reas ubicado en la ciudad de Hermosillo.<\/p>\n<p>\u201cEs muy importante que lo que nos une al gobernador de Sonora y a su servidora, adem\u00e1s de la visi\u00f3n de pa\u00eds y de ciudades, sea justamente el rescate medioambiental\u201d, expres\u00f3 la titular del Ejecutivo local.<\/p>\n<p>Destac\u00f3, adem\u00e1s, que el Bosque de Chapultepec es uno de los bosques urbanos m\u00e1s grandes e importantes del mundo, con una afluencia de m\u00e1s de 25 millones de visitantes, adem\u00e1s de ser un espacio emblem\u00e1tico por su valor hist\u00f3rico, cultural y ambiental.<\/p>\n<p>Brugada Molina record\u00f3 que durante el gobierno del expresidente Andr\u00e9s Manuel L\u00f3pez Obrador se impuls\u00f3 el proyecto cultural y ambiental m\u00e1s grande realizado en este espacio, con una inversi\u00f3n superior a 10 mil millones de pesos para su recuperaci\u00f3n, ampliaci\u00f3n y transformaci\u00f3n.<\/p>\n<p>Subray\u00f3 que la Ciudad de M\u00e9xico cuenta con cerca de 88 mil hect\u00e1reas de suelo de conservaci\u00f3n, lo que equivale a alrededor del 60 por ciento de su territorio, un patrimonio ambiental que contribuye a asegurar el presente y el futuro de la metr\u00f3poli.<\/p>\n<p>La Jefa de Gobierno resalt\u00f3 la importancia de los bosques como verdaderas \u201cf\u00e1bricas de agua\u201d, al permitir la captaci\u00f3n e infiltraci\u00f3n del recurso h\u00eddrico que abastece a la capital.<\/p>\n<p>Explic\u00f3 que el llamado \u201cBosque de Agua\u201d, conformado por zonas forestales del sur de la ciudad como Ajusco, La Magdalena Contreras, Cuajimalpa, Milpa Alta y Xochimilco, as\u00ed como del Estado de M\u00e9xico y Morelos, aporta alrededor del 70 por ciento del agua que abastece a la capital, por lo que su conservaci\u00f3n resulta fundamental para el futuro de la ciudad.<\/p>\n<p>La mandataria capitalina anunci\u00f3 que, como parte de esta colaboraci\u00f3n, ambos gobiernos impulsar\u00e1n la creaci\u00f3n de una red nacional de parques urbanos, as\u00ed como la realizaci\u00f3n de un encuentro de especialistas y autoridades ambientales en el Bosque La Sauceda, con el objetivo de compartir experiencias y fortalecer la conservaci\u00f3n de estos espacios en todo el pa\u00eds.<\/p>\n<p>Por su parte, el gobernador de Sonora, Alfonso Durazo Monta\u00f1o, asegur\u00f3 que hist\u00f3ricamente el Gobierno de la Ciudad de M\u00e9xico ha sido referente para los gobiernos de la Cuarta Transformaci\u00f3n en materia de administraci\u00f3n p\u00fablica, por lo que solicit\u00f3 la colaboraci\u00f3n de la capital para fortalecer el proyecto del Bosque La Sauceda.<\/p>\n<p>\u201cVemos aqu\u00ed un ejemplo y queremos replicar en el estado de Sonora todo aquello que ha sido extraordinariamente exitoso en el gobierno de la ciudad. \u00bfPara qu\u00e9 inventar o probar si ya hay modelos que aqu\u00ed han dado resultados muy valiosos para la comunidad?\u201d, afirm\u00f3.<\/p>\n<p>Durazo Monta\u00f1o detall\u00f3 que el Bosque La Sauceda, ubicado en el centro de la ciudad de Hermosillo, fue creado hace 40 a\u00f1os y actualmente ha ampliado su extensi\u00f3n a 210 hect\u00e1reas gracias al apoyo de la iniciativa privada. Debido a su tama\u00f1o e importancia, se\u00f1al\u00f3, resulta fundamental replicar modelos de administraci\u00f3n exitosos como el del Bosque de Chapultepec.<\/p>\n<p>En ese sentido, reconoci\u00f3 el modelo de gobernanza del bosque capitalino, en el que destac\u00f3 la participaci\u00f3n conjunta del Gobierno de la ciudad y la suma de esfuerzos del sector privado.<\/p>\n<p>La secretaria de Medio Ambiente de la Ciudad de M\u00e9xico, Julia \u00c1lvarez Icaza, indic\u00f3 que la firma de este convenio permitir\u00e1 que la experiencia t\u00e9cnica, institucional y de gesti\u00f3n acumulada durante m\u00e1s de 24 a\u00f1os en el Bosque de Chapultepec acompa\u00f1e ahora el desarrollo del bosque urbano de La Sauceda en Sonora.<\/p>\n<p>Agreg\u00f3 que la Secretar\u00eda del Medio Ambiente brindar\u00e1 todo el acompa\u00f1amiento t\u00e9cnico necesario para fortalecer este proyecto, en un intercambio que tambi\u00e9n permitir\u00e1 generar nuevas ideas y aprendizajes para la capital del pa\u00eds.<\/p>\n<p>\u00c1lvarez Icaza destac\u00f3 que as\u00ed como Chapultepec puede compartir su experiencia, en poco tiempo La Sauceda generar\u00e1 innovaciones que podr\u00e1n replicarse en la ciudad y en el propio bosque capitalino.<\/p>\n<p>En la firma del convenio tambi\u00e9n estuvieron presentes la directora ejecutiva del Bosque de Chapultepec, Natasha V\u00e1zquez; el director del Bosque La Sauceda, Jes\u00fas Antonio Madrid; la integrante del Fideicomiso Pro Bosque de Chapultepec, Marinela Servitje; Miriam Gast\u00e9lum, directora de Fundaci\u00f3n Coppel; y Ernesto Zatarain, coordinador de Ecolog\u00eda y Desarrollo Sustentable de Sonora.<\/p>\n<p>&nbsp;<\/p>\n<p><strong>\u00a0<\/strong><\/p>\n<p>&nbsp;<\/p>\n<p>&nbsp;<\/p>\n","protected":false},"excerpt":{"rendered":"<p>&nbsp; Fortalecen intercambio de experiencias Alfonso Durazo reconoci\u00f3 el modelo de gesti\u00f3n del pulm\u00f3n verde de la capital &nbsp; &nbsp; La Jefa de Gobierno de la Ciudad de M\u00e9xico, Clara Brugada Molina, firm\u00f3 un convenio de colaboraci\u00f3n con el gobierno del estado de Sonora, encabezado por Alfonso Durazo, para fortalecer el intercambio de experiencias, conocimientos [&hellip;]<\/p>\n","protected":false},"author":14,"featured_media":710719,"comment_status":"open","ping_status":"open","sticky":false,"template":"","format":"standard","meta":{"_monsterinsights_skip_tracking":false,"_monsterinsights_sitenote_active":false,"_monsterinsights_sitenote_note":"","_monsterinsights_sitenote_category":0,"footnotes":""},"categories":[6],"tags":[],"class_list":["post-710718","post","type-post","status-publish","format-standard","has-post-thumbnail","hentry","category-cd-de-mexico"],"_links":{"self":[{"href":"https:\/\/www.diarioimagen.net\/index.php?rest_route=\/wp\/v2\/posts\/710718","targetHints":{"allow":["GET"]}}],"collection":[{"href":"https:\/\/www.diarioimagen.net\/index.php?rest_route=\/wp\/v2\/posts"}],"about":[{"href":"https:\/\/www.diarioimagen.net\/index.php?rest_route=\/wp\/v2\/types\/post"}],"author":[{"embeddable":true,"href":"https:\/\/www.diarioimagen.net\/index.php?rest_route=\/wp\/v2\/users\/14"}],"replies":[{"embeddable":true,"href":"https:\/\/www.diarioimagen.net\/index.php?rest_route=%2Fwp%2Fv2%2Fcomments&post=710718"}],"version-history":[{"count":1,"href":"https:\/\/www.diarioimagen.net\/index.php?rest_route=\/wp\/v2\/posts\/710718\/revisions"}],"predecessor-version":[{"id":710720,"href":"https:\/\/www.diarioimagen.net\/index.php?rest_route=\/wp\/v2\/posts\/710718\/revisions\/710720"}],"wp:featuredmedia":[{"embeddable":true,"href":"https:\/\/www.diarioimagen.net\/index.php?rest_route=\/wp\/v2\/media\/710719"}],"wp:attachment":[{"href":"https:\/\/www.diarioimagen.net\/index.php?rest_route=%2Fwp%2Fv2%2Fmedia&parent=710718"}],"wp:term":[{"taxonomy":"category","embeddable":true,"href":"https:\/\/www.diarioimagen.net\/index.php?rest_route=%2Fwp%2Fv2%2Fcategories&post=710718"},{"taxonomy":"post_tag","embeddable":true,"href":"https:\/\/www.diarioimagen.net\/index.php?rest_route=%2Fwp%2Fv2%2Ftags&post=710718"}],"curies":[{"name":"wp","href":"https:\/\/api.w.org\/{rel}","templated":true}]}}