{"id":710724,"date":"2026-03-09T20:51:46","date_gmt":"2026-03-10T02:51:46","guid":{"rendered":"https:\/\/www.diarioimagen.net\/?p=710724"},"modified":"2026-03-09T20:51:46","modified_gmt":"2026-03-10T02:51:46","slug":"crecio-la-inflacion-pero-no-refleja-el-aumento-del-costo-de-la-vida","status":"publish","type":"post","link":"https:\/\/www.diarioimagen.net\/?p=710724","title":{"rendered":"Creci\u00f3 la inflaci\u00f3n, pero no refleja  el aumento del costo de la vida"},"content":{"rendered":"<p><strong>CLASE POLITICA\u00a0 <\/strong>Miguel \u00c1ngel Rivera<\/p>\n<p><strong>\u00a0<\/strong><\/p>\n<p>&nbsp;<\/p>\n<p>&nbsp;<\/p>\n<p>En febrero, por segundo mes consecutivo, aument\u00f3 la inflaci\u00f3n en M\u00e9xico. El Instituto Nacional de Geograf\u00eda y Estad\u00edstica (Inegi) revel\u00f3 que el mes pasado la inflaci\u00f3n anual fue de 4.02 % en febrero de 2026.<\/p>\n<p>En el mes referido, el \u00cdndice Nacional de Precios al Consumidor (INPC) present\u00f3 un nivel de 144.307, lo que representa un aumento de 0.50 por ciento respecto al mes anterior. En el mismo mes de 2025, la inflaci\u00f3n mensual fue de 0.28 por ciento y la anual, de 3.77 por ciento.<\/p>\n<p>En el mes pasado, los productos gen\u00e9ricos cuyas variaciones de precios, al alza y a la baja, destacaron por su incidencia sobre la inflaci\u00f3n general fueron: jitomate, papa y otros tub\u00e9rculos, as\u00ed como loncher\u00edas, fondas, torter\u00edas y taquer\u00edas. En contraste, el gas dom\u00e9stico LP, el huevo y el pollo disminuyeron sus precios.<\/p>\n<p>Los especialistas del Inegi se\u00f1alan que el \u00edndice de precios subyacente, que excluye bienes y servicios con precios m\u00e1s vol\u00e1tiles, o que no responden a condiciones de mercado, increment\u00f3 0.46\u2009% a tasa mensual. A\u2009su\u2009interior, los precios de las mercanc\u00edas subieron 0.39\u2009% y los de servicios, 0.52 por ciento.<\/p>\n<p>A tasa mensual, el \u00edndice de precios no subyacente creci\u00f3 0.64 por ciento. Dentro de este, los precios de frutas y verduras ascendieron 4.94\u2009% y los de energ\u00e9ticos y tarifas autorizadas por el gobierno, 0.02\u2009%.<\/p>\n<p>El \u00edndice de precios subyacente,\u00a0que excluye bienes y servicios con precios m\u00e1s vol\u00e1tiles, o que no responden a condiciones de mercado,\u00a0increment\u00f3 0.46\u2009% a tasa mensual. A\u2009su\u2009interior, los precios de las mercanc\u00edas subieron 0.39\u2009% y los de servicios, 0.52 por ciento.<\/p>\n<p>En detalle, los productos y servicios que m\u00e1s subieron de precio en febrero de 2026 y con ello impactaron en la inflaci\u00f3n fueron: lim\u00f3n, con un incremento del 25.97%; jitomate, 22.51%; papa y otros tub\u00e9rculos, 20.86%; tomate verde, 18.89% y pl\u00e1tano, 10.79%.<\/p>\n<p>Por el contrario, los productos que bajaron de precio en febrero fueron: cebolla, con una reducci\u00f3n del 8.40%; chile serrano, 6.76; calabacita, 4.70%; huevo, 2.63%; gas dom\u00e9stico LP, 1.84% y frijol, 1.81%.<\/p>\n<p>Estos datos confirman las estimaciones de los expertos nacionales y extranjeros que pronosticaron que la inflaci\u00f3n en M\u00e9xico estar\u00eda entre el 3.6% y el 4.2% anual.<\/p>\n<p>Estas cifras se interpretan como una estabilizaci\u00f3n gradual de la inflaci\u00f3n al mantenerse cerca del l\u00edmite superior del objetivo del Banco de M\u00e9xico (3% +\/- 1 punto porcentual).<\/p>\n<p>Adem\u00e1s, estimaciones del sector privado apuntan a una inflaci\u00f3n general al cierre de 2026 cercana al 3.98%-4.0%.<\/p>\n<p>Analistas de Banamex\/Actinver estiman que la inflaci\u00f3n se mantendr\u00e1 presionada alrededor del 4.2% a finales de 2026, con riesgos asociados a la paridad cambiaria.<\/p>\n<p>En cuanto a organismos internacionales, la\u00a0Organizaci\u00f3n para la Cooperaci\u00f3n y el Desarrollo Econ\u00f3mico\u00a0(OECD) proyecta una inflaci\u00f3n ligeramente m\u00e1s baja, situ\u00e1ndola alrededor del 3.6% para 2026.<\/p>\n<p>Los analistas advierten acerca de los efectos de la inseguridad en materia de pol\u00edtica de comercio exterior y la paridad del peso como riesgos que podr\u00edan mantener la inflaci\u00f3n elevada.<\/p>\n<p>En resumen, aunque se espera una inflaci\u00f3n m\u00e1s controlada que en a\u00f1os anteriores, los expertos se\u00f1alan que no llegar\u00e1 inmediatamente a la meta ideal del 3 por ciento.<\/p>\n<p>Es de precisar que los \u00edndices como el de Precios al Consumidor (IPC), miden la variaci\u00f3n de precios de una \u201ccanasta b\u00e1sica\u201d de bienes y servicios, pero a menudo no reflejan el aumento real en el costo de vida experimentado por los hogares.<\/p>\n<p>Esto significa que varios factores cr\u00edticos que encarecen la vida quedan fuera de las estimaciones oficiales. Por ejemplo, el IPC no incluye impuestos sobre la renta, seguridad social ni impuestos directos que reducen la capacidad de pago de las familias.<\/p>\n<p>Fuera de los \u00edndices oficiales quedan fuera asuntos importantes como los aumentos dram\u00e1ticos en seguros de salud, colegiaturas, guarder\u00edas y costos de atenci\u00f3n m\u00e9dica, elementos que representan una porci\u00f3n creciente del gasto familiar.<\/p>\n<p>Las comisiones bancarias, tasas de inter\u00e9s de tarjetas de cr\u00e9dito y costos administrativos de servicios financieros rara vez tienen un peso adecuado en la canasta de inflaci\u00f3n.<\/p>\n<p>Por otra parte, es de considerar que una encuesta informal entre madres y padres jefes de familia confirma que el aumento del costo de la vida es mayor a lo expuesto en las cifras oficiales.<\/p>\n<p>&nbsp;<\/p>\n<p>&nbsp;<\/p>\n<p><strong>Avanza el proceso legislativo para acabar con las pensiones millonarias<\/strong><\/p>\n<p><strong>\u00a0<\/strong><\/p>\n<p>&nbsp;<\/p>\n<p><strong>\u00a0\u00a0\u00a0\u00a0\u00a0\u00a0\u00a0 \u00a0<\/strong>Con la posible limitante de que las leyes no se pueden aplicar en forma retroactiva, avanza en el Senado la iniciativa presidencial para erradicar las pensiones millonarias.<\/p>\n<p>Al respecto, la presidenta del Senado, Laura Itzel Castillo Ju\u00e1rez, inform\u00f3 que esta semana se prev\u00e9 discutir la iniciativa de reforma al art\u00edculo 127 de la Constituci\u00f3n Pol\u00edtica de los Estados Unidos Mexicanos, para poner l\u00edmite a las jubilaciones y pensiones de los funcionarios p\u00fablicos.<\/p>\n<p>En un mensaje en redes sociales, la senadora detall\u00f3 que con la iniciativa remitida por la titular del Ejecutivo federal el 3 de marzo, se pondr\u00e1 fin a las llamadas \u201cpensiones doradas\u201d, pues los funcionarios y ex funcionarios no podr\u00e1n recibir m\u00e1s del 50 por ciento de lo que gana la Presidenta de la Rep\u00fablica.<\/p>\n<p>De acuerdo con un comunicado de esa c\u00e1mara, la presidenta Castillo Ju\u00e1rez record\u00f3 que senadoras y senadores tambi\u00e9n estar\u00e1n muy pendientes de la discusi\u00f3n que se lleve a cabo en la C\u00e1mara de Diputados, en torno a la reforma pol\u00edtico-electoral que la presidenta Claudia Sheinbaum Pardo remiti\u00f3 la semana pasada al Congreso de la Uni\u00f3n.<\/p>\n<p>La legisladora indic\u00f3 que otro importante tema en la agenda de la semana del 9 al 13 de marzo en la C\u00e1mara de Senadores, ser\u00e1 la rendici\u00f3n del Informe Anual de la Fiscal\u00eda General de la Rep\u00fablica.<\/p>\n<p>En esta materia, tambi\u00e9n est\u00e1 por definir si ese informe se presenta de manera reservada, s\u00f3lo ante comisiones, o si la titular de ese organismo, Ernestina Godoy Ramos, acepta presentarse ante el pleno, pues seguramente habr\u00e1 pol\u00e9micas y reclamos, como los casos del l\u00edder de \u201cLa Barredora\u201d, Hern\u00e1n Berm\u00fadez Requena, o el huachicol, pues no se ha llegado a los verdaderos jefes que, se presume, ocupan altos cargos pol\u00edticos.<\/p>\n<p>Castillo Ju\u00e1rez coment\u00f3 tambi\u00e9n que, as\u00ed como en otras sesiones del Pleno, senadoras y senadores seguir\u00e1n discutiendo y aprobando dict\u00e1menes de consenso, se abrir\u00e1 el espacio para que una persona hablante en lengua ind\u00edgena comparta a la asamblea sus propuestas, experiencias y el significado de su cultura.<\/p>\n<p>Por su parte, el coordinador de la mayor\u00eda oficialista en la misma c\u00e1mara de Senadores, el poblano Ignacio Mier Velazco, asegur\u00f3 que la reforma electoral honra la palabra de la presidenta Claudia Sheinbaum Pardo, porque fue uno de los 100 compromisos que hizo con el Movimiento de Transformaci\u00f3n.<\/p>\n<p>\u201cLa Presidenta de M\u00e9xico adem\u00e1s es leal a sus principios, que son los principios de Morena\u201d, coment\u00f3 en entrevista previa al asistir este s\u00e1bado al VII Consejo Nacional de Morena, en la Ciudad de M\u00e9xico.<\/p>\n<p>Al responder preguntas sobre el uso de recursos il\u00edcitos en las campa\u00f1as, el senador Ignacio Mier record\u00f3 que constitucionalmente la fiscalizaci\u00f3n de recursos le corresponde al Instituto Nacional Electoral.<\/p>\n<p>\u201cLo que debe hacer el instituto es profundizar la coordinaci\u00f3n con la Unidad de Inteligencia Financiera, con la Comisi\u00f3n Nacional Bancaria y de Valores y conforme lo que establece la ley fijar criterios para evitar que haya recursos il\u00edcitos en las campa\u00f1as\u201d, explic\u00f3.<\/p>\n<p>Es de recordar que existe otra iniciativa de reforma electoral, presentada por MC, en la cual se propone que en caso de descubrirse financiamiento ilegal a las campa\u00f1as pol\u00edticas, las elecciones deben anularse.<\/p>\n<p>En cuanto a la resistencia de sus partidos sat\u00e9lites, PT y PVEM que se oponen a reducir el financiamiento p\u00fablico a los partidos y la eliminaci\u00f3n de senadores plurinominales el presidente de la Jucopo, respondi\u00f3 que en pol\u00edtica siempre hay posibilidades.<\/p>\n<p>\u201cNosotros confiamos en la sapiencia y habilidad del coordinador de los diputados, Ricardo Monreal, que es un buen pol\u00edtico\u201d, concluy\u00f3 el legislador que sustituy\u00f3 al tabasque\u00f1o Ad\u00e1n Augusto L\u00f3pez Hern\u00e1ndez, separado del cargo oficialmente para dedicarse a actividades partidistas, pero que es acusado de, por lo menos, encubrir informaci\u00f3n del organismo criminal \u201cLa Barredora\u201d.<\/p>\n<p>&nbsp;<\/p>\n<p>&nbsp;<\/p>\n","protected":false},"excerpt":{"rendered":"<p>CLASE POLITICA\u00a0 Miguel \u00c1ngel Rivera \u00a0 &nbsp; &nbsp; En febrero, por segundo mes consecutivo, aument\u00f3 la inflaci\u00f3n en M\u00e9xico. El Instituto Nacional de Geograf\u00eda y Estad\u00edstica (Inegi) revel\u00f3 que el mes pasado la inflaci\u00f3n anual fue de 4.02 % en febrero de 2026. En el mes referido, el \u00cdndice Nacional de Precios al Consumidor (INPC) [&hellip;]<\/p>\n","protected":false},"author":14,"featured_media":0,"comment_status":"open","ping_status":"open","sticky":false,"template":"","format":"standard","meta":{"_monsterinsights_skip_tracking":false,"_monsterinsights_sitenote_active":false,"_monsterinsights_sitenote_note":"","_monsterinsights_sitenote_category":0,"footnotes":""},"categories":[84119,4],"tags":[],"class_list":["post-710724","post","type-post","status-publish","format-standard","hentry","category-miguel-angel-rivera","category-opinion"],"_links":{"self":[{"href":"https:\/\/www.diarioimagen.net\/index.php?rest_route=\/wp\/v2\/posts\/710724","targetHints":{"allow":["GET"]}}],"collection":[{"href":"https:\/\/www.diarioimagen.net\/index.php?rest_route=\/wp\/v2\/posts"}],"about":[{"href":"https:\/\/www.diarioimagen.net\/index.php?rest_route=\/wp\/v2\/types\/post"}],"author":[{"embeddable":true,"href":"https:\/\/www.diarioimagen.net\/index.php?rest_route=\/wp\/v2\/users\/14"}],"replies":[{"embeddable":true,"href":"https:\/\/www.diarioimagen.net\/index.php?rest_route=%2Fwp%2Fv2%2Fcomments&post=710724"}],"version-history":[{"count":1,"href":"https:\/\/www.diarioimagen.net\/index.php?rest_route=\/wp\/v2\/posts\/710724\/revisions"}],"predecessor-version":[{"id":710725,"href":"https:\/\/www.diarioimagen.net\/index.php?rest_route=\/wp\/v2\/posts\/710724\/revisions\/710725"}],"wp:attachment":[{"href":"https:\/\/www.diarioimagen.net\/index.php?rest_route=%2Fwp%2Fv2%2Fmedia&parent=710724"}],"wp:term":[{"taxonomy":"category","embeddable":true,"href":"https:\/\/www.diarioimagen.net\/index.php?rest_route=%2Fwp%2Fv2%2Fcategories&post=710724"},{"taxonomy":"post_tag","embeddable":true,"href":"https:\/\/www.diarioimagen.net\/index.php?rest_route=%2Fwp%2Fv2%2Ftags&post=710724"}],"curies":[{"name":"wp","href":"https:\/\/api.w.org\/{rel}","templated":true}]}}