{"id":710726,"date":"2026-03-09T21:01:53","date_gmt":"2026-03-10T03:01:53","guid":{"rendered":"https:\/\/www.diarioimagen.net\/?p=710726"},"modified":"2026-03-09T21:01:53","modified_gmt":"2026-03-10T03:01:53","slug":"el-gobierno-de-mexico-convoca-al-premio-nacional-de-artes-y-literatura-2026","status":"publish","type":"post","link":"https:\/\/www.diarioimagen.net\/?p=710726","title":{"rendered":"EL GOBIERNO DE M\u00c9XICO CONVOCA AL PREMIO NACIONAL DE ARTES Y LITERATURA 2026"},"content":{"rendered":"<ul>\n<li><strong>El reconocimiento distingue trayectorias que han enriquecido el patrimonio cultural, art\u00edstico y human\u00edstico del pa\u00eds<\/strong><\/li>\n<li><strong>Se otorgar\u00e1 un premio en cada uno de los cuatro campos: Ling\u00fc\u00edstica y Literatura; Bellas Artes; Historia, Ciencias Sociales y Filosof\u00eda, y Artes y Tradiciones Populares<\/strong><\/li>\n<\/ul>\n<div id=\"attachment_710727\" style=\"width: 415px\" class=\"wp-caption alignnone\"><img loading=\"lazy\" decoding=\"async\" aria-describedby=\"caption-attachment-710727\" class=\"wp-image-710727 size-large\" src=\"https:\/\/www.diarioimagen.net\/wp-content\/uploads\/2026\/03\/CULTURA-01-1-405x270.jpeg\" alt=\"\" width=\"405\" height=\"270\" srcset=\"https:\/\/www.diarioimagen.net\/wp-content\/uploads\/2026\/03\/CULTURA-01-1-405x270.jpeg 405w, https:\/\/www.diarioimagen.net\/wp-content\/uploads\/2026\/03\/CULTURA-01-1-240x160.jpeg 240w, https:\/\/www.diarioimagen.net\/wp-content\/uploads\/2026\/03\/CULTURA-01-1-768x512.jpeg 768w, https:\/\/www.diarioimagen.net\/wp-content\/uploads\/2026\/03\/CULTURA-01-1-1536x1023.jpeg 1536w, https:\/\/www.diarioimagen.net\/wp-content\/uploads\/2026\/03\/CULTURA-01-1-2048x1364.jpeg 2048w\" sizes=\"auto, (max-width: 405px) 100vw, 405px\" \/><p id=\"caption-attachment-710727\" class=\"wp-caption-text\">EL GOBIERNO DE M\u00c9XICO CONVOCA AL PREMIO NACIONAL DE ARTES Y LITERATURA 2026<\/p><\/div>\n<p>El Gobierno de M\u00e9xico, a trav\u00e9s de la Secretar\u00eda de Cultura y por conducto del Consejo de Premiaci\u00f3n del Premio Nacional de Artes y Literatura (PNAL), convoca a instituciones y agrupaciones facultadas para presentar candidaturas al PNAL 2026, uno de los m\u00e1ximos reconocimientos que otorga el Estado mexicano a quienes, a trav\u00e9s de su trayectoria y aportaciones, han contribuido al desarrollo cultural del pa\u00eds.<\/p>\n<p>Con el galard\u00f3n se reconoce p\u00fablicamente la trayectoria, as\u00ed como la trascendencia de obras, investigaciones o labores de divulgaci\u00f3n que hayan enriquecido el acervo cultural de M\u00e9xico, el progreso del arte o de la filosof\u00eda, as\u00ed como las expresiones art\u00edsticas realizadas en beneficio de la humanidad y de la sociedad.<\/p>\n<p>La secretaria de Cultura del Gobierno de M\u00e9xico, Claudia Curiel de Icaza, se\u00f1al\u00f3 que \u00abel Premio Nacional de Artes y Literatura reconoce a quienes han enriquecido el patrimonio cultural de M\u00e9xico desde la creaci\u00f3n, la investigaci\u00f3n y la transmisi\u00f3n de saberes. En \u00e9l conviven las bellas artes, el pensamiento cr\u00edtico y las tradiciones populares que siguen dando vida a nuestra diversidad cultural\u201d.<\/p>\n<p>El Premio se otorga en cuatro campos: Ling\u00fc\u00edstica y Literatura; Bellas Artes; Historia, Ciencias Sociales y Filosof\u00eda, y Artes y Tradiciones Populares, con el objetivo de reconocer la diversidad de aportaciones que fortalecen la vida cultural de la naci\u00f3n.<\/p>\n<p>Se designar\u00e1 una persona ganadora en cada uno de los tres primeros campos de premiaci\u00f3n, mientras que en el de Artes y Tradiciones Populares podr\u00e1 resultar galardonada una persona, un grupo o una comunidad, en reconocimiento al valor de las expresiones culturales que se preservan y transmiten de manera colectiva.<\/p>\n<p>Las candidaturas deber\u00e1n ser presentadas por instituciones y agrupaciones facultadas por el Consejo de Premiaci\u00f3n, quienes integrar\u00e1n los expedientes correspondientes con la documentaci\u00f3n que respalde la trayectoria, las aportaciones y los m\u00e9ritos de las personas o comunidades postuladas.<\/p>\n<p>En cada campo de premiaci\u00f3n, la persona o comunidad galardonada recibir\u00e1 una venera, un diploma y un est\u00edmulo econ\u00f3mico, en el marco de lo establecido por la Ley de Premios, Est\u00edmulos y Recompensas Civiles.<\/p>\n<p>Las personas f\u00edsicas que obtengan el reconocimiento tambi\u00e9n ser\u00e1n distinguidas como Creadores Em\u00e9ritos del Sistema Nacional de Creadores de Arte del Sistema de Apoyos a la Creaci\u00f3n y Proyectos Culturales, dependencia de la Secretar\u00eda de Cultura del Gobierno de M\u00e9xico, en reconocimiento a la trascendencia de su trayectoria y a sus aportaciones al patrimonio cultural nacional.<\/p>\n<p>La fecha l\u00edmite para la recepci\u00f3n de candidaturas es el 30 de junio de 2026. Para m\u00e1s informaci\u00f3n, la convocatoria completa se puede consultar en el sitio web del Sistema Creaci\u00f3n (sistemacreacion.cultura.gob.mx) o comunicarse al tel\u00e9fono 55 4155 0730, extensi\u00f3n 7005, o al correo electr\u00f3nico premionacional@cultura.gob.mx<\/p>\n<p>&nbsp;<\/p>\n","protected":false},"excerpt":{"rendered":"<p>El reconocimiento distingue trayectorias que han enriquecido el patrimonio cultural, art\u00edstico y human\u00edstico del pa\u00eds Se otorgar\u00e1 un premio en cada uno de los cuatro campos: Ling\u00fc\u00edstica y Literatura; Bellas Artes; Historia, Ciencias Sociales y Filosof\u00eda, y Artes y Tradiciones Populares El Gobierno de M\u00e9xico, a trav\u00e9s de la Secretar\u00eda de Cultura y por conducto [&hellip;]<\/p>\n","protected":false},"author":14,"featured_media":710727,"comment_status":"open","ping_status":"open","sticky":false,"template":"","format":"standard","meta":{"_monsterinsights_skip_tracking":false,"_monsterinsights_sitenote_active":false,"_monsterinsights_sitenote_note":"","_monsterinsights_sitenote_category":0,"footnotes":""},"categories":[16,156],"tags":[],"class_list":["post-710726","post","type-post","status-publish","format-standard","has-post-thumbnail","hentry","category-destacadas","category-cultura"],"_links":{"self":[{"href":"https:\/\/www.diarioimagen.net\/index.php?rest_route=\/wp\/v2\/posts\/710726","targetHints":{"allow":["GET"]}}],"collection":[{"href":"https:\/\/www.diarioimagen.net\/index.php?rest_route=\/wp\/v2\/posts"}],"about":[{"href":"https:\/\/www.diarioimagen.net\/index.php?rest_route=\/wp\/v2\/types\/post"}],"author":[{"embeddable":true,"href":"https:\/\/www.diarioimagen.net\/index.php?rest_route=\/wp\/v2\/users\/14"}],"replies":[{"embeddable":true,"href":"https:\/\/www.diarioimagen.net\/index.php?rest_route=%2Fwp%2Fv2%2Fcomments&post=710726"}],"version-history":[{"count":1,"href":"https:\/\/www.diarioimagen.net\/index.php?rest_route=\/wp\/v2\/posts\/710726\/revisions"}],"predecessor-version":[{"id":710728,"href":"https:\/\/www.diarioimagen.net\/index.php?rest_route=\/wp\/v2\/posts\/710726\/revisions\/710728"}],"wp:featuredmedia":[{"embeddable":true,"href":"https:\/\/www.diarioimagen.net\/index.php?rest_route=\/wp\/v2\/media\/710727"}],"wp:attachment":[{"href":"https:\/\/www.diarioimagen.net\/index.php?rest_route=%2Fwp%2Fv2%2Fmedia&parent=710726"}],"wp:term":[{"taxonomy":"category","embeddable":true,"href":"https:\/\/www.diarioimagen.net\/index.php?rest_route=%2Fwp%2Fv2%2Fcategories&post=710726"},{"taxonomy":"post_tag","embeddable":true,"href":"https:\/\/www.diarioimagen.net\/index.php?rest_route=%2Fwp%2Fv2%2Ftags&post=710726"}],"curies":[{"name":"wp","href":"https:\/\/api.w.org\/{rel}","templated":true}]}}