{"id":710729,"date":"2026-03-09T21:05:06","date_gmt":"2026-03-10T03:05:06","guid":{"rendered":"https:\/\/www.diarioimagen.net\/?p=710729"},"modified":"2026-03-09T21:05:06","modified_gmt":"2026-03-10T03:05:06","slug":"gobernadora-delfina-gomez-cumple-y-periferico-norte-va-al-68-de-avance","status":"publish","type":"post","link":"https:\/\/www.diarioimagen.net\/?p=710729","title":{"rendered":"Gobernadora Delfina G\u00f3mez cumple  y Perif\u00e9rico Norte va al 68% de avance"},"content":{"rendered":"<ul>\n<li><strong>Como parte del \u201cA\u00f1o de las Obras en el Edomex\u201d<\/strong><\/li>\n<li><strong>Los 77 kil\u00f3metros reconstruidos cubren los 4 cuerpos de la v\u00eda que va desde lo que era El Toreo hasta la caseta de Tepotzotl\u00e1n<\/strong><\/li>\n<\/ul>\n<div id=\"attachment_710730\" style=\"width: 448px\" class=\"wp-caption alignnone\"><img loading=\"lazy\" decoding=\"async\" aria-describedby=\"caption-attachment-710730\" class=\"wp-image-710730 size-large\" src=\"https:\/\/www.diarioimagen.net\/wp-content\/uploads\/2026\/03\/DELFINA-438x270.jpeg\" alt=\"\" width=\"438\" height=\"270\" srcset=\"https:\/\/www.diarioimagen.net\/wp-content\/uploads\/2026\/03\/DELFINA-438x270.jpeg 438w, https:\/\/www.diarioimagen.net\/wp-content\/uploads\/2026\/03\/DELFINA-240x148.jpeg 240w, https:\/\/www.diarioimagen.net\/wp-content\/uploads\/2026\/03\/DELFINA-768x473.jpeg 768w, https:\/\/www.diarioimagen.net\/wp-content\/uploads\/2026\/03\/DELFINA-1536x946.jpeg 1536w, https:\/\/www.diarioimagen.net\/wp-content\/uploads\/2026\/03\/DELFINA-2048x1261.jpeg 2048w\" sizes=\"auto, (max-width: 438px) 100vw, 438px\" \/><p id=\"caption-attachment-710730\" class=\"wp-caption-text\">El gobierno del Estado de M\u00e9xico alcanz\u00f3 un avance del 68 por ciento en la reconstrucci\u00f3n de Perif\u00e9rico Norte: 77 de los 108 kil\u00f3metros ya fueron intervenidos.<\/p><\/div>\n<p>Toluca, Edomex.- En tan solo dos meses de trabajos ininterrumpidos, el Gobierno del Estado de M\u00e9xico alcanz\u00f3 un avance del 68 por ciento en la reconstrucci\u00f3n de Perif\u00e9rico Norte: 77 de los 108 kil\u00f3metros ya fueron intervenidos. La cifra es la prueba m\u00e1s contundente de que la estrategia de la gobernadora Delfina G\u00f3mez \u00c1lvarez para hacer de \u201c2026, El A\u00f1o de las Obras en Edom\u00e9x\u201d es una realidad que circula sobre el asfalto.<\/p>\n<p>&nbsp;<\/p>\n<p>Los 77 kil\u00f3metros reconstruidos cubren los cuatro cuerpos del Perif\u00e9rico que va desde lo que era el Toreo \u2014colindancia con la alcald\u00eda Miguel Hidalgo, en la Ciudad de M\u00e9xico\u2014 hasta la caseta de Tepotzotl\u00e1n, de acuerdo con Joel Gonz\u00e1lez Toral, director de la Junta de Caminos del Estado de M\u00e9xico.<\/p>\n<p>&nbsp;<\/p>\n<p>Para garantizar que el avance se traduzca en una vialidad digna y duradera, el gobierno de la Maestra Delfina G\u00f3mez \u00c1lvarez destin\u00f3 una inversi\u00f3n de m\u00e1s de mil 200 millones de pesos. Ese monto \u2014equivalente a m\u00e1s de 11 millones de pesos por kil\u00f3metro\u2014 financia el fresado y tendido de carpeta asf\u00e1ltica con materiales de alta calidad, as\u00ed como maquinaria especializada, balizamiento, se\u00f1alizaci\u00f3n, pintura e iluminaci\u00f3n en toda la extensi\u00f3n de la obra.<\/p>\n<p>&nbsp;<\/p>\n<p>El impacto en la movilidad no es menor. Aproximadamente 200 mil autom\u00f3viles transitan diariamente por esta arteria, una cifra que convierte al Perif\u00e9rico Norte en uno de los corredores viales m\u00e1s cr\u00edticos del Valle de M\u00e9xico. Cada kil\u00f3metro que suma el 68 por ciento de avance es, en la pr\u00e1ctica, tiempo recuperado para cientos de miles de familias mexiquenses que usan esta v\u00eda para ir al trabajo, a la escuela o a casa.<\/p>\n<p>&nbsp;<\/p>\n<p>Con la meta de concluir los trabajos a finales de abril, el gobierno estatal proyecta que m\u00e1s de 15 millones de mexiquenses se beneficiar\u00e1n directa o indirectamente de la obra terminada.<\/p>\n<p><strong>\u00a0<\/strong><\/p>\n<p><strong>\u00a0<\/strong><\/p>\n<p>&nbsp;<\/p>\n","protected":false},"excerpt":{"rendered":"<p>Como parte del \u201cA\u00f1o de las Obras en el Edomex\u201d Los 77 kil\u00f3metros reconstruidos cubren los 4 cuerpos de la v\u00eda que va desde lo que era El Toreo hasta la caseta de Tepotzotl\u00e1n Toluca, Edomex.- En tan solo dos meses de trabajos ininterrumpidos, el Gobierno del Estado de M\u00e9xico alcanz\u00f3 un avance del 68 [&hellip;]<\/p>\n","protected":false},"author":14,"featured_media":710730,"comment_status":"open","ping_status":"open","sticky":false,"template":"","format":"standard","meta":{"_monsterinsights_skip_tracking":false,"_monsterinsights_sitenote_active":false,"_monsterinsights_sitenote_note":"","_monsterinsights_sitenote_category":0,"footnotes":""},"categories":[16,5],"tags":[],"class_list":["post-710729","post","type-post","status-publish","format-standard","has-post-thumbnail","hentry","category-destacadas","category-estado-de-mexico"],"_links":{"self":[{"href":"https:\/\/www.diarioimagen.net\/index.php?rest_route=\/wp\/v2\/posts\/710729","targetHints":{"allow":["GET"]}}],"collection":[{"href":"https:\/\/www.diarioimagen.net\/index.php?rest_route=\/wp\/v2\/posts"}],"about":[{"href":"https:\/\/www.diarioimagen.net\/index.php?rest_route=\/wp\/v2\/types\/post"}],"author":[{"embeddable":true,"href":"https:\/\/www.diarioimagen.net\/index.php?rest_route=\/wp\/v2\/users\/14"}],"replies":[{"embeddable":true,"href":"https:\/\/www.diarioimagen.net\/index.php?rest_route=%2Fwp%2Fv2%2Fcomments&post=710729"}],"version-history":[{"count":1,"href":"https:\/\/www.diarioimagen.net\/index.php?rest_route=\/wp\/v2\/posts\/710729\/revisions"}],"predecessor-version":[{"id":710731,"href":"https:\/\/www.diarioimagen.net\/index.php?rest_route=\/wp\/v2\/posts\/710729\/revisions\/710731"}],"wp:featuredmedia":[{"embeddable":true,"href":"https:\/\/www.diarioimagen.net\/index.php?rest_route=\/wp\/v2\/media\/710730"}],"wp:attachment":[{"href":"https:\/\/www.diarioimagen.net\/index.php?rest_route=%2Fwp%2Fv2%2Fmedia&parent=710729"}],"wp:term":[{"taxonomy":"category","embeddable":true,"href":"https:\/\/www.diarioimagen.net\/index.php?rest_route=%2Fwp%2Fv2%2Fcategories&post=710729"},{"taxonomy":"post_tag","embeddable":true,"href":"https:\/\/www.diarioimagen.net\/index.php?rest_route=%2Fwp%2Fv2%2Ftags&post=710729"}],"curies":[{"name":"wp","href":"https:\/\/api.w.org\/{rel}","templated":true}]}}