{"id":710735,"date":"2026-03-09T21:10:35","date_gmt":"2026-03-10T03:10:35","guid":{"rendered":"https:\/\/www.diarioimagen.net\/?p=710735"},"modified":"2026-03-09T21:10:35","modified_gmt":"2026-03-10T03:10:35","slug":"reconocen-a-las-mujeres-como-impulsotas-a-favor-del-medio-ambiente","status":"publish","type":"post","link":"https:\/\/www.diarioimagen.net\/?p=710735","title":{"rendered":"Reconocen a las mujeres como impulsotas a favor del medio ambiente"},"content":{"rendered":"<p><strong>\u00a0<\/strong><\/p>\n<ul>\n<li><strong>Destacan participaci\u00f3n<\/strong><\/li>\n<\/ul>\n<div id=\"attachment_710736\" style=\"width: 415px\" class=\"wp-caption alignnone\"><img loading=\"lazy\" decoding=\"async\" aria-describedby=\"caption-attachment-710736\" class=\"wp-image-710736 size-large\" src=\"https:\/\/www.diarioimagen.net\/wp-content\/uploads\/2026\/03\/EDOMEX-2-ok-5-405x270.jpg\" alt=\"\" width=\"405\" height=\"270\" srcset=\"https:\/\/www.diarioimagen.net\/wp-content\/uploads\/2026\/03\/EDOMEX-2-ok-5-405x270.jpg 405w, https:\/\/www.diarioimagen.net\/wp-content\/uploads\/2026\/03\/EDOMEX-2-ok-5-240x160.jpg 240w, https:\/\/www.diarioimagen.net\/wp-content\/uploads\/2026\/03\/EDOMEX-2-ok-5-768x511.jpg 768w, https:\/\/www.diarioimagen.net\/wp-content\/uploads\/2026\/03\/EDOMEX-2-ok-5.jpg 1500w\" sizes=\"auto, (max-width: 405px) 100vw, 405px\" \/><p id=\"caption-attachment-710736\" class=\"wp-caption-text\">El gobierno del Estado de M\u00e9xico, a trav\u00e9s de la Secretar\u00eda del Medio Ambiente y Desarrollo Sostenible, llev\u00f3 a cabo el evento \u201cTan imparables como la naturaleza, tan necesarias como el agua\u201d.<\/p><\/div>\n<p>&nbsp;<\/p>\n<p>&nbsp;<\/p>\n<p>Toluca, Estado de M\u00e9xico.- Para reconocer el papel fundamental de las mujeres en el cuidado y conservaci\u00f3n de la ecolog\u00eda, as\u00ed como para enfrentar las afectaciones que las actividades humanas provocan en la naturaleza, el Gobierno del Estado de M\u00e9xico, a trav\u00e9s de la Secretar\u00eda del Medio Ambiente y Desarrollo Sostenible (SMAyDS), llev\u00f3 a cabo el evento \u201cTan imparables como la naturaleza, tan necesarias como el agua\u201d.<\/p>\n<p>En el Parque Metropolitano Bicentenario de la ciudad de Toluca, en el marco del D\u00eda Internacional de la Mujer, con una asistencia de poco m\u00e1s de quinientas mujeres interesadas en temas medioambientales, Alhely R. Arronis, Titular de la SMAyDS, se\u00f1al\u00f3 la relevancia de sus derechos y participaci\u00f3n en todos los \u00e1mbitos sociales con sororidad.<\/p>\n<p>Destac\u00f3 que hay muchas que han entregado su vida a cuidar y proteger la naturaleza y sus recursos, por ello, \u201cel ecofeminismo nos recuerda que la justicia ambiental y la igualdad de g\u00e9nero van de la mano\u201d. Subray\u00f3 que en muchas partes del mundo las mujeres enfrentan con mayor intensidad los efectos de la crisis ambiental como la escasez de agua, la perdida de cosechas y el deterioro de los ecosistemas.<\/p>\n<p>&nbsp;<\/p>\n<p>&nbsp;<\/p>\n<p><strong>Actualizar\u00e1n datos de beneficiarias de prgramas sociales<\/strong><\/p>\n<p>&nbsp;<\/p>\n<p>&nbsp;<\/p>\n<p>Con el objetivo de garantizar que los apoyos lleguen a las mujeres que m\u00e1s lo necesitan, a partir de este 9 de marzo, el Gobierno de Delfina G\u00f3mez \u00c1lvarez iniciar\u00e1 visitas domiciliarias en los 125 municipios de la entidad para corroborar la identidad de las beneficiarias de programas sociales.<\/p>\n<p>Se verificar\u00e1 la informaci\u00f3n para que aquellas mujeres que hayan cambiado su n\u00famero de tel\u00e9fono, correo electr\u00f3nico o incluso su domicilio puedan actualizar sus datos y as\u00ed recibir los beneficios que se otorgan a trav\u00e9s de diversos programas destinados a mejorar su calidad de vida.<\/p>\n<p>El recorrido del personal por el territorio mexiquense se realizar\u00e1 de manera escalonada, por lo que se recomienda a las beneficiarias mantenerse atentas a los canales oficiales del Gobierno del Estado de M\u00e9xico para conocer cu\u00e1ndo se efectuar\u00e1 la visita en su domicilio y tener a la mano la documentaci\u00f3n b\u00e1sica, a fin de corroborar su informaci\u00f3n.<\/p>\n<p>&nbsp;<\/p>\n<p><strong>\u00a0<\/strong><\/p>\n<p>&nbsp;<\/p>\n<p>&nbsp;<\/p>\n<p>&nbsp;<\/p>\n","protected":false},"excerpt":{"rendered":"<p>\u00a0 Destacan participaci\u00f3n &nbsp; &nbsp; Toluca, Estado de M\u00e9xico.- Para reconocer el papel fundamental de las mujeres en el cuidado y conservaci\u00f3n de la ecolog\u00eda, as\u00ed como para enfrentar las afectaciones que las actividades humanas provocan en la naturaleza, el Gobierno del Estado de M\u00e9xico, a trav\u00e9s de la Secretar\u00eda del Medio Ambiente y Desarrollo [&hellip;]<\/p>\n","protected":false},"author":14,"featured_media":710736,"comment_status":"open","ping_status":"open","sticky":false,"template":"","format":"standard","meta":{"_monsterinsights_skip_tracking":false,"_monsterinsights_sitenote_active":false,"_monsterinsights_sitenote_note":"","_monsterinsights_sitenote_category":0,"footnotes":""},"categories":[5],"tags":[],"class_list":["post-710735","post","type-post","status-publish","format-standard","has-post-thumbnail","hentry","category-estado-de-mexico"],"_links":{"self":[{"href":"https:\/\/www.diarioimagen.net\/index.php?rest_route=\/wp\/v2\/posts\/710735","targetHints":{"allow":["GET"]}}],"collection":[{"href":"https:\/\/www.diarioimagen.net\/index.php?rest_route=\/wp\/v2\/posts"}],"about":[{"href":"https:\/\/www.diarioimagen.net\/index.php?rest_route=\/wp\/v2\/types\/post"}],"author":[{"embeddable":true,"href":"https:\/\/www.diarioimagen.net\/index.php?rest_route=\/wp\/v2\/users\/14"}],"replies":[{"embeddable":true,"href":"https:\/\/www.diarioimagen.net\/index.php?rest_route=%2Fwp%2Fv2%2Fcomments&post=710735"}],"version-history":[{"count":1,"href":"https:\/\/www.diarioimagen.net\/index.php?rest_route=\/wp\/v2\/posts\/710735\/revisions"}],"predecessor-version":[{"id":710737,"href":"https:\/\/www.diarioimagen.net\/index.php?rest_route=\/wp\/v2\/posts\/710735\/revisions\/710737"}],"wp:featuredmedia":[{"embeddable":true,"href":"https:\/\/www.diarioimagen.net\/index.php?rest_route=\/wp\/v2\/media\/710736"}],"wp:attachment":[{"href":"https:\/\/www.diarioimagen.net\/index.php?rest_route=%2Fwp%2Fv2%2Fmedia&parent=710735"}],"wp:term":[{"taxonomy":"category","embeddable":true,"href":"https:\/\/www.diarioimagen.net\/index.php?rest_route=%2Fwp%2Fv2%2Fcategories&post=710735"},{"taxonomy":"post_tag","embeddable":true,"href":"https:\/\/www.diarioimagen.net\/index.php?rest_route=%2Fwp%2Fv2%2Ftags&post=710735"}],"curies":[{"name":"wp","href":"https:\/\/api.w.org\/{rel}","templated":true}]}}