{"id":710738,"date":"2026-03-09T21:14:22","date_gmt":"2026-03-10T03:14:22","guid":{"rendered":"https:\/\/www.diarioimagen.net\/?p=710738"},"modified":"2026-03-09T21:14:22","modified_gmt":"2026-03-10T03:14:22","slug":"petroleo-toca-maximo-desde-2022-y-supera-los-119-dolares-por-barril","status":"publish","type":"post","link":"https:\/\/www.diarioimagen.net\/?p=710738","title":{"rendered":"Petr\u00f3leo toca m\u00e1ximo desde 2022 y supera los 119 d\u00f3lares por barril"},"content":{"rendered":"<ul>\n<li><strong>Llega la peor crisis energ\u00e9tica desde la d\u00e9cada de 1970<\/strong><\/li>\n<li><strong>Donald Trump reconoci\u00f3 el incremento, pero dice que \u201ces un peque\u00f1o precio\u201d que hay que pagar<\/strong><\/li>\n<\/ul>\n<div id=\"attachment_710740\" style=\"width: 415px\" class=\"wp-caption alignnone\"><img loading=\"lazy\" decoding=\"async\" aria-describedby=\"caption-attachment-710740\" class=\"wp-image-710740 size-large\" src=\"https:\/\/www.diarioimagen.net\/wp-content\/uploads\/2026\/03\/GUERRA-1-3-405x270.jpeg\" alt=\"\" width=\"405\" height=\"270\" srcset=\"https:\/\/www.diarioimagen.net\/wp-content\/uploads\/2026\/03\/GUERRA-1-3-405x270.jpeg 405w, https:\/\/www.diarioimagen.net\/wp-content\/uploads\/2026\/03\/GUERRA-1-3-240x160.jpeg 240w, https:\/\/www.diarioimagen.net\/wp-content\/uploads\/2026\/03\/GUERRA-1-3-768x512.jpeg 768w, https:\/\/www.diarioimagen.net\/wp-content\/uploads\/2026\/03\/GUERRA-1-3-1536x1024.jpeg 1536w, https:\/\/www.diarioimagen.net\/wp-content\/uploads\/2026\/03\/GUERRA-1-3-2048x1365.jpeg 2048w\" sizes=\"auto, (max-width: 405px) 100vw, 405px\" \/><p id=\"caption-attachment-710740\" class=\"wp-caption-text\">La guerra podr\u00eda dejar a los consumidores y las empresas de todo el mundo enfrent\u00e1ndose a semanas o meses de precios m\u00e1s altos del combustible, incluso \u2060aunque el conflicto termine \u2060r\u00e1pidamente, ya que los proveedores se enfrentan \u2060a instalaciones da\u00f1adas, log\u00edstica interrumpida y riesgos elevados para el transporte mar\u00edtimo.<\/p><\/div>\n<p>Debido a la expansi\u00f3n de \u2060la guerra de Estados Unidos e Israel con Ir\u00e1n, los \u2060precios del petr\u00f3leo subieron por encima de los 119 d\u00f3lares por \u2060barril, alcanzando niveles no vistos desde mediados de 2022, ya que algunos de los principales productores recortaron el suministro y el temor a interrupciones prolongadas en el transporte mar\u00edtimo se apoder\u00f3 \u2060del mercado.<\/p>\n<p>El diario The Wall Street Journal (WSJ) advirti\u00f3 que se trata de la crisis \u00abm\u00e1s grave que han sufrido los mercados energ\u00e9ticos desde la d\u00e9cada de 1970\u00bb.<\/p>\n<p>A las 09:17 GMT, los futuros del Brent ganaban 13.02 d\u00f3lares, o un 14%, hasta los 105.71 d\u00f3lares por barril, y los del West Texas Intermediate en Estados Unidos (WTI) mejoraban 12.16 d\u00f3lares, o un 13%, para colocarse en los 103.06 d\u00f3lares.<\/p>\n<p>En una sesi\u00f3n vertiginosa, el Brent lleg\u00f3 a tocar un m\u00e1ximo de 119.5 d\u00f3lares por barril, su mayor avance absoluto de precios en un solo d\u00eda, y el WTI alcanz\u00f3 los 119.48 d\u00f3lares. Durante la semana pasada, el Brent ya hab\u00eda subido un 28% y el WTI, un 36 por ciento.<\/p>\n<p>El estrecho de Ormuz, por el que suele pasar cerca de la quinta parte del petr\u00f3leo y el gas natural licuado del mundo, est\u00e1 pr\u00e1cticamente cerrado.<\/p>\n<p>Tambi\u00e9n ha contribuido al aumento de los precios el nombramiento de Mojtaba Jamenei como sucesor de su padre, Al\u00ed Jamenei, como l\u00edder supremo de Ir\u00e1n, lo que indica que los partidarios de la l\u00ednea dura siguen firmemente al mando en Teher\u00e1n una semana despu\u00e9s del inicio del conflicto con Estados Unidos e Israel.<\/p>\n<p>La guerra podr\u00eda dejar a los consumidores y las empresas de todo el mundo enfrent\u00e1ndose a semanas o meses de precios m\u00e1s altos del combustible, incluso \u2060aunque el conflicto -que comenz\u00f3 el 28 de febrero- termine \u2060r\u00e1pidamente, ya que los proveedores se enfrentan \u2060a instalaciones da\u00f1adas, log\u00edstica interrumpida y riesgos elevados para el transporte mar\u00edtimo.<\/p>\n<p>Los contratos de gasolina en \u2060Estados Unidos tocaron su m\u00e1ximo desde 2022, en torno a 3.22 d\u00f3lares el gal\u00f3n, en un momento en que el presidente de Estados Unidos, Donald Trump, ha dicho a los consumidores estadounidenses que el impacto en su costo de vida ser\u00eda limitado antes de las elecciones de mitad de mandato de noviembre.<\/p>\n<p>La producci\u00f3n de petr\u00f3leo de Irak en sus principales yacimientos del sur ha ca\u00eddo un 70%, seg\u00fan las fuentes, y el almacenamiento de crudo ha alcanzado su capacidad \u2060m\u00e1xima.<\/p>\n<p>Kuwait Petroleum Corporation comenz\u00f3 a recortar el bombeo el s\u00e1bado y declar\u00f3 fuerza mayor en los env\u00edos, aunque no especific\u00f3 cu\u00e1nto reducir\u00eda la producci\u00f3n.<\/p>\n<p>&nbsp;<\/p>\n<p>&nbsp;<\/p>\n<p><strong>Macron anuncia misi\u00f3n para reabrir el estrecho de Ormuz<\/strong><\/p>\n<p>&nbsp;<\/p>\n<p>Por su parte, el mandatario franc\u00e9s Emmanuel Macron, dijo este lunes que prepara con sus socios una misi\u00f3n \u201cpuramente defensiva\u201d para reabrir el estrecho de Ormuz y escoltar a los buques \u00abtras la salida de la fase m\u00e1s caliente del conflicto de Medio Oriente.<\/p>\n<p>En una visita a Chipre, el presidente dijo tambi\u00e9n que Francia contribuir\u00e1 \u00abde manera duradera\u00bb a la seguridad en el mar Rojo con dos fragatas, que engrosar\u00e1n una misi\u00f3n europea de seguridad puesta en marcha en esa zona en 2024.<\/p>\n<p>Macron se refiri\u00f3 igualmente al ataque con drones sufrido por Chipre, en el Mediterr\u00e1neo oriental, la semana pasada, como parte de las represalias iran\u00edes a la ofensiva israelo-estadunidense. \u00abCuando atacan a Chipre, atacan a Europa\u00bb, dijo sobre este pa\u00eds miembro de la UE.<\/p>\n<p>Francia \u2060enviar\u00e1 \u2060dos fragatas como parte de la misi\u00f3n naval Aspides de la Uni\u00f3n Europea en el \u2060mar Rojo, \u200bseg\u00fan \u2060anunci\u00f3 el lunes el presidente franc\u00e9s, Emmanuel \u200cMacron.<\/p>\n<p>\u00abEstamos \u200cen proceso de establecer una misi\u00f3n \u200bpuramente defensiva, puramente de \u200bescolta, \u200bque debe \u200cprepararse junto con Estados europeos y no europeos\u00bb, dijo Macron tras reunirse con el presidente chipriota, Nikos Christodoulides, \u200cy el primer ministro griego, Kiriakos \u2060Mitsotakis, en Chipre.<\/p>\n<p>Macron se ha convertido en el primer jefe de Estado que ha viajado a Chipre desde el inicio del actual conflicto en Oriente Medio. El objetivo del desplazamiento, seg\u00fan ha se\u00f1alado el propio presidente, es demostrar \u201cplena solidaridad\u201d con el pa\u00eds mediterr\u00e1neo tras haber sido \u201cblanco de varios ataques\u201d.<\/p>\n<p><strong>\u00a0<\/strong><\/p>\n<p><strong>Analizan impacto sobre el mercado energ\u00e9tico<\/strong><\/p>\n<p>&nbsp;<\/p>\n<p>La crisis en Oriente Medio ha comenzado a tener efectos en los mercados energ\u00e9ticos internacionales. El precio del petr\u00f3leo ha superado los 100 d\u00f3lares por barril tras haber aumentado alrededor de un 44% desde el inicio de la contienda, una evoluci\u00f3n que ha generado preocupaci\u00f3n entre varios gobiernos occidentales.<\/p>\n<p>Ante esta situaci\u00f3n, Macron ha anunciado que se celebrar\u00e1 una reuni\u00f3n de ministros de Finanzas del G7 y otra posterior centrada en energ\u00eda para analizar el impacto del conflicto sobre el mercado energ\u00e9tico. El objetivo de estos encuentros es coordinar posibles medidas para mitigar el efecto del aumento de precios.<\/p>\n<p>Entre las opciones que se est\u00e1n estudiando figura el uso de reservas estrat\u00e9gicas de petr\u00f3leo para estabilizar el mercado. \u201cEl uso de reservas estrat\u00e9gicas es una opci\u00f3n considerada con un objetivo de hacer bajar el precio de la energ\u00eda\u201d, ha explicado el presidente franc\u00e9s.<\/p>\n<p>La inquietud por el encarecimiento de la energ\u00eda es compartida por varios l\u00edderes europeos, entre ellos el canciller alem\u00e1n Friedrich Merz y el presidente del Gobierno espa\u00f1ol, Pedro S\u00e1nchez, que prepara un paquete de ayudas para amortiguar el impacto del aumento del precio del combustible.<\/p>\n<p>Pese a la volatilidad del mercado, la Comisi\u00f3n Europea ha tratado de rebajar la preocupaci\u00f3n sobre el suministro energ\u00e9tico. Desde Bruselas han se\u00f1alado que, por el momento, no existe riesgo de \u201cuna inminente escasez de suministro de petr\u00f3leo en Europa\u201d, aunque las instituciones comunitarias siguen con atenci\u00f3n la evoluci\u00f3n del conflicto y sus posibles consecuencias econ\u00f3micas.<\/p>\n<p>&nbsp;<\/p>\n<p><strong>La guerra se intensifica<\/strong><\/p>\n<p>&nbsp;<\/p>\n<p>&nbsp;<\/p>\n<p>La guerra en Medio Oriente contin\u00faa intensific\u00e1ndose luego de que Estados Unidos e Israel lanzaran una ofensiva militar contra Ir\u00e1n, con ataques dirigidos a instalaciones estrat\u00e9gicas y militares del r\u00e9gimen iran\u00ed. Seg\u00fan informaron las Fuerzas de Defensa de Israel (FDI), los bombardeos alcanzaron dep\u00f3sitos de combustible en Teher\u00e1n utilizados por las fuerzas armadas, as\u00ed como aviones de combate F-14 en el aeropuerto de Isfah\u00e1n y sistemas de detecci\u00f3n y defensa a\u00e9rea del pa\u00eds.<\/p>\n<p>El conflicto, que ya lleva varios d\u00edas, ha provocado bombardeos cruzados y ataques con misiles y drones entre las partes. Ir\u00e1n ha respondido con lanzamientos de misiles bal\u00edsticos contra territorio israel\u00ed, mientras contin\u00faan sonando sirenas de alerta en distintas zonas de Israel ante nuevos ataques.<\/p>\n<p>La Guardia Revolucionaria iran\u00ed advirti\u00f3 que el pa\u00eds est\u00e1 preparado para sostener una guerra intensa durante al menos seis meses frente a Estados Unidos e Israel, lo que refleja la creciente tensi\u00f3n y el riesgo de una escalada mayor en la regi\u00f3n.<\/p>\n<p>En medio de los combates, Israel tambi\u00e9n ha intensificado los bombardeos contra infraestructura militar y energ\u00e9tica, mientras Ir\u00e1n mantiene su capacidad de respuesta con misiles y drones dirigidos tanto a Israel como a posiciones vinculadas a Estados Unidos en la regi\u00f3n.<\/p>\n<p>El conflicto ha generado gran preocupaci\u00f3n internacional por la posibilidad de que la guerra se extienda a otros pa\u00edses del Medio Oriente y afecte la estabilidad global, especialmente en materia energ\u00e9tica y de seguridad.<\/p>\n<p>El presidente estadounidense Donald Trump reconoci\u00f3 el incremento del petr\u00f3leo, pero dijo que \u00abes un peque\u00f1o precio\u00bb que hay que pagar.<\/p>\n<p>\u00abLos precios a corto plazo del petr\u00f3leo, que caer\u00e1n r\u00e1pidamente cuando la destrucci\u00f3n de la amenaza nuclear de Ir\u00e1n se acabe, es un muy peque\u00f1o precio que hay que pagar para Estados Unidos y el mundo, la seguridad y la paz. \u00a1solo los tontos pensar\u00edan diferente!\u00bb, escribi\u00f3 el mandatario en su red, Truth Social.<\/p>\n<p>&nbsp;<\/p>\n<p>&nbsp;<\/p>\n","protected":false},"excerpt":{"rendered":"<p>Llega la peor crisis energ\u00e9tica desde la d\u00e9cada de 1970 Donald Trump reconoci\u00f3 el incremento, pero dice que \u201ces un peque\u00f1o precio\u201d que hay que pagar Debido a la expansi\u00f3n de \u2060la guerra de Estados Unidos e Israel con Ir\u00e1n, los \u2060precios del petr\u00f3leo subieron por encima de los 119 d\u00f3lares por \u2060barril, alcanzando niveles [&hellip;]<\/p>\n","protected":false},"author":14,"featured_media":710740,"comment_status":"open","ping_status":"open","sticky":false,"template":"","format":"standard","meta":{"_monsterinsights_skip_tracking":false,"_monsterinsights_sitenote_active":false,"_monsterinsights_sitenote_note":"","_monsterinsights_sitenote_category":0,"footnotes":""},"categories":[9],"tags":[],"class_list":["post-710738","post","type-post","status-publish","format-standard","has-post-thumbnail","hentry","category-mundo"],"_links":{"self":[{"href":"https:\/\/www.diarioimagen.net\/index.php?rest_route=\/wp\/v2\/posts\/710738","targetHints":{"allow":["GET"]}}],"collection":[{"href":"https:\/\/www.diarioimagen.net\/index.php?rest_route=\/wp\/v2\/posts"}],"about":[{"href":"https:\/\/www.diarioimagen.net\/index.php?rest_route=\/wp\/v2\/types\/post"}],"author":[{"embeddable":true,"href":"https:\/\/www.diarioimagen.net\/index.php?rest_route=\/wp\/v2\/users\/14"}],"replies":[{"embeddable":true,"href":"https:\/\/www.diarioimagen.net\/index.php?rest_route=%2Fwp%2Fv2%2Fcomments&post=710738"}],"version-history":[{"count":1,"href":"https:\/\/www.diarioimagen.net\/index.php?rest_route=\/wp\/v2\/posts\/710738\/revisions"}],"predecessor-version":[{"id":710751,"href":"https:\/\/www.diarioimagen.net\/index.php?rest_route=\/wp\/v2\/posts\/710738\/revisions\/710751"}],"wp:featuredmedia":[{"embeddable":true,"href":"https:\/\/www.diarioimagen.net\/index.php?rest_route=\/wp\/v2\/media\/710740"}],"wp:attachment":[{"href":"https:\/\/www.diarioimagen.net\/index.php?rest_route=%2Fwp%2Fv2%2Fmedia&parent=710738"}],"wp:term":[{"taxonomy":"category","embeddable":true,"href":"https:\/\/www.diarioimagen.net\/index.php?rest_route=%2Fwp%2Fv2%2Fcategories&post=710738"},{"taxonomy":"post_tag","embeddable":true,"href":"https:\/\/www.diarioimagen.net\/index.php?rest_route=%2Fwp%2Fv2%2Ftags&post=710738"}],"curies":[{"name":"wp","href":"https:\/\/api.w.org\/{rel}","templated":true}]}}