{"id":710783,"date":"2026-03-09T21:23:56","date_gmt":"2026-03-10T03:23:56","guid":{"rendered":"https:\/\/www.diarioimagen.net\/?p=710783"},"modified":"2026-03-09T21:23:56","modified_gmt":"2026-03-10T03:23:56","slug":"matisse-conquista-el-auditorio-nacional","status":"publish","type":"post","link":"https:\/\/www.diarioimagen.net\/?p=710783","title":{"rendered":"Matisse conquista el Auditorio Nacional  \u00a0"},"content":{"rendered":"<ul>\n<li><strong>Con una noche de amor, nostalgia y sorpresas <\/strong><\/li>\n<li><strong>Un show de m\u00e1s de dos horas, lleno de baladas y duetos inesperados <\/strong><\/li>\n<\/ul>\n<p>&nbsp;<\/p>\n<p><strong>FOTOS CORTES\u00cdA OCESA: JOS\u00c9 JORGE CARRE\u00d3N<\/strong><\/p>\n<div id=\"attachment_710784\" style=\"width: 310px\" class=\"wp-caption alignnone\"><img loading=\"lazy\" decoding=\"async\" aria-describedby=\"caption-attachment-710784\" class=\"wp-image-710784 size-large\" src=\"https:\/\/www.diarioimagen.net\/wp-content\/uploads\/2026\/03\/MATISSE01-300x270.jpg\" alt=\"\" width=\"300\" height=\"270\" srcset=\"https:\/\/www.diarioimagen.net\/wp-content\/uploads\/2026\/03\/MATISSE01-300x270.jpg 300w, https:\/\/www.diarioimagen.net\/wp-content\/uploads\/2026\/03\/MATISSE01-240x216.jpg 240w, https:\/\/www.diarioimagen.net\/wp-content\/uploads\/2026\/03\/MATISSE01-768x691.jpg 768w, https:\/\/www.diarioimagen.net\/wp-content\/uploads\/2026\/03\/MATISSE01-1536x1382.jpg 1536w, https:\/\/www.diarioimagen.net\/wp-content\/uploads\/2026\/03\/MATISSE01-2048x1843.jpg 2048w\" sizes=\"auto, (max-width: 300px) 100vw, 300px\" \/><p id=\"caption-attachment-710784\" class=\"wp-caption-text\">Matisse ofreci\u00f3 un concierto de m\u00e1s de dos horas en el Auditorio Nacional, como parte de su gira \u201cEl ayer\u201d, ante un p\u00fablico que core\u00f3 cada una de sus baladas.<\/p><\/div>\n<p>El pasado fin de semana, el Auditorio Nacional de la Ciudad de M\u00e9xico recibi\u00f3 de nueva cuenta a Matisse, una de las agrupaciones pop m\u00e1s queridas del pa\u00eds. La fecha form\u00f3 parte de la gira \u201cEl ayer\u201d, anunciada como una velada \u201cllena de baladas que nos han hecho vibrar y letras que nos hablan del amor\u201d, promesa que la banda cumpli\u00f3 ante miles de fans que abarrotaron el recinto.<\/p>\n<p>&nbsp;<\/p>\n<p>Desde los primeros minutos, el ambiente fue de celebraci\u00f3n: el p\u00fablico ocup\u00f3 butacas y pasillos con carteles, luces y celulares en alto, listo para un recorrido por las distintas etapas musicales del grupo. La expectativa ven\u00eda alimentada desde meses atr\u00e1s, cuando se confirm\u00f3 que el concierto ser\u00eda una oportunidad para escuchar en vivo sus \u00e9xitos y las canciones de su m\u00e1s reciente producci\u00f3n.<\/p>\n<p>&nbsp;<\/p>\n<p><strong>Un setlist largo, emotivo y con invitados<\/strong><\/p>\n<p><strong>\u00a0<\/strong><\/p>\n<p>Con un concierto de alrededor de dos horas, Matisse ofreci\u00f3 un setlist amplio que incluy\u00f3 tanto sus temas m\u00e1s recientes como las canciones que los consolidaron en la escena pop. De acuerdo con registros especializados, la banda interpret\u00f3 piezas como \u201cImposible amor\u201d, \u201cPrimer avi\u00f3n\u201d, \u201cTodav\u00eda\u201d, \u201cPor tu bien\u201d, \u201cLa misma luna\u201d, \u201cC\u00f3mo duele\u201d, \u201cHipot\u00e9ticamente\u201d, \u201cConmigo sin ti\u201d, \u201cEres t\u00fa\u201d, \u201cAplauso\u201d, \u201cComo lo hice yo\u201d y, para cerrar, \u201cM\u00e1s que amigos\u201d, uno de los momentos m\u00e1s coreados de la noche.<\/p>\n<p>&nbsp;<\/p>\n<p>Uno de los pasajes m\u00e1s sorprendentes lleg\u00f3 cuando Matisse comparti\u00f3 escenario con Los Tucanes de Tijuana: juntos interpretaron \u201cAndo bien agusto\u201d, adem\u00e1s de los cl\u00e1sicos \u201cAmor plat\u00f3nico\u201d y \u201cLa chona\u201d, encendiendo al Auditorio con una mezcla de pop y regional que puso de pie a gran parte del p\u00fablico. Ese bloque de colaboraciones dio un giro festivo al concierto y se convirti\u00f3 en uno de los puntos m\u00e1s comentados del show.<\/p>\n<p>&nbsp;<\/p>\n<p><strong>El Auditorio, testigo de una relaci\u00f3n consolidada<\/strong><\/p>\n<p><strong>\u00a0<\/strong><\/p>\n<p>La presentaci\u00f3n confirm\u00f3 la buena relaci\u00f3n entre Matisse y el Auditorio Nacional, escenario que el grupo ha convertido en una parada recurrente dentro de sus giras. En esta ocasi\u00f3n, la fecha se sum\u00f3 a una serie de conciertos que la banda ha venido agotando en el recinto, reflejo de la constante respuesta de sus seguidores.<\/p>\n<p>&nbsp;<\/p>\n<p>La producci\u00f3n acompa\u00f1\u00f3 el tono rom\u00e1ntico y nost\u00e1lgico de la noche: luces c\u00e1lidas, pantallas que proyectaban visuales ligados a las letras y una atm\u00f3sfera pensada para reforzar la conexi\u00f3n emocional con el p\u00fablico. M\u00e1s all\u00e1 de los n\u00fameros, el concierto dej\u00f3 la impresi\u00f3n de un proyecto que atraviesa un momento de madurez art\u00edstica, capaz de equilibrar baladas \u00edntimas, himnos generacionales y gui\u00f1os a otros g\u00e9neros sin perder identidad.<\/p>\n<p>&nbsp;<\/p>\n","protected":false},"excerpt":{"rendered":"<p>Con una noche de amor, nostalgia y sorpresas Un show de m\u00e1s de dos horas, lleno de baladas y duetos inesperados &nbsp; FOTOS CORTES\u00cdA OCESA: JOS\u00c9 JORGE CARRE\u00d3N El pasado fin de semana, el Auditorio Nacional de la Ciudad de M\u00e9xico recibi\u00f3 de nueva cuenta a Matisse, una de las agrupaciones pop m\u00e1s queridas del [&hellip;]<\/p>\n","protected":false},"author":14,"featured_media":710784,"comment_status":"open","ping_status":"open","sticky":false,"template":"","format":"standard","meta":{"_monsterinsights_skip_tracking":false,"_monsterinsights_sitenote_active":false,"_monsterinsights_sitenote_note":"","_monsterinsights_sitenote_category":0,"footnotes":""},"categories":[12],"tags":[],"class_list":["post-710783","post","type-post","status-publish","format-standard","has-post-thumbnail","hentry","category-espectaculos"],"_links":{"self":[{"href":"https:\/\/www.diarioimagen.net\/index.php?rest_route=\/wp\/v2\/posts\/710783","targetHints":{"allow":["GET"]}}],"collection":[{"href":"https:\/\/www.diarioimagen.net\/index.php?rest_route=\/wp\/v2\/posts"}],"about":[{"href":"https:\/\/www.diarioimagen.net\/index.php?rest_route=\/wp\/v2\/types\/post"}],"author":[{"embeddable":true,"href":"https:\/\/www.diarioimagen.net\/index.php?rest_route=\/wp\/v2\/users\/14"}],"replies":[{"embeddable":true,"href":"https:\/\/www.diarioimagen.net\/index.php?rest_route=%2Fwp%2Fv2%2Fcomments&post=710783"}],"version-history":[{"count":1,"href":"https:\/\/www.diarioimagen.net\/index.php?rest_route=\/wp\/v2\/posts\/710783\/revisions"}],"predecessor-version":[{"id":710785,"href":"https:\/\/www.diarioimagen.net\/index.php?rest_route=\/wp\/v2\/posts\/710783\/revisions\/710785"}],"wp:featuredmedia":[{"embeddable":true,"href":"https:\/\/www.diarioimagen.net\/index.php?rest_route=\/wp\/v2\/media\/710784"}],"wp:attachment":[{"href":"https:\/\/www.diarioimagen.net\/index.php?rest_route=%2Fwp%2Fv2%2Fmedia&parent=710783"}],"wp:term":[{"taxonomy":"category","embeddable":true,"href":"https:\/\/www.diarioimagen.net\/index.php?rest_route=%2Fwp%2Fv2%2Fcategories&post=710783"},{"taxonomy":"post_tag","embeddable":true,"href":"https:\/\/www.diarioimagen.net\/index.php?rest_route=%2Fwp%2Fv2%2Ftags&post=710783"}],"curies":[{"name":"wp","href":"https:\/\/api.w.org\/{rel}","templated":true}]}}