{"id":710786,"date":"2026-03-09T21:27:05","date_gmt":"2026-03-10T03:27:05","guid":{"rendered":"https:\/\/www.diarioimagen.net\/?p=710786"},"modified":"2026-03-09T21:27:05","modified_gmt":"2026-03-10T03:27:05","slug":"osmi-presenta-quiero-mas","status":"publish","type":"post","link":"https:\/\/www.diarioimagen.net\/?p=710786","title":{"rendered":"Osmi presenta \u201cQuiero m\u00e1s\u201d  \u00a0"},"content":{"rendered":"<ul>\n<li><strong>Profundiza en los vac\u00edos emocionales <\/strong><\/li>\n<li><strong>Un grito contra la adicci\u00f3n a la validaci\u00f3n en redes sociales<\/strong><\/li>\n<\/ul>\n<p><img loading=\"lazy\" decoding=\"async\" class=\"alignnone wp-image-710787 size-large\" src=\"https:\/\/www.diarioimagen.net\/wp-content\/uploads\/2026\/03\/OSMI-270x270.jpg\" alt=\"\" width=\"270\" height=\"270\" srcset=\"https:\/\/www.diarioimagen.net\/wp-content\/uploads\/2026\/03\/OSMI-270x270.jpg 270w, https:\/\/www.diarioimagen.net\/wp-content\/uploads\/2026\/03\/OSMI-240x240.jpg 240w, https:\/\/www.diarioimagen.net\/wp-content\/uploads\/2026\/03\/OSMI-150x150.jpg 150w, https:\/\/www.diarioimagen.net\/wp-content\/uploads\/2026\/03\/OSMI-768x768.jpg 768w, https:\/\/www.diarioimagen.net\/wp-content\/uploads\/2026\/03\/OSMI-50x50.jpg 50w, https:\/\/www.diarioimagen.net\/wp-content\/uploads\/2026\/03\/OSMI-75x75.jpg 75w, https:\/\/www.diarioimagen.net\/wp-content\/uploads\/2026\/03\/OSMI-70x70.jpg 70w, https:\/\/www.diarioimagen.net\/wp-content\/uploads\/2026\/03\/OSMI.jpg 1260w\" sizes=\"auto, (max-width: 270px) 100vw, 270px\" \/><\/p>\n<p><strong>Por Arturo Arellano <\/strong><\/p>\n<p>&nbsp;<\/p>\n<p>La llegada de Osmi a la escena musical ha sido una de las m\u00e1s llamativas de los \u00faltimos a\u00f1os: desde \u201cCarmencita\u201d hasta \u201cD\u00e9jame salir\u201d y \u201cLero\u201d, lanzados en 2025, el m\u00fasico ha construido una propuesta s\u00f3lida y reconocible dentro del pop rock alternativo. Ahora, el artista presenta \u201cQuiero m\u00e1s\u201d, un sencillo que cuestiona la obsesi\u00f3n contempor\u00e1nea por la validaci\u00f3n externa y la necesidad de pertenecer en un mundo atravesado por la imagen y las redes sociales.<\/p>\n<p>&nbsp;<\/p>\n<p>En \u201cQuiero m\u00e1s\u201d, Osmi se coloca tambi\u00e9n del lado de la autocr\u00edtica, reconoci\u00e9ndose como parte del mismo sistema que critica. \u201cHabla de llenar esos vac\u00edos que sentimos por tanto consumo ef\u00edmero de redes sociales y de cosas no sustanciales, y la \u00fanica forma en que creemos que podemos alcanzar alg\u00fan estado de felicidad es a trav\u00e9s de esa dopamina\u201d, explica en entrevista para DIARIO IMAGEN.<\/p>\n<p>&nbsp;<\/p>\n<p><strong>Dopamina digital<\/strong><\/p>\n<p><strong>\u00a0<\/strong><\/p>\n<p>Para el cantante, el tema que aborda no es menor ni superficial. \u201cEs un tema importante al cual no se le da la relevancia que debe\u201d, advierte, al referirse al impacto que la hiperconectividad tiene especialmente en <em>millennials<\/em>, generaci\u00f3n Z y generaci\u00f3n <em>Alpha<\/em>. \u201cEstas generaciones, marcadas por la tecnolog\u00eda, buscan conexi\u00f3n a trav\u00e9s de las redes, que curiosamente es lo que nos ha venido alejando\u201d, se\u00f1ala.<\/p>\n<p>&nbsp;<\/p>\n<p>Osmi reconoce que existe una brecha entre quienes siguen de cerca su proyecto y quienes lo descubren de forma casual en redes. \u201cQuienes realmente me siguen y ponen atenci\u00f3n a las letras les parece un tema simp\u00e1tico, pero quien no me sigue y se encuentra con una pauta m\u00eda, lo primero que hace es criticarla; recibo mucho <em>hate<\/em> en redes cuando no ponen atenci\u00f3n a las letras\u201d, afirma.<\/p>\n<p>&nbsp;<\/p>\n<p><strong>Producci\u00f3n, EP y b\u00fasqueda personal<\/strong><\/p>\n<p><strong>\u00a0<\/strong><\/p>\n<p>\u201cQuiero m\u00e1s\u201d fue producida por Jan Toussaint y Dante Jodorowsky, dos nombres con amplia trayectoria en la escena musical contempor\u00e1nea. \u201cSe nota su mano porque son gente muy art\u00edstica y profesional\u201d, comenta Osmi. El acercamiento con Toussaint surgi\u00f3 hace dos a\u00f1os, cuando el productor se interes\u00f3 en su proyecto tras ver algunos de sus contenidos en TikTok, y termin\u00f3 por involucrarse de lleno en la creaci\u00f3n del nuevo material.<\/p>\n<p>&nbsp;<\/p>\n<p>La canci\u00f3n forma parte de un EP de cinco temas que ver\u00e1 la luz de manera gradual. \u201cNo estoy peleado con sacar discos, pero cuando sacas uno muchas canciones no reciben el tiempo necesario, y para m\u00ed cada tema es como un hijo\u201d, explica. Por ello, el lanzamiento ser\u00e1 escalonado: el siguiente sencillo est\u00e1 previsto para el 17 de abril y el EP completo llegar\u00e1 hacia mediados de agosto, con canciones que, adelanta, parten de experiencias personales y de c\u00f3mo se siente viviendo en sociedad.<\/p>\n<p>&nbsp;<\/p>\n<p><strong>Identidad, presi\u00f3n social y lo que viene<\/strong><\/p>\n<p><strong>\u00a0<\/strong><\/p>\n<p>M\u00e1s all\u00e1 de lo musical, Osmi considera que su obra dialoga con una crisis de autenticidad. \u201cEstamos en una b\u00fasqueda constante y construcci\u00f3n de lo que somos, pero estamos tan bombardeados de informaci\u00f3n sobre lo que debemos ser, de c\u00f3mo manejarnos y de lo que representa la belleza, que se va perdiendo la autenticidad\u201d, reflexiona.<\/p>\n<p>&nbsp;<\/p>\n<p>Sobre su futuro, prefiere evitar la palabra \u201c\u00e9xito\u201d como meta cerrada. \u201cEsperar\u00eda que me est\u00e9 dirigiendo a alg\u00fan lugar satisfactorio; no podr\u00eda decir al \u00e9xito, porque es algo subjetivo, pero s\u00ed quiero llegar a m\u00e1s personas, a m\u00e1s lugares, tener mejor posicionamiento, m\u00e1s conexi\u00f3n\u201d, dice. Entre sus pr\u00f3ximos planes contempla volver a presentarse en estaciones del Metro de la Ciudad de M\u00e9xico, donde ya ha realizado giras con buena respuesta del p\u00fablico.<\/p>\n<blockquote><p><strong>Para el cantante, el tema que aborda no es menor ni superficial. \u201cEs un tema importante al cual no se le da la relevancia que debe\u201d, advierte, al referirse al impacto que la hiperconectividad tiene especialmente en <em>millennials<\/em>, generaci\u00f3n Z y generaci\u00f3n Alpha.<\/strong><\/p><\/blockquote>\n<p>&nbsp;<\/p>\n<p>&nbsp;<\/p>\n","protected":false},"excerpt":{"rendered":"<p>Profundiza en los vac\u00edos emocionales Un grito contra la adicci\u00f3n a la validaci\u00f3n en redes sociales Por Arturo Arellano &nbsp; La llegada de Osmi a la escena musical ha sido una de las m\u00e1s llamativas de los \u00faltimos a\u00f1os: desde \u201cCarmencita\u201d hasta \u201cD\u00e9jame salir\u201d y \u201cLero\u201d, lanzados en 2025, el m\u00fasico ha construido una propuesta [&hellip;]<\/p>\n","protected":false},"author":14,"featured_media":710787,"comment_status":"open","ping_status":"open","sticky":false,"template":"","format":"standard","meta":{"_monsterinsights_skip_tracking":false,"_monsterinsights_sitenote_active":false,"_monsterinsights_sitenote_note":"","_monsterinsights_sitenote_category":0,"footnotes":""},"categories":[16,12],"tags":[],"class_list":["post-710786","post","type-post","status-publish","format-standard","has-post-thumbnail","hentry","category-destacadas","category-espectaculos"],"_links":{"self":[{"href":"https:\/\/www.diarioimagen.net\/index.php?rest_route=\/wp\/v2\/posts\/710786","targetHints":{"allow":["GET"]}}],"collection":[{"href":"https:\/\/www.diarioimagen.net\/index.php?rest_route=\/wp\/v2\/posts"}],"about":[{"href":"https:\/\/www.diarioimagen.net\/index.php?rest_route=\/wp\/v2\/types\/post"}],"author":[{"embeddable":true,"href":"https:\/\/www.diarioimagen.net\/index.php?rest_route=\/wp\/v2\/users\/14"}],"replies":[{"embeddable":true,"href":"https:\/\/www.diarioimagen.net\/index.php?rest_route=%2Fwp%2Fv2%2Fcomments&post=710786"}],"version-history":[{"count":1,"href":"https:\/\/www.diarioimagen.net\/index.php?rest_route=\/wp\/v2\/posts\/710786\/revisions"}],"predecessor-version":[{"id":710788,"href":"https:\/\/www.diarioimagen.net\/index.php?rest_route=\/wp\/v2\/posts\/710786\/revisions\/710788"}],"wp:featuredmedia":[{"embeddable":true,"href":"https:\/\/www.diarioimagen.net\/index.php?rest_route=\/wp\/v2\/media\/710787"}],"wp:attachment":[{"href":"https:\/\/www.diarioimagen.net\/index.php?rest_route=%2Fwp%2Fv2%2Fmedia&parent=710786"}],"wp:term":[{"taxonomy":"category","embeddable":true,"href":"https:\/\/www.diarioimagen.net\/index.php?rest_route=%2Fwp%2Fv2%2Fcategories&post=710786"},{"taxonomy":"post_tag","embeddable":true,"href":"https:\/\/www.diarioimagen.net\/index.php?rest_route=%2Fwp%2Fv2%2Ftags&post=710786"}],"curies":[{"name":"wp","href":"https:\/\/api.w.org\/{rel}","templated":true}]}}