{"id":710810,"date":"2026-03-09T21:31:26","date_gmt":"2026-03-10T03:31:26","guid":{"rendered":"https:\/\/www.diarioimagen.net\/?p=710810"},"modified":"2026-03-09T21:31:26","modified_gmt":"2026-03-10T03:31:26","slug":"en-mexico-el-turismo-se-mantiene-fuerte-y-en-un-constante-crecimiento","status":"publish","type":"post","link":"https:\/\/www.diarioimagen.net\/?p=710810","title":{"rendered":"\u00a0En M\u00e9xico, el turismo se  \u00a0mantiene fuerte y en un  constante crecimiento  \u00a0"},"content":{"rendered":"<p>&nbsp;<\/p>\n<p>&nbsp;<\/p>\n<ul>\n<li><strong>Sectur, Asetur y CNET refrendan coordinaci\u00f3n<\/strong><\/li>\n<li><strong>Reconocen el liderazgo de la secretaria de Turismo del gobierno federal, Josefina Rodr\u00edguez Zamora<\/strong><\/li>\n<\/ul>\n<p>&nbsp;<\/p>\n<div id=\"attachment_710820\" style=\"width: 464px\" class=\"wp-caption alignnone\"><img loading=\"lazy\" decoding=\"async\" aria-describedby=\"caption-attachment-710820\" class=\"wp-image-710820 size-large\" src=\"https:\/\/www.diarioimagen.net\/wp-content\/uploads\/2026\/03\/ASETUR-ok-1-454x270.jpg\" alt=\"\" width=\"454\" height=\"270\" srcset=\"https:\/\/www.diarioimagen.net\/wp-content\/uploads\/2026\/03\/ASETUR-ok-1-454x270.jpg 454w, https:\/\/www.diarioimagen.net\/wp-content\/uploads\/2026\/03\/ASETUR-ok-1-240x143.jpg 240w, https:\/\/www.diarioimagen.net\/wp-content\/uploads\/2026\/03\/ASETUR-ok-1-768x457.jpg 768w, https:\/\/www.diarioimagen.net\/wp-content\/uploads\/2026\/03\/ASETUR-ok-1.jpg 1500w\" sizes=\"auto, (max-width: 454px) 100vw, 454px\" \/><p id=\"caption-attachment-710820\" class=\"wp-caption-text\">La Asetur reconoci\u00f3 el liderazgo de la secretaria de Turismo del Gobierno de M\u00e9xico, Josefina Rodr\u00edguez Zamora, quien ha encabezado la coordinaci\u00f3n institucional con las entidades federativas y el sector empresarial para mantener una comunicaci\u00f3n clara y oportuna con los mercados tur\u00edsticos.<\/p><\/div>\n<p>En el marco de la LXVII Asamblea de las Secretarias y Secretarios de Turismo de M\u00e9xico (Asetur), la Secretar\u00eda de Turismo del Gobierno de M\u00e9xico (Sectur), el Consejo Nacional Empresarial Tur\u00edstico (CNET), y Asetur reafirmaron la coordinaci\u00f3n institucional que sostiene la actividad tur\u00edstica del pa\u00eds y enviaron un mensaje claro a los mercados nacionales e internacionales: En M\u00e9xico el turismo se mantiene fuerte y en constante crecimiento<\/p>\n<p>&nbsp;<\/p>\n<p>De acuerdo con informaci\u00f3n recabada por Sectur y validada con las Secretar\u00edas de Turismo de las 32 entidades federativas, durante las primeras siete semanas de 2026 los principales 20 centros tur\u00edsticos del pa\u00eds registran un crecimiento de entre 3 y 4 por ciento en la llegada de turistas a hoteles, mientras que las entidades del norte, centro y sur del pa\u00eds reportan operaci\u00f3n normal y estabilidad en sus niveles de ocupaci\u00f3n hotelera en el arranque del a\u00f1o.<\/p>\n<p>&nbsp;<\/p>\n<p>En este contexto, Asetur reconoci\u00f3 el liderazgo de la secretaria de Turismo del Gobierno de M\u00e9xico, Josefina Rodr\u00edguez Zamora, quien ha encabezado la coordinaci\u00f3n institucional con las entidades federativas y el sector empresarial para mantener una comunicaci\u00f3n clara y oportuna con los mercados tur\u00edsticos.<\/p>\n<p>&nbsp;<\/p>\n<p>Durante la Asamblea, el presidente de Asetur y secretario de Turismo de Quintana Roo, Bernardo Cueto Riestra, subray\u00f3 que los estados mantienen una agenda activa de promoci\u00f3n, desarrollo y coordinaci\u00f3n tur\u00edstica que se refleja en la operaci\u00f3n cotidiana de los destinos en todo el pa\u00eds.<\/p>\n<p>&nbsp;<\/p>\n<p>\u201cEl turismo en M\u00e9xico est\u00e1 en movimiento. En cada entidad federativa se est\u00e1n desarrollando eventos, campa\u00f1as de promoci\u00f3n, rutas tur\u00edsticas, ferias y encuentros de negocios que fortalecen nuestra presencia en los mercados nacionales e internacionales. Desde ASETUR seguiremos trabajando con una visi\u00f3n clara: hacer del turismo una prioridad para M\u00e9xico, fortaleciendo la coordinaci\u00f3n entre estados, federaci\u00f3n y sector empresarial\u201d, se\u00f1al\u00f3.<\/p>\n<p>&nbsp;<\/p>\n<p>Cueto Riestra destac\u00f3 que, a trav\u00e9s de Asetur y sus distintas comisiones de trabajo, los estados impulsan una agenda conjunta orientada a fortalecer la promoci\u00f3n tur\u00edstica, mejorar la competitividad de los destinos, ampliar la conectividad a\u00e9rea y diversificar la oferta tur\u00edstica del pa\u00eds.<\/p>\n<p>&nbsp;<\/p>\n<p>En los \u00faltimos meses, las entidades federativas, en coordinaci\u00f3n con Asetur, han desarrollado una agenda activa de promoci\u00f3n y posicionamiento internacional, participando en espacios estrat\u00e9gicos del sector tur\u00edstico global, como ferias internacionales, misiones comerciales y encuentros de negocios, adem\u00e1s de impulsar campa\u00f1as de promoci\u00f3n conjunta y nuevos productos tur\u00edsticos en distintos destinos del pa\u00eds.<\/p>\n<p>&nbsp;<\/p>\n<p>Asimismo, Asetur ha fortalecido la coordinaci\u00f3n institucional con el sector empresarial, particularmente a trav\u00e9s del reciente Convenio de Colaboraci\u00f3n con el Consejo Nacional Empresarial Tur\u00edstico (CNET), que busca impulsar esquemas de cooperaci\u00f3n p\u00fablico\u2013privada para fortalecer la promoci\u00f3n tur\u00edstica, atraer inversi\u00f3n y consolidar la competitividad de los destinos mexicanos.<\/p>\n<p>&nbsp;<\/p>\n<p>Por su parte, el CNET, como \u00f3rgano c\u00fapula del sector empresarial tur\u00edstico, ha desempe\u00f1ado un papel clave en la articulaci\u00f3n con hoteles, aerol\u00edneas, aeropuertos, l\u00edneas de cruceros, touroperadores y prestadores de servicios tur\u00edsticos, fortaleciendo la confianza del mercado y la continuidad operativa en todo el territorio nacional.<\/p>\n<p>&nbsp;<\/p>\n<p>La coordinaci\u00f3n entre Sectur, CNET y las 32 Secretar\u00edas de Turismo, subray\u00f3 Cueto Riestra, representa hoy un modelo de gobernanza tur\u00edstica que permite al pa\u00eds actuar con mayor eficacia frente a los retos del entorno global y consolidar al turismo como una prioridad estrat\u00e9gica para el desarrollo nacional.<\/p>\n<p>&nbsp;<\/p>\n<p>M\u00e9xico se encuentra adem\u00e1s preparado para recibir a millones de visitantes durante la pr\u00f3xima temporada de Spring Break, as\u00ed como para los distintos eventos internacionales que se desarrollar\u00e1n en el pa\u00eds rumbo a la Copa Mundial de la FIFA 2026.<\/p>\n<p>&nbsp;<\/p>\n<p>Con unidad, liderazgo y coordinaci\u00f3n institucional, el turismo de M\u00e9xico reafirma su papel como uno de los motores estrat\u00e9gicos del desarrollo regional, el empleo y la inversi\u00f3n, enviando un mensaje claro al mundo: En M\u00e9xico el turismo se mantiene fuerte y listo para seguir recibiendo visitantes de todo el mundo.<\/p>\n<p>&nbsp;<\/p>\n<p>&nbsp;<\/p>\n<p><strong>\u00a0<\/strong><\/p>\n<p>&nbsp;<\/p>\n","protected":false},"excerpt":{"rendered":"<p>&nbsp; &nbsp; Sectur, Asetur y CNET refrendan coordinaci\u00f3n Reconocen el liderazgo de la secretaria de Turismo del gobierno federal, Josefina Rodr\u00edguez Zamora &nbsp; En el marco de la LXVII Asamblea de las Secretarias y Secretarios de Turismo de M\u00e9xico (Asetur), la Secretar\u00eda de Turismo del Gobierno de M\u00e9xico (Sectur), el Consejo Nacional Empresarial Tur\u00edstico (CNET), [&hellip;]<\/p>\n","protected":false},"author":14,"featured_media":710820,"comment_status":"open","ping_status":"open","sticky":false,"template":"","format":"standard","meta":{"_monsterinsights_skip_tracking":false,"_monsterinsights_sitenote_active":false,"_monsterinsights_sitenote_note":"","_monsterinsights_sitenote_category":0,"footnotes":""},"categories":[11],"tags":[],"class_list":["post-710810","post","type-post","status-publish","format-standard","has-post-thumbnail","hentry","category-turismo"],"_links":{"self":[{"href":"https:\/\/www.diarioimagen.net\/index.php?rest_route=\/wp\/v2\/posts\/710810","targetHints":{"allow":["GET"]}}],"collection":[{"href":"https:\/\/www.diarioimagen.net\/index.php?rest_route=\/wp\/v2\/posts"}],"about":[{"href":"https:\/\/www.diarioimagen.net\/index.php?rest_route=\/wp\/v2\/types\/post"}],"author":[{"embeddable":true,"href":"https:\/\/www.diarioimagen.net\/index.php?rest_route=\/wp\/v2\/users\/14"}],"replies":[{"embeddable":true,"href":"https:\/\/www.diarioimagen.net\/index.php?rest_route=%2Fwp%2Fv2%2Fcomments&post=710810"}],"version-history":[{"count":1,"href":"https:\/\/www.diarioimagen.net\/index.php?rest_route=\/wp\/v2\/posts\/710810\/revisions"}],"predecessor-version":[{"id":710830,"href":"https:\/\/www.diarioimagen.net\/index.php?rest_route=\/wp\/v2\/posts\/710810\/revisions\/710830"}],"wp:featuredmedia":[{"embeddable":true,"href":"https:\/\/www.diarioimagen.net\/index.php?rest_route=\/wp\/v2\/media\/710820"}],"wp:attachment":[{"href":"https:\/\/www.diarioimagen.net\/index.php?rest_route=%2Fwp%2Fv2%2Fmedia&parent=710810"}],"wp:term":[{"taxonomy":"category","embeddable":true,"href":"https:\/\/www.diarioimagen.net\/index.php?rest_route=%2Fwp%2Fv2%2Fcategories&post=710810"},{"taxonomy":"post_tag","embeddable":true,"href":"https:\/\/www.diarioimagen.net\/index.php?rest_route=%2Fwp%2Fv2%2Ftags&post=710810"}],"curies":[{"name":"wp","href":"https:\/\/api.w.org\/{rel}","templated":true}]}}