{"id":710837,"date":"2026-03-09T21:34:44","date_gmt":"2026-03-10T03:34:44","guid":{"rendered":"https:\/\/www.diarioimagen.net\/?p=710837"},"modified":"2026-03-10T10:02:33","modified_gmt":"2026-03-10T16:02:33","slug":"en-la-nueva-escuela-mexicana-educar-es-formar-personas-libres-mario-delgado","status":"publish","type":"post","link":"https:\/\/www.diarioimagen.net\/?p=710837","title":{"rendered":"En la Nueva Escuela  Mexicana, educar es formar  personas libres: Mario Delgado"},"content":{"rendered":"<p>&nbsp;<\/p>\n<ul>\n<li><strong>A 100 a\u00f1os de la educaci\u00f3n secundaria<\/strong><\/li>\n<li><strong>Convoca a registrarse a bachillerato a partir del 17 de marzo en la plataforma \u201cMi derecho, mi lugar\u201d<\/strong><\/li>\n<\/ul>\n<p><img loading=\"lazy\" decoding=\"async\" class=\"alignnone wp-image-710834 size-large\" src=\"https:\/\/www.diarioimagen.net\/wp-content\/uploads\/2026\/03\/SEP-ok-1-405x270.jpg\" alt=\"\" width=\"405\" height=\"270\" srcset=\"https:\/\/www.diarioimagen.net\/wp-content\/uploads\/2026\/03\/SEP-ok-1-405x270.jpg 405w, https:\/\/www.diarioimagen.net\/wp-content\/uploads\/2026\/03\/SEP-ok-1-240x160.jpg 240w, https:\/\/www.diarioimagen.net\/wp-content\/uploads\/2026\/03\/SEP-ok-1-768x511.jpg 768w, https:\/\/www.diarioimagen.net\/wp-content\/uploads\/2026\/03\/SEP-ok-1.jpg 1500w\" sizes=\"auto, (max-width: 405px) 100vw, 405px\" \/><\/p>\n<p>En medio de una fiesta cultural, deportiva, comunitaria y art\u00edstica, el secretario de Educaci\u00f3n P\u00fablica, Mario Delgado Carrillo, encabez\u00f3 el festejo nacional por el Centenario de las Escuelas Secundarias, nivel educativo que actualmente cuenta con 42 mil 975 planteles p\u00fablicos y privados, con una matr\u00edcula de 6 millones 293 mil 530 alumnas y alumnos, quienes son atendidos por 421 mil 972 docentes en todo el pa\u00eds.<\/p>\n<p>&nbsp;<\/p>\n<p>En la Escuela Secundaria No. 4 \u201cMois\u00e9s S\u00e1enz\u201d, en la Ciudad de M\u00e9xico, donde m\u00e1s de 2 mil alumnas y alumnos, maestras, maestros, directoras, directores, madres y padres de familia de secundarias centenarias como la 1, 2 y 3 participaron en este festejo, el titular de la SEP asegur\u00f3 que un pueblo que descuida la educaci\u00f3n de sus j\u00f3venes se mutila a s\u00ed mismo.<\/p>\n<p>&nbsp;<\/p>\n<p>Por ello, agreg\u00f3, la Presidenta Claudia Sheinbaum Pardo cre\u00f3 la Beca Rita Cetina, que hoy apoya a 5.6 millones de alumnas y alumnos de secundaria en todo el pa\u00eds, con el objetivo de que no abandonen la escuela y contin\u00faen con sus estudios.<\/p>\n<p>&nbsp;<\/p>\n<p>Al dirigirse a las y los alumnos de tercer grado les coment\u00f3 que por instrucciones de la Presidenta de M\u00e9xico el a\u00f1o pasado se elimin\u00f3 el examen Comipems para ingresar al bachillerato, ya que como dijo, \u00abvamos a quitar ese examen, porque la educaci\u00f3n es un derecho, no es una competencia\u00bb y lo sustituy\u00f3 por el programa \u201cMi derecho, mi lugar\u201d.<\/p>\n<p>&nbsp;<\/p>\n<p>Inform\u00f3 que, a trav\u00e9s de este nuevo sistema, el a\u00f1o pasado el 98 por ciento de las y los adolescentes qued\u00f3 entre sus tres primeras opciones, es decir, en la preparatoria a la que deseaban asistir, lo que impacta positivamente en la disminuci\u00f3n de la deserci\u00f3n.<\/p>\n<p>Detall\u00f3 que el registro al programa \u201cMi derecho, mi lugar\u201d iniciar\u00e1 a partir del 17 de marzo. \u201cUstedes que van a la preparatoria se pueden inscribir libremente. Y ah\u00ed ya los esperamos con la Beca Benito Ju\u00e1rez para que nadie deje de estudiar\u201d, expres\u00f3.<\/p>\n<p>&nbsp;<\/p>\n<p>Delgado Carrillo afirm\u00f3 que, en la Nueva Escuela Mexicana (NEM), comprendemos que educar es formar personas libres, capaces de pensar por s\u00ed mismas, convivir en la diferencia y reconocerse en las y los dem\u00e1s.<\/p>\n<p>&nbsp;<\/p>\n<p>Por ello, el titular de la SEP se\u00f1al\u00f3 que, a 100 a\u00f1os del inicio del sistema de secundarias, es tiempo de hacer una pausa para revisar, analizar y reflexionar sobre este nivel educativo, con el prop\u00f3sito de adecuarlo a la realidad que viven nuestras juventudes y adolescencias.<\/p>\n<p>&nbsp;<\/p>\n<p>Por su parte, la subsecretaria de Educaci\u00f3n B\u00e1sica, Ang\u00e9lica Noem\u00ed Ju\u00e1rez P\u00e9rez, se\u00f1al\u00f3 que la SEP impulsa programas de apoyo a las familias para garantizar la permanencia escolar de ni\u00f1as, ni\u00f1os y adolescentes, y que, bajo el liderazgo del secretario Mario Delgado Carrillo, se fortalece la educaci\u00f3n p\u00fablica para que ning\u00fan estudiante abandone sus estudios por falta de recursos, reafirmando el compromiso con la transformaci\u00f3n del pa\u00eds.<\/p>\n<p>&nbsp;<\/p>\n<p>En su oportunidad el titular de la Autoridad Educativa Federal en la Ciudad de M\u00e9xico (AEFCM), Luciano Concheiro B\u00f3rquez, celebr\u00f3 que hace un siglo se otorgara una voz y un lugar propio a la escuela secundaria, nivel en el que, adem\u00e1s de despertar entre las y los estudiantes el sentido de identidad y pertenencia, tambi\u00e9n se cuestionan dogmas y se definen proyectos de vida.<\/p>\n<p>&nbsp;<\/p>\n<p>Durante su intervenci\u00f3n, el secretario de Educaci\u00f3n, Ciencia, Tecnolog\u00eda e Innovaci\u00f3n de la Ciudad de M\u00e9xico, Pedro Moctezuma Barrag\u00e1n, en representaci\u00f3n de la jefa de Gobierno, Clara Brugada Molina, se\u00f1al\u00f3 que hablar de educaci\u00f3n secundaria es hablar de formaci\u00f3n integral y de una educaci\u00f3n \u00e9tica para vencer al clasismo y al racismo.<\/p>\n<p>&nbsp;<\/p>\n<p>Delgado Carrillo tambi\u00e9n encabez\u00f3 la entrega de reconocimientos a representantes de los sectores que participaron en la elaboraci\u00f3n del Libro Conmemorativo del Centenario: al estudiante Bruno Rivera G\u00f3mez, de la Secundaria 199, quien particip\u00f3 en el \u00e1rea de Pintura; Alexa P\u00e9rez Hern\u00e1ndez, de la Secundaria T\u00e9cnica No. 78, quien colabor\u00f3 en Artes Visuales; Roberto Platas Zavala, inspector de secundarias que particip\u00f3 en Artes Visuales; a la directora de la Secundaria 10, Mar\u00eda del Refugio Pe\u00f1uelas Armenta, as\u00ed como al docente Daniel Mart\u00ednez Carrillo, de la Secundaria 151, quien particip\u00f3 en Artes Pl\u00e1sticas y es creador de uno de los murales del centenario.<\/p>\n<p><strong>\u00a0<\/strong><\/p>\n<p>&nbsp;<\/p>\n","protected":false},"excerpt":{"rendered":"<p>&nbsp; A 100 a\u00f1os de la educaci\u00f3n secundaria Convoca a registrarse a bachillerato a partir del 17 de marzo en la plataforma \u201cMi derecho, mi lugar\u201d En medio de una fiesta cultural, deportiva, comunitaria y art\u00edstica, el secretario de Educaci\u00f3n P\u00fablica, Mario Delgado Carrillo, encabez\u00f3 el festejo nacional por el Centenario de las Escuelas Secundarias, [&hellip;]<\/p>\n","protected":false},"author":14,"featured_media":710834,"comment_status":"open","ping_status":"open","sticky":false,"template":"","format":"standard","meta":{"_monsterinsights_skip_tracking":false,"_monsterinsights_sitenote_active":false,"_monsterinsights_sitenote_note":"","_monsterinsights_sitenote_category":0,"footnotes":""},"categories":[3],"tags":[],"class_list":["post-710837","post","type-post","status-publish","format-standard","has-post-thumbnail","hentry","category-nacional"],"_links":{"self":[{"href":"https:\/\/www.diarioimagen.net\/index.php?rest_route=\/wp\/v2\/posts\/710837","targetHints":{"allow":["GET"]}}],"collection":[{"href":"https:\/\/www.diarioimagen.net\/index.php?rest_route=\/wp\/v2\/posts"}],"about":[{"href":"https:\/\/www.diarioimagen.net\/index.php?rest_route=\/wp\/v2\/types\/post"}],"author":[{"embeddable":true,"href":"https:\/\/www.diarioimagen.net\/index.php?rest_route=\/wp\/v2\/users\/14"}],"replies":[{"embeddable":true,"href":"https:\/\/www.diarioimagen.net\/index.php?rest_route=%2Fwp%2Fv2%2Fcomments&post=710837"}],"version-history":[{"count":1,"href":"https:\/\/www.diarioimagen.net\/index.php?rest_route=\/wp\/v2\/posts\/710837\/revisions"}],"predecessor-version":[{"id":710838,"href":"https:\/\/www.diarioimagen.net\/index.php?rest_route=\/wp\/v2\/posts\/710837\/revisions\/710838"}],"wp:featuredmedia":[{"embeddable":true,"href":"https:\/\/www.diarioimagen.net\/index.php?rest_route=\/wp\/v2\/media\/710834"}],"wp:attachment":[{"href":"https:\/\/www.diarioimagen.net\/index.php?rest_route=%2Fwp%2Fv2%2Fmedia&parent=710837"}],"wp:term":[{"taxonomy":"category","embeddable":true,"href":"https:\/\/www.diarioimagen.net\/index.php?rest_route=%2Fwp%2Fv2%2Fcategories&post=710837"},{"taxonomy":"post_tag","embeddable":true,"href":"https:\/\/www.diarioimagen.net\/index.php?rest_route=%2Fwp%2Fv2%2Ftags&post=710837"}],"curies":[{"name":"wp","href":"https:\/\/api.w.org\/{rel}","templated":true}]}}