{"id":710845,"date":"2026-03-09T21:42:42","date_gmt":"2026-03-10T03:42:42","guid":{"rendered":"https:\/\/www.diarioimagen.net\/?p=710845"},"modified":"2026-03-09T21:42:42","modified_gmt":"2026-03-10T03:42:42","slug":"se-han-aplicado-mas-de-26-7-millones-de-vacunas-contra-el-sarampion-ssa","status":"publish","type":"post","link":"https:\/\/www.diarioimagen.net\/?p=710845","title":{"rendered":"\u00a0  Se han aplicado m\u00e1s de  26.7 millones de vacunas  \u00a0contra el sarampi\u00f3n: Ssa"},"content":{"rendered":"<ul>\n<li><strong>Campa\u00f1a nacional de prevenci\u00f3n<\/strong><\/li>\n<li><strong>La inmunizaci\u00f3n es prioritaria para ni\u00f1as y ni\u00f1os de 6 meses a 12 a\u00f1os, el grupo que requiere mayor protecci\u00f3n<\/strong><\/li>\n<\/ul>\n<div id=\"attachment_710846\" style=\"width: 470px\" class=\"wp-caption alignnone\"><img loading=\"lazy\" decoding=\"async\" aria-describedby=\"caption-attachment-710846\" class=\"wp-image-710846 size-large\" src=\"https:\/\/www.diarioimagen.net\/wp-content\/uploads\/2026\/03\/SALUD-ok-2-460x202.jpg\" alt=\"\" width=\"460\" height=\"202\" srcset=\"https:\/\/www.diarioimagen.net\/wp-content\/uploads\/2026\/03\/SALUD-ok-2-460x202.jpg 460w, https:\/\/www.diarioimagen.net\/wp-content\/uploads\/2026\/03\/SALUD-ok-2-240x105.jpg 240w, https:\/\/www.diarioimagen.net\/wp-content\/uploads\/2026\/03\/SALUD-ok-2-768x337.jpg 768w, https:\/\/www.diarioimagen.net\/wp-content\/uploads\/2026\/03\/SALUD-ok-2.jpg 1500w\" sizes=\"auto, (max-width: 460px) 100vw, 460px\" \/><p id=\"caption-attachment-710846\" class=\"wp-caption-text\">El Sector Salud ha aplicado 26 millones 796 mil 106 vacunas contra el sarampi\u00f3n en todo el pa\u00eds, como parte de la Estrategia Nacional contra el Sarampi\u00f3n.<\/p><\/div>\n<p>&nbsp;<\/p>\n<p>La Secretar\u00eda de Salud informa que, del 1 de enero de 2025 al 06 de marzo de 2026, el Sector Salud ha aplicado 26 millones 796 mil 106 vacunas contra el sarampi\u00f3n en todo el pa\u00eds, como parte de la Estrategia Nacional contra el Sarampi\u00f3n, con el objetivo de fortalecer la protecci\u00f3n de la poblaci\u00f3n y prevenir brotes de esta enfermedad.<\/p>\n<p>Como parte de esta estrategia, se refuerza el llamado a madres, padres y cuidadores para vacunar oportunamente a ni\u00f1as y ni\u00f1os de 6 meses a 12 a\u00f1os, ya que este grupo requiere especial protecci\u00f3n para evitar contagios y cortar cadenas de transmisi\u00f3n.<\/p>\n<p>Estas acciones se realizan de manera coordinada con las instituciones que integran el Sector Salud: IMSS, ISSSTE, IMSS-Bienestar, Pemex, Secretar\u00eda de la Defensa Nacional y Secretar\u00eda de Marina, adem\u00e1s de los gobiernos estatales, con el prop\u00f3sito de ampliar la cobertura de vacunaci\u00f3n en todo el territorio nacional.<\/p>\n<p>La vacunaci\u00f3n est\u00e1 dirigida de manera prioritaria a:<\/p>\n<p>&#8211; Ni\u00f1as y ni\u00f1os de 6 meses a 12 a\u00f1os que no cuenten con ninguna dosis o requieran completar su esquema o refuerzo.<\/p>\n<p>&#8211; Personas de 13 a 49 a\u00f1os que no tengan antecedente vacunal o presenten esquemas incompletos.<\/p>\n<p>Para conocer el centro de vacunaci\u00f3n m\u00e1s cercano, la poblaci\u00f3n puede consultar la plataforma dondemevacuno.salud.gob.mx o comunicarse al 079, donde se brinda orientaci\u00f3n gratuita.<\/p>\n<p>La Secretar\u00eda de Salud hace un llamado a revisar las cartillas de vacunaci\u00f3n y acudir oportunamente a los servicios de salud, especialmente en el caso de ni\u00f1as y ni\u00f1os, para iniciar o completar su esquema. La vacunaci\u00f3n es una medida segura, gratuita y fundamental para proteger la salud individual y colectiva.<\/p>\n<p>&nbsp;<\/p>\n<p>&nbsp;<\/p>\n<p>&nbsp;<\/p>\n<p><strong>\u00a0<\/strong><\/p>\n<p>&nbsp;<\/p>\n<p><strong>\u00a0<\/strong><\/p>\n<p><strong>\u00a0<\/strong><\/p>\n","protected":false},"excerpt":{"rendered":"<p>Campa\u00f1a nacional de prevenci\u00f3n La inmunizaci\u00f3n es prioritaria para ni\u00f1as y ni\u00f1os de 6 meses a 12 a\u00f1os, el grupo que requiere mayor protecci\u00f3n &nbsp; La Secretar\u00eda de Salud informa que, del 1 de enero de 2025 al 06 de marzo de 2026, el Sector Salud ha aplicado 26 millones 796 mil 106 vacunas contra [&hellip;]<\/p>\n","protected":false},"author":14,"featured_media":710846,"comment_status":"open","ping_status":"open","sticky":false,"template":"","format":"standard","meta":{"_monsterinsights_skip_tracking":false,"_monsterinsights_sitenote_active":false,"_monsterinsights_sitenote_note":"","_monsterinsights_sitenote_category":0,"footnotes":""},"categories":[877],"tags":[],"class_list":["post-710845","post","type-post","status-publish","format-standard","has-post-thumbnail","hentry","category-salud"],"_links":{"self":[{"href":"https:\/\/www.diarioimagen.net\/index.php?rest_route=\/wp\/v2\/posts\/710845","targetHints":{"allow":["GET"]}}],"collection":[{"href":"https:\/\/www.diarioimagen.net\/index.php?rest_route=\/wp\/v2\/posts"}],"about":[{"href":"https:\/\/www.diarioimagen.net\/index.php?rest_route=\/wp\/v2\/types\/post"}],"author":[{"embeddable":true,"href":"https:\/\/www.diarioimagen.net\/index.php?rest_route=\/wp\/v2\/users\/14"}],"replies":[{"embeddable":true,"href":"https:\/\/www.diarioimagen.net\/index.php?rest_route=%2Fwp%2Fv2%2Fcomments&post=710845"}],"version-history":[{"count":1,"href":"https:\/\/www.diarioimagen.net\/index.php?rest_route=\/wp\/v2\/posts\/710845\/revisions"}],"predecessor-version":[{"id":710847,"href":"https:\/\/www.diarioimagen.net\/index.php?rest_route=\/wp\/v2\/posts\/710845\/revisions\/710847"}],"wp:featuredmedia":[{"embeddable":true,"href":"https:\/\/www.diarioimagen.net\/index.php?rest_route=\/wp\/v2\/media\/710846"}],"wp:attachment":[{"href":"https:\/\/www.diarioimagen.net\/index.php?rest_route=%2Fwp%2Fv2%2Fmedia&parent=710845"}],"wp:term":[{"taxonomy":"category","embeddable":true,"href":"https:\/\/www.diarioimagen.net\/index.php?rest_route=%2Fwp%2Fv2%2Fcategories&post=710845"},{"taxonomy":"post_tag","embeddable":true,"href":"https:\/\/www.diarioimagen.net\/index.php?rest_route=%2Fwp%2Fv2%2Ftags&post=710845"}],"curies":[{"name":"wp","href":"https:\/\/api.w.org\/{rel}","templated":true}]}}