{"id":710848,"date":"2026-03-09T21:44:20","date_gmt":"2026-03-10T03:44:20","guid":{"rendered":"https:\/\/www.diarioimagen.net\/?p=710848"},"modified":"2026-03-09T21:44:20","modified_gmt":"2026-03-10T03:44:20","slug":"proteccion-de-mujeres-es-politica-de-estado-en-puebla-alejandro-armenta","status":"publish","type":"post","link":"https:\/\/www.diarioimagen.net\/?p=710848","title":{"rendered":"Protecci\u00f3n de mujeres es pol\u00edtica de  Estado en Puebla: Alejandro Armenta"},"content":{"rendered":"<ul>\n<li><strong>Saldo blanco durante las manifestaciones en el marco del 8M<\/strong><\/li>\n<\/ul>\n<p><strong>\u00a0<\/strong><\/p>\n<div id=\"attachment_710849\" style=\"width: 415px\" class=\"wp-caption alignnone\"><img loading=\"lazy\" decoding=\"async\" aria-describedby=\"caption-attachment-710849\" class=\"wp-image-710849 size-large\" src=\"https:\/\/www.diarioimagen.net\/wp-content\/uploads\/2026\/03\/PUEBLA-ok-1-405x270.jpg\" alt=\"\" width=\"405\" height=\"270\" srcset=\"https:\/\/www.diarioimagen.net\/wp-content\/uploads\/2026\/03\/PUEBLA-ok-1-405x270.jpg 405w, https:\/\/www.diarioimagen.net\/wp-content\/uploads\/2026\/03\/PUEBLA-ok-1-240x160.jpg 240w, https:\/\/www.diarioimagen.net\/wp-content\/uploads\/2026\/03\/PUEBLA-ok-1-768x511.jpg 768w, https:\/\/www.diarioimagen.net\/wp-content\/uploads\/2026\/03\/PUEBLA-ok-1.jpg 1500w\" sizes=\"auto, (max-width: 405px) 100vw, 405px\" \/><p id=\"caption-attachment-710849\" class=\"wp-caption-text\">El gobernador de Puebla, Alejandro Armenta Mier, subray\u00f3 que la igualdad y la protecci\u00f3n de los derechos de las mujeres es una pol\u00edtica permanente del gobierno del estado.<\/p><\/div>\n<p>Ciudad de Puebla, Pue.- En el marco de las actividades conmemorativas del D\u00eda Internacional de la Mujer, el gobernador de Puebla, Alejandro Armenta Mier, subray\u00f3 que la igualdad y la protecci\u00f3n de los derechos de las mujeres es una pol\u00edtica permanente del gobierno del estado, por lo que en Puebla se trabaja los 365 d\u00edas del a\u00f1o para prevenir la violencia y fortalecer el empoderamiento femenino, en congruencia con la visi\u00f3n humanista y con perspectiva de g\u00e9nero que impulsa la presidenta de M\u00e9xico, Claudia Sheinbaum.<\/p>\n<p>&nbsp;<\/p>\n<p>En este mismo contexto, la directora de Emergencias del C5i de la Secretar\u00eda de Seguridad P\u00fablica, Susana Reyes P\u00e9rez, inform\u00f3 que las autoridades estatales, federales y municipales mantuvieron coordinaci\u00f3n permanente para acompa\u00f1ar las actividades y movilizaciones realizadas con motivo del D\u00eda Internacional de la Mujer, lo que garantiz\u00f3 el respeto a la libre manifestaci\u00f3n y la atenci\u00f3n oportuna a cualquier situaci\u00f3n que pudiera presentarse.<\/p>\n<p>&nbsp;<\/p>\n<p>Inform\u00f3 que, desde el Centro de Mando Interinstitucional instalado en el Complejo Metropolitano de Seguridad, m\u00e1s de 90 servidores p\u00fablicos de 37 instancias federales, estatales y municipales monitorearon en tiempo real 81 eventos conmemorativos. Resalt\u00f3 que, por parte de la Secretar\u00eda de Seguridad P\u00fablica (SSP), fueron desplegados mil 332 elementos en todo el estado, prioritariamente mujeres de las distintas \u00e1reas operativas de la Polic\u00eda Estatal, quienes trabajaron coordinadamente con la Secretar\u00eda de Marina (Semar), Secretar\u00eda de la Defensa Nacional (Defensa), Guardia Nacional (GN), Protecci\u00f3n Civil, corporaciones municipales y cuerpos de emergencia.<\/p>\n<p>&nbsp;<\/p>\n<p>En su mensaje, la secretaria de las Mujeres, Yadira Lira Navarro, mencion\u00f3 que el Gobierno del Estado de Puebla garantiza los derechos, la seguridad y el bienestar de este g\u00e9nero, por lo que, los diversos pliegos petitorios y propuestas durante la movilizaci\u00f3n realizada el domingo 8 de marzo por colectivas y organizaciones, ser\u00e1n analizados y atendidos con empat\u00eda y responsabilidad. \u201cPorque escuchar a las mujeres es parte fundamental de construir una sociedad m\u00e1s justa\u201d, afirm\u00f3 la secretaria.<\/p>\n<p>&nbsp;<\/p>\n<p>Finalmente, la presidenta de la Comisi\u00f3n de Derechos Humanos del Estado de Puebla, Rosa Icela S\u00e1nchez Soya, explic\u00f3 que durante el 8M realizaron acciones de monitoreo y observaci\u00f3n, con el objetivo de brindar acompa\u00f1amiento a las participantes y garantizar el ejercicio de la libertad de expresi\u00f3n y de manifestaci\u00f3n. \u201cLa intervenci\u00f3n de la Comisi\u00f3n se limit\u00f3 a la vigilancia preventiva, con el prop\u00f3sito de verificar que los elementos de seguridad p\u00fablica mantuvieran la debida distancia y evitaran escalar cualquier situaci\u00f3n\u201d, apunt\u00f3.<\/p>\n<p>&nbsp;<\/p>\n<p>&nbsp;<\/p>\n<p>&nbsp;<\/p>\n<p>&nbsp;<\/p>\n","protected":false},"excerpt":{"rendered":"<p>Saldo blanco durante las manifestaciones en el marco del 8M \u00a0 Ciudad de Puebla, Pue.- En el marco de las actividades conmemorativas del D\u00eda Internacional de la Mujer, el gobernador de Puebla, Alejandro Armenta Mier, subray\u00f3 que la igualdad y la protecci\u00f3n de los derechos de las mujeres es una pol\u00edtica permanente del gobierno del [&hellip;]<\/p>\n","protected":false},"author":14,"featured_media":710849,"comment_status":"open","ping_status":"open","sticky":false,"template":"","format":"standard","meta":{"_monsterinsights_skip_tracking":false,"_monsterinsights_sitenote_active":false,"_monsterinsights_sitenote_note":"","_monsterinsights_sitenote_category":0,"footnotes":""},"categories":[3],"tags":[],"class_list":["post-710848","post","type-post","status-publish","format-standard","has-post-thumbnail","hentry","category-nacional"],"_links":{"self":[{"href":"https:\/\/www.diarioimagen.net\/index.php?rest_route=\/wp\/v2\/posts\/710848","targetHints":{"allow":["GET"]}}],"collection":[{"href":"https:\/\/www.diarioimagen.net\/index.php?rest_route=\/wp\/v2\/posts"}],"about":[{"href":"https:\/\/www.diarioimagen.net\/index.php?rest_route=\/wp\/v2\/types\/post"}],"author":[{"embeddable":true,"href":"https:\/\/www.diarioimagen.net\/index.php?rest_route=\/wp\/v2\/users\/14"}],"replies":[{"embeddable":true,"href":"https:\/\/www.diarioimagen.net\/index.php?rest_route=%2Fwp%2Fv2%2Fcomments&post=710848"}],"version-history":[{"count":1,"href":"https:\/\/www.diarioimagen.net\/index.php?rest_route=\/wp\/v2\/posts\/710848\/revisions"}],"predecessor-version":[{"id":710850,"href":"https:\/\/www.diarioimagen.net\/index.php?rest_route=\/wp\/v2\/posts\/710848\/revisions\/710850"}],"wp:featuredmedia":[{"embeddable":true,"href":"https:\/\/www.diarioimagen.net\/index.php?rest_route=\/wp\/v2\/media\/710849"}],"wp:attachment":[{"href":"https:\/\/www.diarioimagen.net\/index.php?rest_route=%2Fwp%2Fv2%2Fmedia&parent=710848"}],"wp:term":[{"taxonomy":"category","embeddable":true,"href":"https:\/\/www.diarioimagen.net\/index.php?rest_route=%2Fwp%2Fv2%2Fcategories&post=710848"},{"taxonomy":"post_tag","embeddable":true,"href":"https:\/\/www.diarioimagen.net\/index.php?rest_route=%2Fwp%2Fv2%2Ftags&post=710848"}],"curies":[{"name":"wp","href":"https:\/\/api.w.org\/{rel}","templated":true}]}}