{"id":710860,"date":"2026-03-09T21:51:02","date_gmt":"2026-03-10T03:51:02","guid":{"rendered":"https:\/\/www.diarioimagen.net\/?p=710860"},"modified":"2026-03-09T21:51:02","modified_gmt":"2026-03-10T03:51:02","slug":"madrugar-para-ganar","status":"publish","type":"post","link":"https:\/\/www.diarioimagen.net\/?p=710860","title":{"rendered":"Madrugar para\u00a0ganar\u00a0"},"content":{"rendered":"<p><strong>Aunque Pese\u00a0 <\/strong><strong>Salvador Mart\u00ednez G.<\/strong><\/p>\n<p><strong>\u00a0<\/strong><\/p>\n<p><strong>\u00a0<\/strong><\/p>\n<p>&nbsp;<\/p>\n<p>\u201cA quien madruga, Dios lo ayuda\u201d, dice el refr\u00e1n, que bien se puede aplicar a la decisi\u00f3n tomada en el Consejo Nacional de Morena, para que el pr\u00f3ximo 22 de junio se definan a sus coordinadores estatales, l\u00e9ase candidatos, en las 17 entidades donde se disputar\u00e1 la gubernatura.<\/p>\n<p>Para todos es claro que ser Coordinador Estatal de los Comit\u00e9s de Defensa de la Transformaci\u00f3n significa que se convertir\u00e1n en la candidatura oficial a la gubernatura correspondiente; as\u00ed lo han hecho ya y, en este caso, con 8 meses de antelaci\u00f3n al proceso electoral formal, lo que les permitir\u00e1 ganar mucho tiempo en el posicionamiento y en campa\u00f1as pol\u00edticas, nada encubiertas, protegidas por el cargo de coordinador.<\/p>\n<p>El m\u00e9todo para designar a los coordinadores ser\u00e1 el de las encuestas, con el cual la dirigencia de Morena o quien tome la decisi\u00f3n final determinar\u00e1 qui\u00e9nes ser\u00e1n sus abanderados en las contiendas estatales, pero muchos dudan de la legitimidad de estos muestreos.<\/p>\n<p>El real problema de Morena no son las elecciones en s\u00ed mismas ni la unidad interna que hoy se ve amenazada por la existencia de diversos grupos, muchos de los cuales no est\u00e1n dispuestos a ceder en sus aspiraciones leg\u00edtimas o no.<\/p>\n<p>Seis ser\u00e1n los finalistas por estado (tres hombres y tres mujeres); de ah\u00ed saldr\u00e1 el ungido o ungida, quienes enfrentar\u00e1n la guerra anticipada, las campa\u00f1as negras, los operadores pol\u00edticos pagados con recursos p\u00fablicos y un sinf\u00edn de marruller\u00edas que pondr\u00e1n en riesgo la estabilidad del propio partido.<\/p>\n<p>En teor\u00eda, no se permitir\u00e1n espectaculares, publicidad pagada en redes sociales, reparto de despensas o d\u00e1divas, ni captaci\u00f3n de recursos en efectivo, as\u00ed como la tolerancia cero en ataque entre los suspirantes. Eso dice la teor\u00eda, ya veremos la realidad, porque la disputa m\u00e1s feroz se dar\u00e1 entre sus filas.<\/p>\n<p>De ah\u00ed la preocupaci\u00f3n de la a\u00fan Presidenta de Morena, Luisa Mar\u00eda Alcalde, y del Presidente de su Consejo Nacional, Alfonso Durazo, quienes sostuvieron que la unidad es el valor supremo y que no se permitir\u00e1 que los grillos desestabilicen el proyecto de la 4T. Ya veremos.<\/p>\n<p>&nbsp;<\/p>\n<p><strong>Susurros<\/strong><\/p>\n<p>&nbsp;<\/p>\n<p>Estamos a menos de 100 d\u00edas del Campeonato Mundial de Futbol y se carece de una estrategia del manejo de crisis en el \u00e1mbito de la promoci\u00f3n tur\u00edstica, como se evidencia a ra\u00edz de la captura y muerte de Nemesio Oseguera Cervantes \u201cEl Mencho\u201d.<\/p>\n<p>Al respecto, el presidente del Consejo Hotelero del Caribe Mexicano (CHCM), David Ortiz Mena, dej\u00f3 en claro que, en la regi\u00f3n, la de mayor captaci\u00f3n de visitantes extranjeros, no se vieron afectaciones ni obstrucciones en las v\u00edas federales, por lo que la alerta emitida por Estados Unidos s\u00f3lo incluy\u00f3 unas horas a Quintana Roo.<\/p>\n<p>Un manejo de crisis \u201cno consiste en que un funcionario salga a decir que todo est\u00e1 bien, sino en contar con una estructura que permita difundir una estrategia de promoci\u00f3n positiva y de contenci\u00f3n\u201d y as\u00ed minimizar el impacto de una actividad econ\u00f3mica de la que dependen cinco millones de mexicanos.<\/p>\n<p>&nbsp;<\/p>\n<p><a href=\"mailto:salvadormartinez@visionmx.com\"><strong><em>salvadormartinez@visionmx.com<\/em><\/strong><\/a><\/p>\n<p><strong><em>X: @salvador_mtz<\/em><\/strong><\/p>\n<p><strong><em>\u00a0<\/em><\/strong><\/p>\n<p>&nbsp;<\/p>\n","protected":false},"excerpt":{"rendered":"<p>Aunque Pese\u00a0 Salvador Mart\u00ednez G. \u00a0 \u00a0 &nbsp; \u201cA quien madruga, Dios lo ayuda\u201d, dice el refr\u00e1n, que bien se puede aplicar a la decisi\u00f3n tomada en el Consejo Nacional de Morena, para que el pr\u00f3ximo 22 de junio se definan a sus coordinadores estatales, l\u00e9ase candidatos, en las 17 entidades donde se disputar\u00e1 la [&hellip;]<\/p>\n","protected":false},"author":14,"featured_media":0,"comment_status":"open","ping_status":"open","sticky":false,"template":"","format":"standard","meta":{"_monsterinsights_skip_tracking":false,"_monsterinsights_sitenote_active":false,"_monsterinsights_sitenote_note":"","_monsterinsights_sitenote_category":0,"footnotes":""},"categories":[4,96743],"tags":[],"class_list":["post-710860","post","type-post","status-publish","format-standard","hentry","category-opinion","category-salvador-martinez-garcia"],"_links":{"self":[{"href":"https:\/\/www.diarioimagen.net\/index.php?rest_route=\/wp\/v2\/posts\/710860","targetHints":{"allow":["GET"]}}],"collection":[{"href":"https:\/\/www.diarioimagen.net\/index.php?rest_route=\/wp\/v2\/posts"}],"about":[{"href":"https:\/\/www.diarioimagen.net\/index.php?rest_route=\/wp\/v2\/types\/post"}],"author":[{"embeddable":true,"href":"https:\/\/www.diarioimagen.net\/index.php?rest_route=\/wp\/v2\/users\/14"}],"replies":[{"embeddable":true,"href":"https:\/\/www.diarioimagen.net\/index.php?rest_route=%2Fwp%2Fv2%2Fcomments&post=710860"}],"version-history":[{"count":1,"href":"https:\/\/www.diarioimagen.net\/index.php?rest_route=\/wp\/v2\/posts\/710860\/revisions"}],"predecessor-version":[{"id":710861,"href":"https:\/\/www.diarioimagen.net\/index.php?rest_route=\/wp\/v2\/posts\/710860\/revisions\/710861"}],"wp:attachment":[{"href":"https:\/\/www.diarioimagen.net\/index.php?rest_route=%2Fwp%2Fv2%2Fmedia&parent=710860"}],"wp:term":[{"taxonomy":"category","embeddable":true,"href":"https:\/\/www.diarioimagen.net\/index.php?rest_route=%2Fwp%2Fv2%2Fcategories&post=710860"},{"taxonomy":"post_tag","embeddable":true,"href":"https:\/\/www.diarioimagen.net\/index.php?rest_route=%2Fwp%2Fv2%2Ftags&post=710860"}],"curies":[{"name":"wp","href":"https:\/\/api.w.org\/{rel}","templated":true}]}}