{"id":710865,"date":"2026-03-09T21:55:55","date_gmt":"2026-03-10T03:55:55","guid":{"rendered":"https:\/\/www.diarioimagen.net\/?p=710865"},"modified":"2026-03-09T21:55:55","modified_gmt":"2026-03-10T03:55:55","slug":"uaemex-presenta-su-segunda-temporada-de-teatro-universitario-2026","status":"publish","type":"post","link":"https:\/\/www.diarioimagen.net\/?p=710865","title":{"rendered":"UAEM\u00e9x presenta su Segunda Temporada de Teatro Universitario 2026"},"content":{"rendered":"<p><strong>\u00a0<\/strong><strong>\u00a0<\/strong><\/p>\n<div id=\"attachment_710866\" style=\"width: 415px\" class=\"wp-caption alignnone\"><img loading=\"lazy\" decoding=\"async\" aria-describedby=\"caption-attachment-710866\" class=\"wp-image-710866 size-large\" src=\"https:\/\/www.diarioimagen.net\/wp-content\/uploads\/2026\/03\/UAEM-405x270.jpg\" alt=\"\" width=\"405\" height=\"270\" srcset=\"https:\/\/www.diarioimagen.net\/wp-content\/uploads\/2026\/03\/UAEM-405x270.jpg 405w, https:\/\/www.diarioimagen.net\/wp-content\/uploads\/2026\/03\/UAEM-240x160.jpg 240w, https:\/\/www.diarioimagen.net\/wp-content\/uploads\/2026\/03\/UAEM-768x512.jpg 768w, https:\/\/www.diarioimagen.net\/wp-content\/uploads\/2026\/03\/UAEM-1536x1023.jpg 1536w, https:\/\/www.diarioimagen.net\/wp-content\/uploads\/2026\/03\/UAEM-2048x1364.jpg 2048w\" sizes=\"auto, (max-width: 405px) 100vw, 405px\" \/><p id=\"caption-attachment-710866\" class=\"wp-caption-text\">En la Segunda Temporada de Teatro Universitario 2026 se ofrecer\u00e1n diversas puestas en escena que abordan temas sociales, existenciales y propuestas para p\u00fablico infantil.<\/p><\/div>\n<p>Toluca, M\u00e9x.- Con el prop\u00f3sito de fortalecer la difusi\u00f3n cultural y abrir espacios de expresi\u00f3n art\u00edstica para la comunidad universitaria, la Compa\u00f1\u00eda Universitaria de Teatro de la Universidad Aut\u00f3noma del Estado de M\u00e9xico (UAEM\u00e9x) present\u00f3 la Segunda Temporada de Teatro Universitario 2026, integrada por diversas puestas en escena que abordan tem\u00e1ticas sociales, reflexiones sobre la condici\u00f3n humana y propuestas dirigidas al p\u00fablico infantil.<\/p>\n<p>El jefe de la Unidad de Contenido Digital de la Compa\u00f1\u00eda Universitaria de Teatro, Giovanni Sanzales, explic\u00f3 que esta temporada re\u00fane propuestas esc\u00e9nicas con enfoques diversos, entre ellos, la migraci\u00f3n, la violencia, la relaci\u00f3n con los animales y cuestionamientos existenciales que invitan a la reflexi\u00f3n.<\/p>\n<p>\u201cSon propuestas bastante variadas, con tem\u00e1ticas muy distintas. Hay obras que hablan acerca de la migraci\u00f3n, otras sobre los animales y algunas m\u00e1s que plantean preguntas existenciales. Es una temporada pensada principalmente para adolescentes y adultos, aunque tambi\u00e9n contamos con una propuesta infantil que aborda c\u00f3mo los ni\u00f1os enfrentan sus propios problemas\u201d, se\u00f1al\u00f3.<\/p>\n<p>En el Teatro Universitario \u201cLos Jaguares\u201d se presentar\u00e1n tres montajes. La obra Nido tendr\u00e1 funciones de jueves a s\u00e1bado, a las 17:00 horas, y los domingos, a las 16:00.<\/p>\n<p>Asimismo, \u00a1Eran Infernales! Falsa cr\u00f3nica sobre el infame caso de \u2018Las Poquianchis\u2019 se presentar\u00e1 de jueves a s\u00e1bado, a las 19:00 horas, y los domingos, a las 18:00.<\/p>\n<p>Finalmente, La Primera Noche de los Ni\u00f1os P\u00e1jaro ofrecer\u00e1 funciones los s\u00e1bados y domingos a las 13:00 horas.<\/p>\n<p>Por otra parte, en el Teatro Universitario de C\u00e1mara \u201cEsv\u00f3n Gamaliel\u201d, ubicado en el Edificio de Rector\u00eda, se presentar\u00e1n las obras Firu, una obra sobre los perros en situaci\u00f3n de calle, de jueves a s\u00e1bado, a las 17:00 horas, y Umbrales, de jueves a s\u00e1bado, a las 19:00 horas.<\/p>\n<p>Sanzales destac\u00f3 adem\u00e1s la participaci\u00f3n de egresados de la Licenciatura en Arte Teatral de la UAEM\u00e9x, quienes encuentran en estas producciones una oportunidad para fortalecer su trayectoria profesional. En total, alrededor de 25 actores participan en los distintos montajes que integran la temporada.<\/p>\n<p>La Segunda Temporada de Teatro Universitario 2026 se desarrollar\u00e1 del 12 de marzo al 26 de abril. El costo de acceso ser\u00e1 de 115 pesos entrada general, 90 pesos para personal administrativo y acad\u00e9mico, y 70 pesos para estudiantes e integrantes del INAPAM. Adem\u00e1s, como parte del programa \u201cJueves de Teatro\u201d, el p\u00fablico podr\u00e1 acceder a las funciones con un precio especial de 55 pesos.<\/p>\n<p>De manera paralela, la Compa\u00f1\u00eda Universitaria de Teatro mantiene actividades dirigidas al p\u00fablico familiar, como Teatro Panal, que se realiza los s\u00e1bados, a las 11:00 y 12:00 horas, con funciones gratuitas, as\u00ed como Colmena Esc\u00e9nica, los domingos, a las 15:00 y 16:00 horas, con presentaciones esc\u00e9nicas y talleres.<\/p>\n<p>&nbsp;<\/p>\n<p>&nbsp;<\/p>\n<p>&nbsp;<\/p>\n<p>&nbsp;<\/p>\n","protected":false},"excerpt":{"rendered":"<p>\u00a0\u00a0 Toluca, M\u00e9x.- Con el prop\u00f3sito de fortalecer la difusi\u00f3n cultural y abrir espacios de expresi\u00f3n art\u00edstica para la comunidad universitaria, la Compa\u00f1\u00eda Universitaria de Teatro de la Universidad Aut\u00f3noma del Estado de M\u00e9xico (UAEM\u00e9x) present\u00f3 la Segunda Temporada de Teatro Universitario 2026, integrada por diversas puestas en escena que abordan tem\u00e1ticas sociales, reflexiones sobre [&hellip;]<\/p>\n","protected":false},"author":14,"featured_media":710866,"comment_status":"open","ping_status":"open","sticky":false,"template":"","format":"standard","meta":{"_monsterinsights_skip_tracking":false,"_monsterinsights_sitenote_active":false,"_monsterinsights_sitenote_note":"","_monsterinsights_sitenote_category":0,"footnotes":""},"categories":[16,5],"tags":[],"class_list":["post-710865","post","type-post","status-publish","format-standard","has-post-thumbnail","hentry","category-destacadas","category-estado-de-mexico"],"_links":{"self":[{"href":"https:\/\/www.diarioimagen.net\/index.php?rest_route=\/wp\/v2\/posts\/710865","targetHints":{"allow":["GET"]}}],"collection":[{"href":"https:\/\/www.diarioimagen.net\/index.php?rest_route=\/wp\/v2\/posts"}],"about":[{"href":"https:\/\/www.diarioimagen.net\/index.php?rest_route=\/wp\/v2\/types\/post"}],"author":[{"embeddable":true,"href":"https:\/\/www.diarioimagen.net\/index.php?rest_route=\/wp\/v2\/users\/14"}],"replies":[{"embeddable":true,"href":"https:\/\/www.diarioimagen.net\/index.php?rest_route=%2Fwp%2Fv2%2Fcomments&post=710865"}],"version-history":[{"count":1,"href":"https:\/\/www.diarioimagen.net\/index.php?rest_route=\/wp\/v2\/posts\/710865\/revisions"}],"predecessor-version":[{"id":710867,"href":"https:\/\/www.diarioimagen.net\/index.php?rest_route=\/wp\/v2\/posts\/710865\/revisions\/710867"}],"wp:featuredmedia":[{"embeddable":true,"href":"https:\/\/www.diarioimagen.net\/index.php?rest_route=\/wp\/v2\/media\/710866"}],"wp:attachment":[{"href":"https:\/\/www.diarioimagen.net\/index.php?rest_route=%2Fwp%2Fv2%2Fmedia&parent=710865"}],"wp:term":[{"taxonomy":"category","embeddable":true,"href":"https:\/\/www.diarioimagen.net\/index.php?rest_route=%2Fwp%2Fv2%2Fcategories&post=710865"},{"taxonomy":"post_tag","embeddable":true,"href":"https:\/\/www.diarioimagen.net\/index.php?rest_route=%2Fwp%2Fv2%2Ftags&post=710865"}],"curies":[{"name":"wp","href":"https:\/\/api.w.org\/{rel}","templated":true}]}}