{"id":710905,"date":"2026-03-10T19:30:30","date_gmt":"2026-03-11T01:30:30","guid":{"rendered":"https:\/\/www.diarioimagen.net\/?p=710905"},"modified":"2026-03-10T19:30:30","modified_gmt":"2026-03-11T01:30:30","slug":"los-espacios-de-las-mujeres-no-se-negocian-afirma-la-lideresa-priista-cristina-ruiz-sandoval","status":"publish","type":"post","link":"https:\/\/www.diarioimagen.net\/?p=710905","title":{"rendered":"\u00a0  Los espacios de las mujeres no se negocian:  afirma la lideresa priista Cristina Ruiz Sandoval"},"content":{"rendered":"<ul>\n<li><strong>Toma de protesta a Aurora Gonz\u00e1lez Ledezma<\/strong><\/li>\n<\/ul>\n<div id=\"attachment_710906\" style=\"width: 415px\" class=\"wp-caption alignnone\"><img loading=\"lazy\" decoding=\"async\" aria-describedby=\"caption-attachment-710906\" class=\"wp-image-710906 size-large\" src=\"https:\/\/www.diarioimagen.net\/wp-content\/uploads\/2026\/03\/BAENA-1-ok-5-405x270.jpg\" alt=\"\" width=\"405\" height=\"270\" srcset=\"https:\/\/www.diarioimagen.net\/wp-content\/uploads\/2026\/03\/BAENA-1-ok-5-405x270.jpg 405w, https:\/\/www.diarioimagen.net\/wp-content\/uploads\/2026\/03\/BAENA-1-ok-5-240x160.jpg 240w, https:\/\/www.diarioimagen.net\/wp-content\/uploads\/2026\/03\/BAENA-1-ok-5-768x511.jpg 768w, https:\/\/www.diarioimagen.net\/wp-content\/uploads\/2026\/03\/BAENA-1-ok-5.jpg 1500w\" sizes=\"auto, (max-width: 405px) 100vw, 405px\" \/><p id=\"caption-attachment-710906\" class=\"wp-caption-text\">Cristina Ruiz Sandoval encabez\u00f3 la toma de protesta de Aurora Gonz\u00e1lez Ledezma como dirigente estatal del Organismo Nacional de Mujeres Priistas.<\/p><\/div>\n<p>Toluca, M\u00e9x.- La presidenta del PRI del Estado de M\u00e9xico, Cristina Ruiz Sandoval, encabez\u00f3 la toma de protesta de Aurora Gonz\u00e1lez Ledezma como dirigente estatal del Organismo Nacional de Mujeres Priistas (ONMPRI).<\/p>\n<p>&nbsp;<\/p>\n<p>Desde la sede estatal del partido, Ruiz Sandoval sostuvo que los espacios que hoy ocupan las mujeres en la vida p\u00fablica no surgieron de concesiones, sino de d\u00e9cadas de lucha pol\u00edtica.<\/p>\n<p>&nbsp;<\/p>\n<p>\u201cNo nos callaron antes ni lo har\u00e1n ahora. La mujer no es una cuota, somos el centro del pa\u00eds\u201d, expres\u00f3 ante la presidenta nacional del ONMPRI, la diputada Adriana Rej\u00f3n Lara, y liderazgos del priismo mexiquense.<\/p>\n<p>&nbsp;<\/p>\n<p>\u201cHablar del Estado de M\u00e9xico es hablar de un estado poderoso y trabajador, donde nuestro motor principal son los 8.7 millones de mujeres que representamos la mitad de la poblaci\u00f3n\u201d, dijo.<\/p>\n<p>&nbsp;<\/p>\n<p>Ruiz Sandoval tambi\u00e9n se refiri\u00f3 a la realidad que enfrentan miles de mujeres en la entidad. Se\u00f1al\u00f3 que los datos muestran un problema que sigue presente en la vida cotidiana.<\/p>\n<p>&nbsp;<\/p>\n<p>\u201cHoy prevalece el silencio y el miedo. El 78% de las mujeres de 15 a\u00f1os o m\u00e1s ha vivido alg\u00fan tipo de violencia\u201d, indic\u00f3.<\/p>\n<p><strong>\u00a0<\/strong><strong>\u00a0<\/strong><\/p>\n<p>&nbsp;<\/p>\n<p><strong>\u00a0<\/strong><\/p>\n","protected":false},"excerpt":{"rendered":"<p>Toma de protesta a Aurora Gonz\u00e1lez Ledezma Toluca, M\u00e9x.- La presidenta del PRI del Estado de M\u00e9xico, Cristina Ruiz Sandoval, encabez\u00f3 la toma de protesta de Aurora Gonz\u00e1lez Ledezma como dirigente estatal del Organismo Nacional de Mujeres Priistas (ONMPRI). &nbsp; Desde la sede estatal del partido, Ruiz Sandoval sostuvo que los espacios que hoy ocupan [&hellip;]<\/p>\n","protected":false},"author":14,"featured_media":710906,"comment_status":"open","ping_status":"open","sticky":false,"template":"","format":"standard","meta":{"_monsterinsights_skip_tracking":false,"_monsterinsights_sitenote_active":false,"_monsterinsights_sitenote_note":"","_monsterinsights_sitenote_category":0,"footnotes":""},"categories":[5],"tags":[],"class_list":["post-710905","post","type-post","status-publish","format-standard","has-post-thumbnail","hentry","category-estado-de-mexico"],"_links":{"self":[{"href":"https:\/\/www.diarioimagen.net\/index.php?rest_route=\/wp\/v2\/posts\/710905","targetHints":{"allow":["GET"]}}],"collection":[{"href":"https:\/\/www.diarioimagen.net\/index.php?rest_route=\/wp\/v2\/posts"}],"about":[{"href":"https:\/\/www.diarioimagen.net\/index.php?rest_route=\/wp\/v2\/types\/post"}],"author":[{"embeddable":true,"href":"https:\/\/www.diarioimagen.net\/index.php?rest_route=\/wp\/v2\/users\/14"}],"replies":[{"embeddable":true,"href":"https:\/\/www.diarioimagen.net\/index.php?rest_route=%2Fwp%2Fv2%2Fcomments&post=710905"}],"version-history":[{"count":1,"href":"https:\/\/www.diarioimagen.net\/index.php?rest_route=\/wp\/v2\/posts\/710905\/revisions"}],"predecessor-version":[{"id":710907,"href":"https:\/\/www.diarioimagen.net\/index.php?rest_route=\/wp\/v2\/posts\/710905\/revisions\/710907"}],"wp:featuredmedia":[{"embeddable":true,"href":"https:\/\/www.diarioimagen.net\/index.php?rest_route=\/wp\/v2\/media\/710906"}],"wp:attachment":[{"href":"https:\/\/www.diarioimagen.net\/index.php?rest_route=%2Fwp%2Fv2%2Fmedia&parent=710905"}],"wp:term":[{"taxonomy":"category","embeddable":true,"href":"https:\/\/www.diarioimagen.net\/index.php?rest_route=%2Fwp%2Fv2%2Fcategories&post=710905"},{"taxonomy":"post_tag","embeddable":true,"href":"https:\/\/www.diarioimagen.net\/index.php?rest_route=%2Fwp%2Fv2%2Ftags&post=710905"}],"curies":[{"name":"wp","href":"https:\/\/api.w.org\/{rel}","templated":true}]}}