{"id":710914,"date":"2026-03-10T19:41:48","date_gmt":"2026-03-11T01:41:48","guid":{"rendered":"https:\/\/www.diarioimagen.net\/?p=710914"},"modified":"2026-03-10T19:41:48","modified_gmt":"2026-03-11T01:41:48","slug":"necesario-apoyar-y-fortalecer-el-emprendimiento-michael-quiroz","status":"publish","type":"post","link":"https:\/\/www.diarioimagen.net\/?p=710914","title":{"rendered":"Necesario apoyar y fortalecer\u00a0el emprendimiento: Michael Quiroz"},"content":{"rendered":"<p><img loading=\"lazy\" decoding=\"async\" class=\"alignnone wp-image-710915 size-large\" src=\"https:\/\/www.diarioimagen.net\/wp-content\/uploads\/2026\/03\/BAENA-4-ok-7-405x270.jpg\" alt=\"\" width=\"405\" height=\"270\" srcset=\"https:\/\/www.diarioimagen.net\/wp-content\/uploads\/2026\/03\/BAENA-4-ok-7-405x270.jpg 405w, https:\/\/www.diarioimagen.net\/wp-content\/uploads\/2026\/03\/BAENA-4-ok-7-240x160.jpg 240w, https:\/\/www.diarioimagen.net\/wp-content\/uploads\/2026\/03\/BAENA-4-ok-7-768x512.jpg 768w, https:\/\/www.diarioimagen.net\/wp-content\/uploads\/2026\/03\/BAENA-4-ok-7.jpg 1500w\" sizes=\"auto, (max-width: 405px) 100vw, 405px\" \/><\/p>\n<p>Metepec,Mex.- Sin duda alguna que\u00a0 apoyar el emprendimiento de las mujeres significa fortalecer su autonom\u00eda econ\u00f3mica, construir redes de apoyo y promover su talento, afirm\u00f3 la regidora Michael Quiroz.\u00a0 \u00abHoy inauguramos el Bazar \u00abMetepec Emprende\u00bb con la participaci\u00f3n de Magaly Arizmendi y nuestras amigas de Womeem,S.C, La estanter\u00eda de Womeem y Consultor\u00eda Womeem.\u00a0 Agradezco el apoyo del diputado local Anuar Azar y el acompa\u00f1amiento de nuestras amigas y amigos del DIF Metepec, Margarita Carballido, regidoras y la directora de la Secretar\u00eda de la Mujeres y de la sociedad civil\u00bb, dijo.<\/p>\n<p>&nbsp;<\/p>\n<p>&nbsp;<\/p>\n","protected":false},"excerpt":{"rendered":"<p>Metepec,Mex.- Sin duda alguna que\u00a0 apoyar el emprendimiento de las mujeres significa fortalecer su autonom\u00eda econ\u00f3mica, construir redes de apoyo y promover su talento, afirm\u00f3 la regidora Michael Quiroz.\u00a0 \u00abHoy inauguramos el Bazar \u00abMetepec Emprende\u00bb con la participaci\u00f3n de Magaly Arizmendi y nuestras amigas de Womeem,S.C, La estanter\u00eda de Womeem y Consultor\u00eda Womeem.\u00a0 Agradezco el [&hellip;]<\/p>\n","protected":false},"author":14,"featured_media":710915,"comment_status":"open","ping_status":"open","sticky":false,"template":"","format":"standard","meta":{"_monsterinsights_skip_tracking":false,"_monsterinsights_sitenote_active":false,"_monsterinsights_sitenote_note":"","_monsterinsights_sitenote_category":0,"footnotes":""},"categories":[5],"tags":[],"class_list":["post-710914","post","type-post","status-publish","format-standard","has-post-thumbnail","hentry","category-estado-de-mexico"],"_links":{"self":[{"href":"https:\/\/www.diarioimagen.net\/index.php?rest_route=\/wp\/v2\/posts\/710914","targetHints":{"allow":["GET"]}}],"collection":[{"href":"https:\/\/www.diarioimagen.net\/index.php?rest_route=\/wp\/v2\/posts"}],"about":[{"href":"https:\/\/www.diarioimagen.net\/index.php?rest_route=\/wp\/v2\/types\/post"}],"author":[{"embeddable":true,"href":"https:\/\/www.diarioimagen.net\/index.php?rest_route=\/wp\/v2\/users\/14"}],"replies":[{"embeddable":true,"href":"https:\/\/www.diarioimagen.net\/index.php?rest_route=%2Fwp%2Fv2%2Fcomments&post=710914"}],"version-history":[{"count":1,"href":"https:\/\/www.diarioimagen.net\/index.php?rest_route=\/wp\/v2\/posts\/710914\/revisions"}],"predecessor-version":[{"id":710916,"href":"https:\/\/www.diarioimagen.net\/index.php?rest_route=\/wp\/v2\/posts\/710914\/revisions\/710916"}],"wp:featuredmedia":[{"embeddable":true,"href":"https:\/\/www.diarioimagen.net\/index.php?rest_route=\/wp\/v2\/media\/710915"}],"wp:attachment":[{"href":"https:\/\/www.diarioimagen.net\/index.php?rest_route=%2Fwp%2Fv2%2Fmedia&parent=710914"}],"wp:term":[{"taxonomy":"category","embeddable":true,"href":"https:\/\/www.diarioimagen.net\/index.php?rest_route=%2Fwp%2Fv2%2Fcategories&post=710914"},{"taxonomy":"post_tag","embeddable":true,"href":"https:\/\/www.diarioimagen.net\/index.php?rest_route=%2Fwp%2Fv2%2Ftags&post=710914"}],"curies":[{"name":"wp","href":"https:\/\/api.w.org\/{rel}","templated":true}]}}