{"id":710924,"date":"2026-03-10T19:46:45","date_gmt":"2026-03-11T01:46:45","guid":{"rendered":"https:\/\/www.diarioimagen.net\/?p=710924"},"modified":"2026-03-10T19:46:45","modified_gmt":"2026-03-11T01:46:45","slug":"se-cayo-el-telon-hospital-inaugurado-por-sheinbaum-pardo-esta-incompleto","status":"publish","type":"post","link":"https:\/\/www.diarioimagen.net\/?p=710924","title":{"rendered":"Se cay\u00f3 el tel\u00f3n; hospital inaugurado  por Sheinbaum Pardo est\u00e1 incompleto"},"content":{"rendered":"<p><strong>CLASE POLITICA\u00a0 <\/strong>Miguel \u00c1ngel Rivera<\/p>\n<p><strong>\u00a0<\/strong><\/p>\n<p>&nbsp;<\/p>\n<p>Con gran despliegue publicitario, el reciente lunes 9 del presente mes, la presidenta (con A) Claudia Sheinbaum Pardo, inaugur\u00f3 lo que parec\u00eda un relumbrante hospital oncol\u00f3gico dedicado a las mujeres.<\/p>\n<p>De acuerdo con la propaganda oficial, esa instituci\u00f3n dependiente del IMSS Bienestar atender\u00e1 a 500 mil mujeres al a\u00f1o.<\/p>\n<p>Una buena respuesta a las exigencias femeninas expresadas apenas unas horas antes en las principales ciudades de nuestro pa\u00eds, en ocasi\u00f3n de celebrarse el D\u00eda Internacional de la Mujer.<\/p>\n<p>\u201cEs un hospital muy equipado; tiene integrado una parte de diagn\u00f3stico territorial con un equipo no invasivo, despu\u00e9s los mast\u00f3grafos con interpretaci\u00f3n con inteligencia artificial, tiene los quir\u00f3fanos y tambi\u00e9n todas las salas de quimioterapia en caso de ser necesario, los mast\u00f3grafos tienen para hacer las biopsias, es decir, si detecta algo con probabilidad de ser malignos, de inmediato se hace la biopsia y lo m\u00e1s importante es que est\u00e1 garantizado que en 30 d\u00edas inicia el tratamiento. El objetivo de este modelo, que lo vamos a replicar en todas las entidades del pa\u00eds, es que se reducen los tiempos de atenci\u00f3n y con ello evidentemente se salvan vidas\u201d, afirm\u00f3 la mandataria en su discurso tras un recorrido por el nosocomio.<\/p>\n<p>El comunicado oficial sostiene que \u201cel Hospital Oncol\u00f3gico para la Mujer de la CDMX innova internacionalmente al dar comienzo al tratamiento en 30 d\u00edas y se pone en marcha en el mes de las mujeres. Tuvo una inversi\u00f3n de 221 millones de pesos.<\/p>\n<p>En apariencia, una excelente realizaci\u00f3n y mejores buenas intenciones, pero pronto se desplomaron esas esperanzas, pues se repiti\u00f3 lo que parece una constante en\u00a0la llamada Cuarta Transformaci\u00f3n: inaugurar obras incompletas o inconclusas.<\/p>\n<p>S\u00f3lo como ejemplo, se pueden mencionar dos casos (pero hay otros m\u00e1s): la refiner\u00eda Olmeca, ubicada en Dos Bocas, Tabasco, ha sido inaugurada al menos tres ocasiones. El segundo caso es el Tren Maya, que tuvo su estreno el 16 de diciembre de 2023, pero s\u00f3lo entraba en operaci\u00f3n en su primera fase. Luego hubo otras ceremonias por cada una de sus siete etapas.<\/p>\n<p>\u201cEstamos muy contentos con este hospital. A partir del d\u00eda de hoy ya inicia operaciones y es parte de este mes de la mujer, mes de marzo\u201d, resalt\u00f3 la jefa del Ejecutivo federal.<\/p>\n<p>M\u00e1s all\u00e1 del optimismo oficial, el hermoso tel\u00f3n con el que se pretendi\u00f3 realzar fue derrumbado ayer desde el Palacio Legislativo de San L\u00e1zaro por el diputado panista \u00c9ctor Jaime Ram\u00edrez Barba, quien arranc\u00f3 con fuerza:<\/p>\n<p>\u201cHoy venimos a denunciar un enga\u00f1o que tiene consecuencias letales para las mujeres de M\u00e9xico.<\/p>\n<p>\u201cNos acaban de presumir el Hospital Oncol\u00f3gico para la Mujer La Pastora. Un modelo nacional contra el c\u00e1ncer, se dice, pero sin salas de radioterapia, justo el tratamiento que requieren m\u00e1s de la mitad de las pacientes oncol\u00f3gicas. Es como inaugurar un aeropuerto sin pistas. Hay edificio, hay discursos, hay foto oficial, pero los aviones, las terapias que salvan vidas no pueden despegar.<\/p>\n<p>\u201cEn mi columna de hoy de La ley del papel y el acelerador apagado mostrar\u00e9 que en M\u00e9xico es pol\u00edticamente m\u00e1s f\u00e1cil reformar la ley que comprar un acelerador lineal o tener un equipo de radioterapia\u201d, continu\u00f3 el legislador, que conoce muy bien el tema, pues es m\u00e9dico de profesi\u00f3n.<\/p>\n<p>Denunci\u00f3 asimismo que \u201cmientras, aqu\u00ed cambiamos art\u00edculos de la Ley General Salud el 15 de enero para garantizar la atenci\u00f3n integral del c\u00e1ncer, en el Hospital General de M\u00e9xico llevamos m\u00e1s de tres a\u00f1os sin radioterapia. Y ahora abrimos otro hospital oncol\u00f3gico sin el componente vital del tratamiento.<\/p>\n<p>\u201cA la presidenta Sheinbaum le venden la idea de que, con mastograf\u00edas, llamadas telef\u00f3nicas e inteligencia artificial, basta para decir que se protege a las mujeres. No le dicen que muchas de estas pacientes terminar\u00e1n peregrinando por otros hospitales p\u00fablicos para conseguir la radioterapia a tiempo o simplemente no la recibir\u00e1n. No es un error administrativo, es una decisi\u00f3n pol\u00edtica que convierte el derecho a la salud en una propaganda.<\/p>\n<p>\u201cDesde esta tribuna exigimos que antes de inaugurar otro aeropuerto sin pistas el gobierno encienda de una vez el acelerador, que instale y ponga en funcionamiento equipos de radioterapia donde se necesiten con presupuesto verificable y tiempos de atenci\u00f3n reales para las mujeres con c\u00e1ncer en M\u00e9xico\u201d, remat\u00f3 el legislador panista,, quien m\u00e1s adelante, en la misma sesi\u00f3n de la C\u00e1mara de Diputados, present\u00f3 una iniciativa tendiente a reducir los elevados costos en la atenci\u00f3n m\u00e9dica en instituciones privadas.<\/p>\n<p>Para ello, present\u00f3 con respaldo de su bancada, una iniciativa de decreto para reformar diversas disposiciones de la Ley de Ingresos de la Federaci\u00f3n para el ejercicio fiscal 2026, de la Ley del Impuesto sobre la Renta y de la Ley de Instituciones de Seguros y de Fianzas, en materia de accesibilidad a seguros de gastos m\u00e9dicos mayores y transparencia en tarifas.<\/p>\n<p>En esta oportunidad, se\u00f1al\u00f3 que, en los primeros meses del 2026, \u201calgo muy t\u00e9cnico se volvi\u00f3 brutalmente cotidiano, 14 millones de mexicanos y mexicanas comenzaron a recibir sus aumentos en la renovaci\u00f3n de sus seguros de gastos m\u00e9dicos, ya sea individuales o colectivos. Aumentos que iban desde el 20 a 40% en p\u00f3lizas individuales o familiares, y hasta de 60 o 75 % para los adultos mayores o para aquellas personas con enfermedades cr\u00f3nicas. Para muchos esto significa dejar esta p\u00f3liza y ser atendido por un sistema que no atiende.<\/p>\n<p>\u201cUstedes saben, compa\u00f1eras y compa\u00f1eros legisladores, que m\u00e1s de la mitad del gasto de los mexicanos sale del bolsillo, y estos gastos catastr\u00f3ficos, seg\u00fan la \u00faltima encuesta entre el 18 y el 24, crecieron en el 64%, para afectar a m\u00e1s de un mill\u00f3n de familias\u201d, advirti\u00f3 el legislador, quien continu\u00f3 por qu\u00e9 la necesidad de modificar leyes para aliviar un poco la carga para las familias mexicanas.<\/p>\n<p>\u201cNo hablamos aqu\u00ed de teor\u00eda econ\u00f3mica, estamos hablando de gente que vende su carro, su coche o queda hipotecado para una cirug\u00eda o para recibir una quimioterapia.<\/p>\n<p>Precis\u00f3 que su propuesta de modificar la Ley de Ingresos de la Federaci\u00f3n del 2026 tiene el prop\u00f3sito flexibilizar el r\u00e9gimen de no acreditamiento del IVA, lo cual a su vez eliminar\u00e1 un factor de presi\u00f3n para el alza en las primas donde las aseguradoras ahora pasan el IVA completo a quien tiene la p\u00f3liza porque es un gasto para ellos.<\/p>\n<p>\u201cNo abrimos ning\u00fan boquete en la recaudaci\u00f3n al hacerlo. Les recuerdo que la funci\u00f3n salud tiene un presupuesto de 967 mil millones de pesos y el impacto que esta medida tendr\u00eda en la recaudaci\u00f3n que tiene Hacienda ser\u00eda apenas del 1% del costo de la funci\u00f3n salud total.<\/p>\n<p>\u201cEl segundo brazo es fortalecer la deducibilidad en las primas de los seguros de gastos m\u00e9dicos mayores al impuesto sobre la renta sobre personas f\u00edsicas que est\u00e1 en el art\u00edculo 151 de esta ley de forma tal que pueda ser deducible hasta 5 UMA anuales. Estamos hablando de una deducibilidad entre el pago de la p\u00f3liza o lo que tenga que ver en los servicios de ese a\u00f1o hasta de 40 mil&#8230; 240 mil pesos, 5 UMA anuales.<\/p>\n<p>\u201cReconocemos con esto el car\u00e1cter social de estos seguros y aliviamos el esfuerzo de quienes pagan una p\u00f3liza, insisto, 14 millones de mexicanos sin poner en riesgo las finanzas p\u00fablicas\u201d, aclar\u00f3 el diputado Ram\u00edrez Barba.<\/p>\n<p>A\u00f1adi\u00f3 que su propuesta tiene tambi\u00e9n la finalidad de \u201cmejorar la transparencia y la supervisi\u00f3n tarifaria en la Ley de Instituciones de Seguros y de Fianzas. Facultar\u00edamos expresamente a esta comisi\u00f3n para que se emitan metodolog\u00edas claras sobre c\u00f3mo deben formarse y ajustarse las primas. Obligamos a que se reflejen objetivamente la siniestralidad, los costos m\u00e9dicos, los efectos fiscales y no solo la b\u00fasqueda de m\u00e1rgenes m\u00e1s amplios por parte de las aseguradoras.<\/p>\n<p>\u201cAdem\u00e1s, exigimos en esta iniciativa que les invitamos a suscribir que las aseguradoras informen anualmente a sus clientes de forma clara y desagregada por edad y por tipo de cobertura qu\u00e9 factores explican los incrementos. Y facultamos a la autoridad para corregir tarifas cuando se detecten aumentos injustificados o pr\u00e1cticas discriminatorias contra adultos mayores y otros grupos vulnerables.<\/p>\n<p>\u201cPor \u00faltimo, queremos hacer efectivo que cada hospital publique y haga p\u00fablicas las tarifas de sus costos y servicios para que no haya luego sorpresas entre lo que t\u00fa contratas y lo que te cobren al final\u201d.<\/p>\n<p>&nbsp;<\/p>\n<p>&nbsp;<\/p>\n","protected":false},"excerpt":{"rendered":"<p>CLASE POLITICA\u00a0 Miguel \u00c1ngel Rivera \u00a0 &nbsp; Con gran despliegue publicitario, el reciente lunes 9 del presente mes, la presidenta (con A) Claudia Sheinbaum Pardo, inaugur\u00f3 lo que parec\u00eda un relumbrante hospital oncol\u00f3gico dedicado a las mujeres. De acuerdo con la propaganda oficial, esa instituci\u00f3n dependiente del IMSS Bienestar atender\u00e1 a 500 mil mujeres al [&hellip;]<\/p>\n","protected":false},"author":14,"featured_media":0,"comment_status":"open","ping_status":"open","sticky":false,"template":"","format":"standard","meta":{"_monsterinsights_skip_tracking":false,"_monsterinsights_sitenote_active":false,"_monsterinsights_sitenote_note":"","_monsterinsights_sitenote_category":0,"footnotes":""},"categories":[84119,4],"tags":[],"class_list":["post-710924","post","type-post","status-publish","format-standard","hentry","category-miguel-angel-rivera","category-opinion"],"_links":{"self":[{"href":"https:\/\/www.diarioimagen.net\/index.php?rest_route=\/wp\/v2\/posts\/710924","targetHints":{"allow":["GET"]}}],"collection":[{"href":"https:\/\/www.diarioimagen.net\/index.php?rest_route=\/wp\/v2\/posts"}],"about":[{"href":"https:\/\/www.diarioimagen.net\/index.php?rest_route=\/wp\/v2\/types\/post"}],"author":[{"embeddable":true,"href":"https:\/\/www.diarioimagen.net\/index.php?rest_route=\/wp\/v2\/users\/14"}],"replies":[{"embeddable":true,"href":"https:\/\/www.diarioimagen.net\/index.php?rest_route=%2Fwp%2Fv2%2Fcomments&post=710924"}],"version-history":[{"count":1,"href":"https:\/\/www.diarioimagen.net\/index.php?rest_route=\/wp\/v2\/posts\/710924\/revisions"}],"predecessor-version":[{"id":710925,"href":"https:\/\/www.diarioimagen.net\/index.php?rest_route=\/wp\/v2\/posts\/710924\/revisions\/710925"}],"wp:attachment":[{"href":"https:\/\/www.diarioimagen.net\/index.php?rest_route=%2Fwp%2Fv2%2Fmedia&parent=710924"}],"wp:term":[{"taxonomy":"category","embeddable":true,"href":"https:\/\/www.diarioimagen.net\/index.php?rest_route=%2Fwp%2Fv2%2Fcategories&post=710924"},{"taxonomy":"post_tag","embeddable":true,"href":"https:\/\/www.diarioimagen.net\/index.php?rest_route=%2Fwp%2Fv2%2Ftags&post=710924"}],"curies":[{"name":"wp","href":"https:\/\/api.w.org\/{rel}","templated":true}]}}