{"id":710949,"date":"2026-03-10T20:21:06","date_gmt":"2026-03-11T02:21:06","guid":{"rendered":"https:\/\/www.diarioimagen.net\/?p=710949"},"modified":"2026-03-10T20:21:06","modified_gmt":"2026-03-11T02:21:06","slug":"una-obesidad-cada-vez-nomalizada-afecta-a-76-de-adultos-en-mexico","status":"publish","type":"post","link":"https:\/\/www.diarioimagen.net\/?p=710949","title":{"rendered":"Una obesidad cada vez  nomalizada afecta a 76%  de adultos en M\u00e9xico"},"content":{"rendered":"<ul>\n<li><strong>Alertan especialistas<\/strong><\/li>\n<li><strong>Ya no es un problema de falta de voluntad, sino que es una afecci\u00f3n compleja, se\u00f1alan especialistas<\/strong><\/li>\n<\/ul>\n<div id=\"attachment_710950\" style=\"width: 454px\" class=\"wp-caption alignnone\"><img loading=\"lazy\" decoding=\"async\" aria-describedby=\"caption-attachment-710950\" class=\"wp-image-710950 size-large\" src=\"https:\/\/www.diarioimagen.net\/wp-content\/uploads\/2026\/03\/OBESIDAD-ok-444x270.jpg\" alt=\"\" width=\"444\" height=\"270\" srcset=\"https:\/\/www.diarioimagen.net\/wp-content\/uploads\/2026\/03\/OBESIDAD-ok-444x270.jpg 444w, https:\/\/www.diarioimagen.net\/wp-content\/uploads\/2026\/03\/OBESIDAD-ok-240x146.jpg 240w, https:\/\/www.diarioimagen.net\/wp-content\/uploads\/2026\/03\/OBESIDAD-ok-768x467.jpg 768w, https:\/\/www.diarioimagen.net\/wp-content\/uploads\/2026\/03\/OBESIDAD-ok.jpg 1500w\" sizes=\"auto, (max-width: 444px) 100vw, 444px\" \/><p id=\"caption-attachment-710950\" class=\"wp-caption-text\">La obesidad en M\u00e9xico es una \u201cenfermedad que est\u00e1 normalizada\u201d y afecta a m\u00e1s del 76% de los adultos y a m\u00e1s del 35% de los ni\u00f1os y adolescentes.<\/p><\/div>\n<p>&nbsp;<\/p>\n<p>Especialistas de salud alertan que la obesidad en M\u00e9xico es una \u201cenfermedad que est\u00e1 normalizada\u201d y afecta a m\u00e1s del 76% de los adultos y a m\u00e1s del 35% de los ni\u00f1os y adolescentes, en un pa\u00eds en el que no se reconoce \u201chasta d\u00f3nde llega el problema\u201d.<\/p>\n<p>Explicaron que la obesidad no es \u201cun problema de falta de voluntad\u201d, sino que es una afecci\u00f3n \u201ccompleja\u201d que se puede deber a m\u00faltiples factores gen\u00e9ticos, fisiol\u00f3gicos o ambientales.<\/p>\n<p>\u201cLa obesidad es la norma epidemiol\u00f3gica en M\u00e9xico. Estamos normalizando la enfermedad, estamos normalizando las complicaciones, estamos normalizando incluso el estigma. No hemos alcanzado a ver hasta d\u00f3nde llega el problema de la enfermedad\u201d, advirti\u00f3 la doctora Carmen Celeste en un acto en el Museo de Memoria y Tolerancia de la Ciudad de M\u00e9xico.<\/p>\n<p>La facultativa subray\u00f3 que el sobrepeso es la \u201cmadre de muchas enfermedades\u201d dado que cerca de 200 afecciones est\u00e1n relacionadas con esta patolog\u00eda, como diabetes, problemas cardiovasculares o varios tipos de c\u00e1ncer.<\/p>\n<p>\u201cEstas son las causas m\u00e1s frecuentes de muerte en M\u00e9xico. Eso quiere decir que no estamos hablando nada m\u00e1s de algo que es est\u00e9tico. No estamos hablando solamente de tener falta de fuerza de voluntad o solo comer de m\u00e1s. En realidad es una enfermedad compleja\u201d, sentenci\u00f3.<\/p>\n<p>&nbsp;<\/p>\n<p>&nbsp;<\/p>\n<p><strong>Cambiar la \u201cnarrativa que estigmatiza la obesidad<\/strong><\/p>\n<p>&nbsp;<\/p>\n<p>Por su parte, el m\u00e9dico H\u00e9ctor Esquivias recalc\u00f3 la necesidad en \u201ccambiar la narrativa\u201d asociada a la obesidad y que \u201cestigmatiza\u201d la afecci\u00f3n, lo que a su juicio es una \u201cinjusticia social\u201d.<\/p>\n<p>\u201cLa verg\u00fcenza del peso es da\u00f1ina e ineficaz. (\u2026) Este estigma genera una carga adicional de forma independiente a la discapacidad que pudiera tener un paciente\u201d, dijo el especialista, quien lament\u00f3 que la sociedad \u201cmuchas veces\u201d les dibuja como personas que \u201ccomen mucho, que no quieren hacer un cambio, que no les importa su salud o su imagen\u201d.<\/p>\n<p>Sin embargo, insisti\u00f3 en que la \u201cevidencia cient\u00edfica\u201d es que son personas que conviven una \u201cenfermedad\u201d, al tiempo que lament\u00f3 el uso de palabras que \u201crefuerzan el estereotipo\u201d, como la existencia de un \u201clenguaje moralista\u201d que \u201caverg\u00fcenza\u201d a los que padecen sobrepeso.<\/p>\n<p>\u201cTambi\u00e9n los m\u00e9dicos debemos de hacer un cambio en c\u00f3mo abordamos a los pacientes con obesidad\u201d, a\u00f1adi\u00f3.<\/p>\n<p>El doctor Esquivias afirm\u00f3 que esa visi\u00f3n estigmatizante genera en los pacientes un sentimiento de culpa y episodios de ansiedad, al sufrir rechazo o discriminaci\u00f3n a nivel social por tener sobrepeso.<\/p>\n<p>Como consecuencia, se puede llegar a generar problemas de salud mental como depresi\u00f3n y aumentar el estr\u00e9s en su vida diaria, concluy\u00f3 el especialista.<\/p>\n<p>La Organizaci\u00f3n Mundial de la Salud (OMS) define la obesidad como una enfermedad cr\u00f3nica, progresiva y tratable que se caracteriza por una acumulaci\u00f3n excesiva y anormal de grasa que perjudica la salud de la poblaci\u00f3n a pesar de los esfuerzos individuales y colectivos.<\/p>\n<p>&nbsp;<\/p>\n<p>&nbsp;<\/p>\n<p><strong>M\u00e9xico, en el puesto 11 en ranking sobre respuesta <\/strong><\/p>\n<p>&nbsp;<\/p>\n<p>M\u00e9xico se ubic\u00f3 en el lugar 11 de 20 pa\u00edses evaluados en un informe internacional sobre la respuesta a la obesidad, con una puntuaci\u00f3n general de 55.3 sobre 100, de acuerdo con resultados presentados en el marco del D\u00eda Mundial de la Obesidad.<\/p>\n<p>El reporte \u2018Una epidemia de inacci\u00f3n: evaluando las respuestas nacionales a la obesidad\u2019, elaborado por Economist Impact, se\u00f1al\u00f3 que M\u00e9xico obtuvo 61.1 puntos en el pilar de manejo de la obesidad, lo que refleja avances en gu\u00edas cl\u00ednicas vigentes y rutas de diagn\u00f3stico establecidas.<\/p>\n<p>Los resultados se presentaron durante el conversatorio \u2018La obesidad: Un laberinto con salida\u2019, organizado en Ciudad de M\u00e9xico por la farmac\u00e9utica estadounidense Lilly, donde especialistas destacaron los retos m\u00e9dicos y sociales que enfrentan las personas con esta enfermedad cr\u00f3nica.<\/p>\n<p>Seg\u00fan el informe, Serbia (74.8) ocupa el primer lugar como el pa\u00eds que mejor maneja esta condici\u00f3n, seguida de Francia (74.3), Brasil (72.4), Corea del Sur (71.2), Finlandia (64.9), Reino Unido (64.4), China (63.1) y Australia (58.8).<\/p>\n<p>&nbsp;<\/p>\n<p>&nbsp;<\/p>\n<p><strong>Manejo integral<\/strong><\/p>\n<p>&nbsp;<\/p>\n<p>Los especialistas indicaron que la obesidad es una enfermedad influida por factores biol\u00f3gicos, gen\u00e9ticos y ambientales, y no \u00fanicamente por h\u00e1bitos personales o aspectos est\u00e9ticos.<\/p>\n<p>\u201cEl laberinto existe porque durante a\u00f1os se ha tratado la obesidad como un tema de voluntad individual. Eso retrasa el diagn\u00f3stico y el manejo integral\u201d, se\u00f1al\u00f3 el I\u00f1aki Villanueva, director del \u00e1rea m\u00e9dica de obesidad de Lilly M\u00e9xico.<\/p>\n<p>Emma A. Ch\u00e1vez, coordinadora de la Cl\u00ednica de Obesidad y Trastornos de la Conducta Alimentaria del Instituto Nacional de Ciencias M\u00e9dicas y Nutrici\u00f3n, Salvador Zubir\u00e1n (Incmnsz), advirti\u00f3 que la enfermedad est\u00e1 asociada a m\u00e1s de 200 complicaciones de salud, entre ellas, la diabetes tipo 2, hipertensi\u00f3n, dislipidemia, enfermedad coronaria y apnea obstructiva del sue\u00f1o.<\/p>\n<p>Seg\u00fan la experta, la falta de informaci\u00f3n m\u00e9dica clara, el estigma social y la ausencia de acompa\u00f1amiento profesional dificultan el acceso a tratamientos adecuados y retrasan la atenci\u00f3n de los pacientes.<\/p>\n<p>Adem\u00e1s, Ch\u00e1vez subray\u00f3 que el manejo m\u00e9dico integral incluye gu\u00edas cl\u00ednicas basadas en evidencia y tratamientos supervisados por profesionales de la salud, con el objetivo de mejorar el control de la enfermedad y reducir sus complicaciones.<\/p>\n<p>&nbsp;<\/p>\n<p>&nbsp;<\/p>\n<p><strong>\u00a0<\/strong><\/p>\n<p><strong>\u00a0<\/strong><\/p>\n","protected":false},"excerpt":{"rendered":"<p>Alertan especialistas Ya no es un problema de falta de voluntad, sino que es una afecci\u00f3n compleja, se\u00f1alan especialistas &nbsp; Especialistas de salud alertan que la obesidad en M\u00e9xico es una \u201cenfermedad que est\u00e1 normalizada\u201d y afecta a m\u00e1s del 76% de los adultos y a m\u00e1s del 35% de los ni\u00f1os y adolescentes, en [&hellip;]<\/p>\n","protected":false},"author":14,"featured_media":710950,"comment_status":"open","ping_status":"open","sticky":false,"template":"","format":"standard","meta":{"_monsterinsights_skip_tracking":false,"_monsterinsights_sitenote_active":false,"_monsterinsights_sitenote_note":"","_monsterinsights_sitenote_category":0,"footnotes":""},"categories":[16,877],"tags":[],"class_list":["post-710949","post","type-post","status-publish","format-standard","has-post-thumbnail","hentry","category-destacadas","category-salud"],"_links":{"self":[{"href":"https:\/\/www.diarioimagen.net\/index.php?rest_route=\/wp\/v2\/posts\/710949","targetHints":{"allow":["GET"]}}],"collection":[{"href":"https:\/\/www.diarioimagen.net\/index.php?rest_route=\/wp\/v2\/posts"}],"about":[{"href":"https:\/\/www.diarioimagen.net\/index.php?rest_route=\/wp\/v2\/types\/post"}],"author":[{"embeddable":true,"href":"https:\/\/www.diarioimagen.net\/index.php?rest_route=\/wp\/v2\/users\/14"}],"replies":[{"embeddable":true,"href":"https:\/\/www.diarioimagen.net\/index.php?rest_route=%2Fwp%2Fv2%2Fcomments&post=710949"}],"version-history":[{"count":1,"href":"https:\/\/www.diarioimagen.net\/index.php?rest_route=\/wp\/v2\/posts\/710949\/revisions"}],"predecessor-version":[{"id":710951,"href":"https:\/\/www.diarioimagen.net\/index.php?rest_route=\/wp\/v2\/posts\/710949\/revisions\/710951"}],"wp:featuredmedia":[{"embeddable":true,"href":"https:\/\/www.diarioimagen.net\/index.php?rest_route=\/wp\/v2\/media\/710950"}],"wp:attachment":[{"href":"https:\/\/www.diarioimagen.net\/index.php?rest_route=%2Fwp%2Fv2%2Fmedia&parent=710949"}],"wp:term":[{"taxonomy":"category","embeddable":true,"href":"https:\/\/www.diarioimagen.net\/index.php?rest_route=%2Fwp%2Fv2%2Fcategories&post=710949"},{"taxonomy":"post_tag","embeddable":true,"href":"https:\/\/www.diarioimagen.net\/index.php?rest_route=%2Fwp%2Fv2%2Ftags&post=710949"}],"curies":[{"name":"wp","href":"https:\/\/api.w.org\/{rel}","templated":true}]}}