{"id":710981,"date":"2026-03-10T21:15:46","date_gmt":"2026-03-11T03:15:46","guid":{"rendered":"https:\/\/www.diarioimagen.net\/?p=710981"},"modified":"2026-03-10T21:15:46","modified_gmt":"2026-03-11T03:15:46","slug":"ebullicion-legislativa-en-senado-y-diputados","status":"publish","type":"post","link":"https:\/\/www.diarioimagen.net\/?p=710981","title":{"rendered":"\u00a0Ebullici\u00f3n legislativa en Senado y Diputados"},"content":{"rendered":"<p>&nbsp;<\/p>\n<p><strong>TRAS LA PUERTA DEL PODER Roberto Vizca\u00edno<\/strong><\/p>\n<p><strong>\u00a0<\/strong><\/p>\n<p><strong>\u00a0<\/strong><\/p>\n<p>Como pocas veces, esta semana las c\u00e1maras de Senadores y Diputados se vieron congestionadas por proyectos legislativos que fueron desde el debate y tramitaci\u00f3n de la iniciativa de reforma electoral de la presidenta Claudia Sheinbaum, hasta la designaci\u00f3n de un nuevo Auditor General de la Federaci\u00f3n y una iniciativa para disminuir y moderar pensiones a bur\u00f3cratas VIP y aprobar una iniciativa que desde ya considera como violencia laboral contra las mujeres si perciben un salario menor por igual trabajo que realiza un hombre dentro de un mismo centro laboral.<\/p>\n<p>Dentro de este traj\u00edn, las Comisiones Unidas de Puntos Constitucionales y de Estudios Legislativos aprobaron ayer mismo por unanimidad, con 32 votos a favor, el dictamen que reforma al art\u00edculo 127 constitucional, que limita las jubilaciones y pensiones en las entidades p\u00fablicas.<\/p>\n<p>El proyecto establece que estas jubilaciones o pensiones no deber\u00e1n exceder de la mitad de la remuneraci\u00f3n establecida para la persona titular del Ejecutivo Federal, en el presupuesto correspondiente.<\/p>\n<p>Y esto aplica para el personal de confianza a cargo de los organismos descentralizados, las empresas p\u00fablicas del Estado, las sociedades nacionales de cr\u00e9dito, las empresas de participaci\u00f3n estatal mayoritaria y los fideicomisos p\u00fablicos constitutivos de entidades paraestatales, todos del gobierno federal.<\/p>\n<p>As\u00ed como en los organismos descentralizados, las empresas de participaci\u00f3n estatal o municipal mayoritaria, las empresas y los fideicomisos p\u00fablicos de las entidades federativas y de los municipios.<\/p>\n<p>La reforma excluye de esta disposici\u00f3n a las Fuerzas Armadas; las jubilaciones o pensiones que se constituyan a partir de las aportaciones voluntarias a los sistemas de ahorro para el retiro basados en cuentas individuales; las constituidas a partir de aportaciones sindicales en los sistemas de ahorro complementarios, y la pensi\u00f3n no contributiva.<\/p>\n<p>En sus disposiciones transitorias, la reforma precisa que todas las jubilaciones o pensiones que se hayan otorgado con anterioridad a la entrada en vigor del decreto deber\u00e1n ajustarse al l\u00edmite establecido, incluyendo las que se encuentren vigentes.<\/p>\n<p>&nbsp;<\/p>\n<p><strong>El tope ser\u00e1n 70 mil mensuales<\/strong><\/p>\n<p>&nbsp;<\/p>\n<p>La iniciativa pretende establecer un tope de hasta en 70 mil pesos mensuales las pensiones de 6 mil 297 ex funcionarios federales que integran la burocracia VIP del gobierno.<\/p>\n<p>Si bien 70 mil pesos es una super pensi\u00f3n para el promedio de los casi 18 millones o m\u00e1s de pensionados del IMSS, del ISSSTE y Bienestar en el pa\u00eds, no es tanto si vemos que la iniciativa de la presidenta\u00a0<strong>Claudia Sheinbaum<\/strong>\u00a0le pegar\u00e1 a unos bur\u00f3cratas super privilegiados a los que algunos de ellos hoy reciben m\u00e1s de un mill\u00f3n de pesos mensuales de gratificaci\u00f3n.<\/p>\n<p>La iniciativa aprobada ayer indica que en la CFE hay 2 mil 199 jubilados que ingresan mensualmente m\u00e1s de lo que gana la presidenta y que en conjunto suman 4 mil 500 millones de pesos al a\u00f1o.<\/p>\n<p>Eso significa que cada uno de ellos recibe un promedio de 2 millones 50 mil pesos al a\u00f1o. Eso terminar\u00e1 con esta reforma.<\/p>\n<p>En Pemex, a su vez, existen hasta hoy 544 pensionados con ingresos mensuales mayores que los de Sheinbaum para sumar una erogaci\u00f3n de mil 827 millones de pesos anuales lo que significa que cada uno recibe en promedio 3 millones 400 mil pesos anuales.<\/p>\n<p>En la n\u00f3mina de pensionados de la desaparecida Luz y Fuerza del Centro aparecen 14 mil ex trabajadores de confianza que reciben pensiones que rebasan los 27 mil millones de pesos anuales, eso los deja con 2 millones al a\u00f1o para cada uno de ellos.<\/p>\n<p>Para ser m\u00e1s precisos, es en esta n\u00f3mina (67%) donde se localizan pensionados de a mill\u00f3n hasta los 100 mil pesos mensuales para sumar 3 mil 504 jubilados que ingresan m\u00e1s del sueldo presidencial.<\/p>\n<p>En la exposici\u00f3n de motivos de esta iniciativa, se indica que existen 9 pensionados en Nacional Financiera, 19 en Banobras y 22 en Bancomext -50 en total en estas 3 instituciones-, que suman los 2 mil 438 millones de pesos anuales para dejarle a cada uno de ellos un ingreso anual promedio de casi \u00a150 millones de pesos!.<\/p>\n<p>Con esta reforma ninguno de todos los anteriores obtendr\u00e1 m\u00e1s del 50% de lo que ingresa mensualmente la presidenta\u00a0<strong>Claudia Sheinbaum<\/strong>\u00a0o sea 70 mil pesos mensuales.<\/p>\n<p>&nbsp;<\/p>\n<p><strong>Todav\u00eda quedan algunos privilegiados<\/strong><\/p>\n<p>&nbsp;<\/p>\n<p>En este intento por moderar pensiones en el sector p\u00fablico, quedan sin embargo algunos privilegiados.<\/p>\n<p>La reforma a estas estas pensiones no afectar\u00e1n a actuales ni ex ministros de la Suprema Corte.<\/p>\n<p>\u00abLos actuales Ministros, su pensi\u00f3n es la del ISSSTE, los de ahorita. Los anteriores, no qued\u00f3 incluida en la reforma al Poder Judicial, entonces ya no quisimos incluirlo, porque ah\u00ed se qued\u00f3 esa reforma\u00bb, se indic\u00f3.<\/p>\n<p>La reforma a pensiones de privilegiados no toca las actuales pensiones de ex ministros cercanos a la 4T como la diputada de Morena,\u00a0<strong>Olga S\u00e1nchez Cordero<\/strong>, o el coordinador de Pol\u00edtica y Gobierno de la Presidencia,\u00a0<strong>Arturo Zald\u00edvar.<\/strong><\/p>\n<p>&nbsp;<\/p>\n<p>&nbsp;<\/p>\n<p>Twitter: @_Vizcaino \/ Facebook<\/p>\n<p>\/\u00a0<a href=\"https:\/\/www.facebook.com\/rvizcainoa\">https:\/\/www.facebook.com\/rvizcainoa<\/a><\/p>\n<p>&nbsp;<\/p>\n","protected":false},"excerpt":{"rendered":"<p>&nbsp; TRAS LA PUERTA DEL PODER Roberto Vizca\u00edno \u00a0 \u00a0 Como pocas veces, esta semana las c\u00e1maras de Senadores y Diputados se vieron congestionadas por proyectos legislativos que fueron desde el debate y tramitaci\u00f3n de la iniciativa de reforma electoral de la presidenta Claudia Sheinbaum, hasta la designaci\u00f3n de un nuevo Auditor General de la [&hellip;]<\/p>\n","protected":false},"author":14,"featured_media":0,"comment_status":"open","ping_status":"open","sticky":false,"template":"","format":"standard","meta":{"_monsterinsights_skip_tracking":false,"_monsterinsights_sitenote_active":false,"_monsterinsights_sitenote_note":"","_monsterinsights_sitenote_category":0,"footnotes":""},"categories":[4,136],"tags":[],"class_list":["post-710981","post","type-post","status-publish","format-standard","hentry","category-opinion","category-roberto-vizcaino-opinion"],"_links":{"self":[{"href":"https:\/\/www.diarioimagen.net\/index.php?rest_route=\/wp\/v2\/posts\/710981","targetHints":{"allow":["GET"]}}],"collection":[{"href":"https:\/\/www.diarioimagen.net\/index.php?rest_route=\/wp\/v2\/posts"}],"about":[{"href":"https:\/\/www.diarioimagen.net\/index.php?rest_route=\/wp\/v2\/types\/post"}],"author":[{"embeddable":true,"href":"https:\/\/www.diarioimagen.net\/index.php?rest_route=\/wp\/v2\/users\/14"}],"replies":[{"embeddable":true,"href":"https:\/\/www.diarioimagen.net\/index.php?rest_route=%2Fwp%2Fv2%2Fcomments&post=710981"}],"version-history":[{"count":1,"href":"https:\/\/www.diarioimagen.net\/index.php?rest_route=\/wp\/v2\/posts\/710981\/revisions"}],"predecessor-version":[{"id":710982,"href":"https:\/\/www.diarioimagen.net\/index.php?rest_route=\/wp\/v2\/posts\/710981\/revisions\/710982"}],"wp:attachment":[{"href":"https:\/\/www.diarioimagen.net\/index.php?rest_route=%2Fwp%2Fv2%2Fmedia&parent=710981"}],"wp:term":[{"taxonomy":"category","embeddable":true,"href":"https:\/\/www.diarioimagen.net\/index.php?rest_route=%2Fwp%2Fv2%2Fcategories&post=710981"},{"taxonomy":"post_tag","embeddable":true,"href":"https:\/\/www.diarioimagen.net\/index.php?rest_route=%2Fwp%2Fv2%2Ftags&post=710981"}],"curies":[{"name":"wp","href":"https:\/\/api.w.org\/{rel}","templated":true}]}}