{"id":711121,"date":"2026-03-11T20:21:10","date_gmt":"2026-03-12T02:21:10","guid":{"rendered":"https:\/\/www.diarioimagen.net\/?p=711121"},"modified":"2026-03-11T20:21:10","modified_gmt":"2026-03-12T02:21:10","slug":"trump-puede-estar-en-aprietos","status":"publish","type":"post","link":"https:\/\/www.diarioimagen.net\/?p=711121","title":{"rendered":"Trump puede estar en aprietos\u00a0"},"content":{"rendered":"<p><strong>\u00a0<\/strong><\/p>\n<p><strong>Aunque Pese\u00a0<\/strong><strong> Salvador Mart\u00ednez G.<\/strong><\/p>\n<p>&nbsp;<\/p>\n<p>Los alardes triunfalistas de Donald Trump, en los que los mercados aparentan creer con fines meramente especulativos, empiezan a ponerse en duda cada d\u00eda que se prolonga la guerra desatada, conjuntamente con Israel, contra Ir\u00e1n y muestran la fragilidad global en su equilibrio econ\u00f3mico y pol\u00edtico.<\/p>\n<p>A menos de dos semanas de la ofensiva b\u00e9lica de Trump y Netanyahu, el espejismo de una victoria r\u00e1pida y limpia que deben hacer frente al espejo retrovisor de los automovilistas estadounidenses que tienen que pagar medio d\u00f3lar m\u00e1s por cada gal\u00f3n de gasolina que ponen a sus autos y con ello tambi\u00e9n se debilita la popularidad y respaldo de la ciudadan\u00eda para el inquilino de la Casa Blanca.<\/p>\n<p>El epicentro del temblor econ\u00f3mico es el Estrecho de Ormuz, donde transita el 20 por ciento del petr\u00f3leo mundial y el 30 por ciento de los fertilizantes. \u201cEste es el escenario de pesadilla que durante mucho tiempo disuadi\u00f3 a Estados Unidos de atacar Ir\u00e1n\u201d, como dijo Maurice Obstfeld, investigador del Peterson Institute for International Economics y ex economista jefe del FMI.<\/p>\n<p>El impacto de la guerra es para todos. La Uni\u00f3n Europea, golpeada por la crisis energ\u00e9tica derivada de la guerra de Ucrania, sufre ahora al doble con esquemas fiscales agotados y una deuda integral de 348 billones de d\u00f3lares el a\u00f1o pasado.<\/p>\n<p>Lo que hoy se observa no es s\u00f3lo el costo de una operaci\u00f3n militar, sino el fracaso de una visi\u00f3n pol\u00edtica que desde\u00f1a las interdependencias econ\u00f3micas, anula a la ONU y deja al mundo sin redes de seguridad, justo cuando m\u00e1s las necesita.<\/p>\n<p>Por desgracia, esa es la quintaesencia de la pol\u00edtica reaccionaria de Trump y Netanyahu. Destruir las instituciones multilaterales y luego sorprenderse de que no haya amortiguaci\u00f3n cuando llega la tormenta.<\/p>\n<p>Los equilibrios internacionales, l\u00e9ase China y Rusia frente a EU, est\u00e1n cercanos a romperse, sobre todo si esta absurda guerra se prolonga m\u00e1s all\u00e1 de las cinco semanas pronosticadas por el presidente convicto.<\/p>\n<p>&nbsp;<\/p>\n<p><strong>Susurros<\/strong><\/p>\n<p>&nbsp;<\/p>\n<p>A pesar de todos los malos augurios, las estimaciones de crecimiento para la econom\u00eda mexicana se presentan al alza. BBVA subi\u00f3 su perspectiva de alza de 1.2 por ciento a 1.8 para este a\u00f1o y de 1.7 por ciento a 2 por ciento para el 2027.<\/p>\n<p>Condiciona sus pron\u00f3sticos a una buena revisi\u00f3n de T-MEC que incremente las ventajas comerciales con Estados Unidos, del que somos su principal socio comercial, y se reactiven las inversiones del nearshoring. Ojal\u00e1 y as\u00ed sea.<\/p>\n<p>&nbsp;<\/p>\n<p>&nbsp;<\/p>\n<p><a href=\"mailto:salvadormartinez@visionmx.com\"><strong><em>salvadormartinez@visionmx.com<\/em><\/strong><\/a><\/p>\n<p><strong><em>X: @salvador_mtz<\/em><\/strong><\/p>\n<p>&nbsp;<\/p>\n","protected":false},"excerpt":{"rendered":"<p>\u00a0 Aunque Pese\u00a0 Salvador Mart\u00ednez G. &nbsp; Los alardes triunfalistas de Donald Trump, en los que los mercados aparentan creer con fines meramente especulativos, empiezan a ponerse en duda cada d\u00eda que se prolonga la guerra desatada, conjuntamente con Israel, contra Ir\u00e1n y muestran la fragilidad global en su equilibrio econ\u00f3mico y pol\u00edtico. A menos [&hellip;]<\/p>\n","protected":false},"author":14,"featured_media":0,"comment_status":"open","ping_status":"open","sticky":false,"template":"","format":"standard","meta":{"_monsterinsights_skip_tracking":false,"_monsterinsights_sitenote_active":false,"_monsterinsights_sitenote_note":"","_monsterinsights_sitenote_category":0,"footnotes":""},"categories":[4,96743],"tags":[],"class_list":["post-711121","post","type-post","status-publish","format-standard","hentry","category-opinion","category-salvador-martinez-garcia"],"_links":{"self":[{"href":"https:\/\/www.diarioimagen.net\/index.php?rest_route=\/wp\/v2\/posts\/711121","targetHints":{"allow":["GET"]}}],"collection":[{"href":"https:\/\/www.diarioimagen.net\/index.php?rest_route=\/wp\/v2\/posts"}],"about":[{"href":"https:\/\/www.diarioimagen.net\/index.php?rest_route=\/wp\/v2\/types\/post"}],"author":[{"embeddable":true,"href":"https:\/\/www.diarioimagen.net\/index.php?rest_route=\/wp\/v2\/users\/14"}],"replies":[{"embeddable":true,"href":"https:\/\/www.diarioimagen.net\/index.php?rest_route=%2Fwp%2Fv2%2Fcomments&post=711121"}],"version-history":[{"count":1,"href":"https:\/\/www.diarioimagen.net\/index.php?rest_route=\/wp\/v2\/posts\/711121\/revisions"}],"predecessor-version":[{"id":711122,"href":"https:\/\/www.diarioimagen.net\/index.php?rest_route=\/wp\/v2\/posts\/711121\/revisions\/711122"}],"wp:attachment":[{"href":"https:\/\/www.diarioimagen.net\/index.php?rest_route=%2Fwp%2Fv2%2Fmedia&parent=711121"}],"wp:term":[{"taxonomy":"category","embeddable":true,"href":"https:\/\/www.diarioimagen.net\/index.php?rest_route=%2Fwp%2Fv2%2Fcategories&post=711121"},{"taxonomy":"post_tag","embeddable":true,"href":"https:\/\/www.diarioimagen.net\/index.php?rest_route=%2Fwp%2Fv2%2Ftags&post=711121"}],"curies":[{"name":"wp","href":"https:\/\/api.w.org\/{rel}","templated":true}]}}