{"id":711251,"date":"2026-03-11T21:53:27","date_gmt":"2026-03-12T03:53:27","guid":{"rendered":"https:\/\/www.diarioimagen.net\/?p=711251"},"modified":"2026-03-11T21:53:27","modified_gmt":"2026-03-12T03:53:27","slug":"con-estas-manas-para-que-querian-la-electoral","status":"publish","type":"post","link":"https:\/\/www.diarioimagen.net\/?p=711251","title":{"rendered":"\u00bfCon estas ma\u00f1as para que quer\u00edan la electoral?\u00a0"},"content":{"rendered":"<p>&nbsp;<\/p>\n<p><strong>TRAS LA PUERTA DEL PODER<\/strong> Roberto Vizca\u00edno<\/p>\n<p>&nbsp;<\/p>\n<p>&nbsp;<\/p>\n<p>&nbsp;<\/p>\n<p>Los acuerdos alcanzados por unanimidad el s\u00e1bado dentro del Consejo Nacional de Morena son precisos en cuanto a reglas y tiempos para participar en todos los cargos en juego en el proceso electoral de 2027.<\/p>\n<p>\u00bfEstos acuerdos violan las normas electorales establecidas?<\/p>\n<p>S\u00ed.<\/p>\n<p>Todo lo acordado y establecido por ese consejo est\u00e1 plagado de argucias con el \u00fanico fin de saltarse las reglas establecidas en el Cofipe -C\u00f3digo Federal de Instituciones y Procedimientos Electorales- y para evitar que el INE y Trife sancione.<\/p>\n<p>Mire usted, la verdad es que no hay sorpresas, lo establecido el s\u00e1bado en ese consejo ya fue aplicado sin mayores rubores en la elecci\u00f3n de 2024.<\/p>\n<p>La presidenta\u00a0<strong>Claudia Sheinbaum<\/strong>\u00a0es el ejemplo mayor de esa artima\u00f1a. Ella inici\u00f3 una larga precampa\u00f1a desde que\u00a0<strong>Andr\u00e9s Manuel L\u00f3pez Obrador<\/strong>\u00a0dijo el lunes 5 de julio de 2021 en su ma\u00f1anera que \u00e9l solo ve\u00eda a cinco prospectos a sucederlo y la nombr\u00f3 a ella en primer lugar.<\/p>\n<p>Ese d\u00eda habl\u00f3 adem\u00e1s de la secretaria de Econom\u00eda,\u00a0<strong>Tatiana Clouthier<\/strong>; la secretaria de Energ\u00eda,\u00a0<strong>Roc\u00edo Nahle<\/strong>; el secretario de Relaciones Exteriores,\u00a0<strong>Marcelo Ebrard<\/strong>; el ex rector de la UNAM,\u00a0<strong>Juan Ram\u00f3n de la Fuente<\/strong>\u00a0y el embajador de M\u00e9xico en Estados Unidos,\u00a0<strong>Esteban Moctezuma<\/strong>.<\/p>\n<p>A partir de ese d\u00eda,\u00a0<strong>Sheinbaum<\/strong>\u00a0se dedic\u00f3 a recorrer el pa\u00eds y usar todos los medios a su alcance para influir en los mexicanos, entre ellos miles y miles de espectaculares en todo el pa\u00eds.<\/p>\n<p>Todas las violaciones de actos adelantados de campa\u00f1a y uso de recursos p\u00fablicos cometidos por la entonces jefa de Gobierno de la CDMX est\u00e1n documentados en un amplio expediente de denuncia armado -y finalmente no presentado- por\u00a0<strong>Marcelo Ebrard<\/strong>.<\/p>\n<p>Hoy, bajo el mismo principio y argucias usados por\u00a0<strong>Sheinbaum<\/strong>\u00a0en su larga precampa\u00f1a, el Consejo de Morena del s\u00e1bado determin\u00f3 que la selecci\u00f3n de candidatos a gobernador, a alcaldes, a diputados federales y a diputados locales se encubrir\u00edan bajo el nombramiento de \u201c<strong>coordinadores de defensa de la transformaci\u00f3n\u201d<\/strong>.<\/p>\n<p>Los aspirantes de Morena a los diferentes cargos de elecci\u00f3n en el proceso de 2027 ser\u00e1n sometidos a encuestas:<\/p>\n<p>&#8211; Los que quieren ser gobernadores en los 17 estados en disputa, ser\u00e1n seleccionados en una encuesta que se realizar\u00e1 el 22 de junio.<\/p>\n<p>&#8211; Los aspirantes a ser diputados federales saldr\u00e1n de una encuesta que se realizar\u00e1 el 3 de agosto.<\/p>\n<p>&#8211; Los que aspiren a una alcald\u00eda, surgir\u00e1n de una encuesta proyectada a realizarse el 21 de septiembre.<\/p>\n<p>&#8211; Y quienes aspiren a ser diputados locales, saldr\u00e1n de un sondeo a realizarse el 8 de noviembre.<\/p>\n<p>Como se sabe, habr\u00e1 renovaci\u00f3n de gobernadores en:\u00a0Aguascalientes, Baja California, Baja California Sur, Campeche, Chihuahua, Colima, Guerrero, Michoac\u00e1n, Nayarit, Nuevo Le\u00f3n, Quer\u00e9taro, Quintana Roo, San Luis Potos\u00ed, Sinaloa, Sonora, Tlaxcala y Zacatecas.<\/p>\n<p>Diputados federales en los 300 distritos del pa\u00eds y alcaldes y diputados locales en todo el pa\u00eds.<\/p>\n<p>Una vez realizadas las encuestas y determinados los aspirantes m\u00e1s reconocidos por la ciudadan\u00eda, ninguno de los perdedores deber\u00e1 cuestionar el proceso.<\/p>\n<p>Los aspirantes tienen prohibido usar espectaculares, hacer campa\u00f1as por ning\u00fan medio -ni en bardas o volantes, o entrevistas y medios electr\u00f3nicos o en redes sociales- ni repartir despensas o regalar electrodom\u00e9sticos.<\/p>\n<p>Pero si alguien lo hace por ellos, pues ni c\u00f3mo imped\u00edrselos. \u00bfno?<\/p>\n<p>El Cofipe, es decir la norma legal oficial, indica que todo esto est\u00e1 prohibido hacerlo antes de diciembre de este a\u00f1o y enero del pr\u00f3ximo que son los meses en que deber\u00e1 iniciar el proceso electoral de 2027.<\/p>\n<p>Si Morena est\u00e1 proyectando hacer todo lo acordado el s\u00e1bado, pues es claramente adelantar el proceso de 2027.<\/p>\n<p>Hoy queda en claro que con estas ma\u00f1as en Morena no necesitaban la reforma electoral que ayer finalmente les echaron abajo sus aliados del PT y Verde.<\/p>\n<p>&nbsp;<\/p>\n<p><strong>La ruptura<\/strong><\/p>\n<p>&nbsp;<\/p>\n<p>Ayer, conforme al guion de semanas anteriores, con el voto de PT y Verde, el pleno de San L\u00e1zaro desech\u00f3 la reforma electoral de\u00a0<strong>Claudia Sheinbaum<\/strong>.<\/p>\n<p>Esta derrota en realidad fue la tercera o cuarta sufrida por\u00a0<strong>Andr\u00e9s Manuel L\u00f3pez Obrador<\/strong>, verdadero promotor de esta reforma electoral que le hered\u00f3 a\u00a0<strong>Sheinbaum<\/strong>\u00a0desde antes de dejar su mandato el 1 de octubre de 2024.<\/p>\n<p>Para\u00a0<strong>Sheinbaum<\/strong>\u00a0y Morena el voto en contra de PT y Verde significa la ruptura de su alianza electoral. Es evidente que PT y Verde van ya cada uno por su lado y fuera de Morena para obtener cargos en el proceso de 2027.<\/p>\n<p>&nbsp;<\/p>\n<p>Twitter: @_Vizcaino \/ Facebook<\/p>\n<p>\/\u00a0<a href=\"https:\/\/www.facebook.com\/rvizcainoa\">https:\/\/www.facebook.com\/rvizcainoa<\/a><\/p>\n<p>&nbsp;<\/p>\n","protected":false},"excerpt":{"rendered":"<p>&nbsp; TRAS LA PUERTA DEL PODER Roberto Vizca\u00edno &nbsp; &nbsp; &nbsp; Los acuerdos alcanzados por unanimidad el s\u00e1bado dentro del Consejo Nacional de Morena son precisos en cuanto a reglas y tiempos para participar en todos los cargos en juego en el proceso electoral de 2027. \u00bfEstos acuerdos violan las normas electorales establecidas? S\u00ed. Todo [&hellip;]<\/p>\n","protected":false},"author":14,"featured_media":0,"comment_status":"open","ping_status":"open","sticky":false,"template":"","format":"standard","meta":{"_monsterinsights_skip_tracking":false,"_monsterinsights_sitenote_active":false,"_monsterinsights_sitenote_note":"","_monsterinsights_sitenote_category":0,"footnotes":""},"categories":[4,136],"tags":[],"class_list":["post-711251","post","type-post","status-publish","format-standard","hentry","category-opinion","category-roberto-vizcaino-opinion"],"_links":{"self":[{"href":"https:\/\/www.diarioimagen.net\/index.php?rest_route=\/wp\/v2\/posts\/711251","targetHints":{"allow":["GET"]}}],"collection":[{"href":"https:\/\/www.diarioimagen.net\/index.php?rest_route=\/wp\/v2\/posts"}],"about":[{"href":"https:\/\/www.diarioimagen.net\/index.php?rest_route=\/wp\/v2\/types\/post"}],"author":[{"embeddable":true,"href":"https:\/\/www.diarioimagen.net\/index.php?rest_route=\/wp\/v2\/users\/14"}],"replies":[{"embeddable":true,"href":"https:\/\/www.diarioimagen.net\/index.php?rest_route=%2Fwp%2Fv2%2Fcomments&post=711251"}],"version-history":[{"count":1,"href":"https:\/\/www.diarioimagen.net\/index.php?rest_route=\/wp\/v2\/posts\/711251\/revisions"}],"predecessor-version":[{"id":711252,"href":"https:\/\/www.diarioimagen.net\/index.php?rest_route=\/wp\/v2\/posts\/711251\/revisions\/711252"}],"wp:attachment":[{"href":"https:\/\/www.diarioimagen.net\/index.php?rest_route=%2Fwp%2Fv2%2Fmedia&parent=711251"}],"wp:term":[{"taxonomy":"category","embeddable":true,"href":"https:\/\/www.diarioimagen.net\/index.php?rest_route=%2Fwp%2Fv2%2Fcategories&post=711251"},{"taxonomy":"post_tag","embeddable":true,"href":"https:\/\/www.diarioimagen.net\/index.php?rest_route=%2Fwp%2Fv2%2Ftags&post=711251"}],"curies":[{"name":"wp","href":"https:\/\/api.w.org\/{rel}","templated":true}]}}