{"id":711309,"date":"2026-03-12T19:54:26","date_gmt":"2026-03-13T01:54:26","guid":{"rendered":"https:\/\/www.diarioimagen.net\/?p=711309"},"modified":"2026-03-12T19:54:46","modified_gmt":"2026-03-13T01:54:46","slug":"reconoce-el-gem-al-grupo-relampagos-por-31-anos-de-labor-para-salvar-vidas","status":"publish","type":"post","link":"https:\/\/www.diarioimagen.net\/?p=711309","title":{"rendered":"Reconoce el GEM al Grupo Rel\u00e1mpagos  por 31 a\u00f1os de labor para salvar vidas"},"content":{"rendered":"<ul>\n<li><strong>Obtiene la Presea Estado de M\u00e9xico. por segunda ocasi\u00f3n<\/strong><\/li>\n<li><strong>La Unidad de Rescate A\u00e9reo ha realizado m\u00e1s de 14 mil 500 traslados aerom\u00e9dicos y salvamentos gratuitos en m\u00e1s de tres d\u00e9cadas de servicio.<\/strong><\/li>\n<\/ul>\n<p><strong>\u00a0<\/strong><\/p>\n<div id=\"attachment_711310\" style=\"width: 398px\" class=\"wp-caption alignnone\"><img loading=\"lazy\" decoding=\"async\" aria-describedby=\"caption-attachment-711310\" class=\"wp-image-711310 size-large\" src=\"https:\/\/www.diarioimagen.net\/wp-content\/uploads\/2026\/03\/EDOMEX-1-ok-9-388x270.jpg\" alt=\"\" width=\"388\" height=\"270\" srcset=\"https:\/\/www.diarioimagen.net\/wp-content\/uploads\/2026\/03\/EDOMEX-1-ok-9-388x270.jpg 388w, https:\/\/www.diarioimagen.net\/wp-content\/uploads\/2026\/03\/EDOMEX-1-ok-9-240x167.jpg 240w, https:\/\/www.diarioimagen.net\/wp-content\/uploads\/2026\/03\/EDOMEX-1-ok-9-768x534.jpg 768w, https:\/\/www.diarioimagen.net\/wp-content\/uploads\/2026\/03\/EDOMEX-1-ok-9.jpg 1500w\" sizes=\"auto, (max-width: 388px) 100vw, 388px\" \/><p id=\"caption-attachment-711310\" class=\"wp-caption-text\">La gobernadora Delfina G\u00f3mez \u00c1lvarez entreg\u00f3 al Grupo Rel\u00e1mpagos la Presea Estado de M\u00e9xico, categor\u00eda \u201cLe\u00f3n Guzm\u00e1n\u201d 2025, en reconocimiento a su labor en emergencias, salvamentos y atenci\u00f3n a desastres.<\/p><\/div>\n<p>&nbsp;<\/p>\n<p>Toluca, Estado de M\u00e9xico.\u2013 Por 31 a\u00f1os de servicio y m\u00e1s de 14 mil 500 rescates y traslados aerom\u00e9dicos gratuitos, la Gobernadora Delfina G\u00f3mez \u00c1lvarez entreg\u00f3 al Grupo Rel\u00e1mpagos la Presea Estado de M\u00e9xico, categor\u00eda \u201cLe\u00f3n Guzm\u00e1n\u201d 2025, en reconocimiento a su labor en emergencias, salvamentos y atenci\u00f3n a desastres, lo que consolida a esta unidad como una de las corporaciones de rescate a\u00e9reo m\u00e1s importantes del pa\u00eds.<\/p>\n<p>El galard\u00f3n distingue el trabajo de m\u00e1s de 70 especialistas \u2014pilotos, param\u00e9dicos, rescatistas, personal t\u00e9cnico y operativo\u2014 que integran la Coordinaci\u00f3n de Servicios Auxiliares a Contingencias y Emergencias de la Oficial\u00eda Mayor del Estado de M\u00e9xico.<\/p>\n<p>\u201cRecibir la Presea \u2018Le\u00f3n Guzm\u00e1n 2025\u2019 es un orgullo, honor y compromiso con la sociedad mexiquense. Enviamos un mensaje a la Maestra Delfina G\u00f3mez \u00c1lvarez, nuestra Gobernadora: agradecemos todo el apoyo que nos brinda y la oportunidad de seguir ayudando a la sociedad mexiquense que tanto lo necesita\u201d, expres\u00f3 V\u00edctor Manuel Figueroa, Jefe de la Unidad de Rescate A\u00e9reo Rel\u00e1mpagos.<\/p>\n<p>Esta es la segunda ocasi\u00f3n en que el Grupo Rel\u00e1mpagos recibe la Presea Estado de M\u00e9xico. La primera fue en 2013, tras su participaci\u00f3n en las labores de apoyo a las personas damnificadas por los huracanes Ingrid y Manuel en el Estado de Guerrero.<\/p>\n<p>\u201cLo que la sociedad ve es a un piloto y a un tripulante aerom\u00e9dico; sin embargo, detr\u00e1s de ello hay muchas personas que hacen posible cada operaci\u00f3n\u201d, explic\u00f3 V\u00edctor Manuel Figueroa.<\/p>\n<p>Cada misi\u00f3n implica una tarea de coordinaci\u00f3n entre personal operativo, t\u00e9cnico y m\u00e9dico para atender las emergencias. \u201cTenemos un sistema de radio operaciones: el operador recibe la llamada y la canaliza a un param\u00e9dico, quien gestiona todo el traslado junto con el m\u00e9dico; tambi\u00e9n para organizar los dispositivos de seguridad que nos permitan realizar un descenso seguro\u201d, detall\u00f3 Karina R\u00edos Cejudo, param\u00e9dico rescatista.<\/p>\n<p>La log\u00edstica de cada operaci\u00f3n depende del \u00e1rea de despacho; ah\u00ed se revisa combustible, condiciones meteorol\u00f3gicas, trayectorias de vuelo y puntos de aterrizaje para garantizar la seguridad.<\/p>\n<p>\u201cDesde que el helic\u00f3ptero sale de la estaci\u00f3n, nuestra obligaci\u00f3n es observar su trayectoria punto por punto para garantizar que el vuelo se lleve a cabo en tiempo y forma\u201d, precis\u00f3 Ericka Gonz\u00e1lez S\u00e1nchez, oficial de Operaciones A\u00e9reas.<\/p>\n<p>Para quienes integran la Unidad de Rescate A\u00e9reo, la mayor recompensa es saber que su trabajo salva vidas. \u201cPoder llegar a un accidente u hospital donde est\u00e1 en riesgo una vida y trasladarla a un punto donde pueda recibir atenci\u00f3n, para nosotros es una satisfacci\u00f3n muy grande. Reincorporar a alguien con su familia y con la sociedad no tiene precio\u201d, narr\u00f3 Mario Mart\u00ednez Garc\u00eda, operador de gr\u00faa de rescate con m\u00e1s de 30 a\u00f1os de servicio.<\/p>\n<p>El Grupo Rel\u00e1mpagos mantiene su labor enfocada en la atenci\u00f3n a la poblaci\u00f3n, sin distinci\u00f3n y de manera gratuita. \u201cEl trabajo que nosotros realizamos apoya a la poblaci\u00f3n sin importar los recursos que tenga la gente, ni la edad o el g\u00e9nero; pueden ser ni\u00f1as, ni\u00f1os, adultos o personas mayores. Atendemos a todas y todos por igual\u201d, concluy\u00f3 Brandon Borboll\u00f3n Alvarado, mec\u00e1nico A de aeronaves.<\/p>\n<p>Con profesionalismo, disciplina y vocaci\u00f3n de servicio, el personal de Grupo Rel\u00e1mpagos ha consolidado a esta corporaci\u00f3n como referente nacional en rescate a\u00e9reo y atenci\u00f3n a emergencias.<\/p>\n<p>&nbsp;<\/p>\n<p>&nbsp;<\/p>\n<p>&nbsp;<\/p>\n","protected":false},"excerpt":{"rendered":"<p>Obtiene la Presea Estado de M\u00e9xico. por segunda ocasi\u00f3n La Unidad de Rescate A\u00e9reo ha realizado m\u00e1s de 14 mil 500 traslados aerom\u00e9dicos y salvamentos gratuitos en m\u00e1s de tres d\u00e9cadas de servicio. \u00a0 &nbsp; Toluca, Estado de M\u00e9xico.\u2013 Por 31 a\u00f1os de servicio y m\u00e1s de 14 mil 500 rescates y traslados aerom\u00e9dicos gratuitos, [&hellip;]<\/p>\n","protected":false},"author":14,"featured_media":711310,"comment_status":"open","ping_status":"open","sticky":false,"template":"","format":"standard","meta":{"_monsterinsights_skip_tracking":false,"_monsterinsights_sitenote_active":false,"_monsterinsights_sitenote_note":"","_monsterinsights_sitenote_category":0,"footnotes":""},"categories":[16,5],"tags":[],"class_list":["post-711309","post","type-post","status-publish","format-standard","has-post-thumbnail","hentry","category-destacadas","category-estado-de-mexico"],"_links":{"self":[{"href":"https:\/\/www.diarioimagen.net\/index.php?rest_route=\/wp\/v2\/posts\/711309","targetHints":{"allow":["GET"]}}],"collection":[{"href":"https:\/\/www.diarioimagen.net\/index.php?rest_route=\/wp\/v2\/posts"}],"about":[{"href":"https:\/\/www.diarioimagen.net\/index.php?rest_route=\/wp\/v2\/types\/post"}],"author":[{"embeddable":true,"href":"https:\/\/www.diarioimagen.net\/index.php?rest_route=\/wp\/v2\/users\/14"}],"replies":[{"embeddable":true,"href":"https:\/\/www.diarioimagen.net\/index.php?rest_route=%2Fwp%2Fv2%2Fcomments&post=711309"}],"version-history":[{"count":1,"href":"https:\/\/www.diarioimagen.net\/index.php?rest_route=\/wp\/v2\/posts\/711309\/revisions"}],"predecessor-version":[{"id":711311,"href":"https:\/\/www.diarioimagen.net\/index.php?rest_route=\/wp\/v2\/posts\/711309\/revisions\/711311"}],"wp:featuredmedia":[{"embeddable":true,"href":"https:\/\/www.diarioimagen.net\/index.php?rest_route=\/wp\/v2\/media\/711310"}],"wp:attachment":[{"href":"https:\/\/www.diarioimagen.net\/index.php?rest_route=%2Fwp%2Fv2%2Fmedia&parent=711309"}],"wp:term":[{"taxonomy":"category","embeddable":true,"href":"https:\/\/www.diarioimagen.net\/index.php?rest_route=%2Fwp%2Fv2%2Fcategories&post=711309"},{"taxonomy":"post_tag","embeddable":true,"href":"https:\/\/www.diarioimagen.net\/index.php?rest_route=%2Fwp%2Fv2%2Ftags&post=711309"}],"curies":[{"name":"wp","href":"https:\/\/api.w.org\/{rel}","templated":true}]}}