{"id":711312,"date":"2026-03-12T19:57:58","date_gmt":"2026-03-13T01:57:58","guid":{"rendered":"https:\/\/www.diarioimagen.net\/?p=711312"},"modified":"2026-03-12T19:57:58","modified_gmt":"2026-03-13T01:57:58","slug":"construye-gobierno-del-edomex-puente-la-mexiquense-en-tecamac","status":"publish","type":"post","link":"https:\/\/www.diarioimagen.net\/?p=711312","title":{"rendered":"Construye Gobierno del Edomex puente \u201cLa Mexiquense\u201d en Tec\u00e1mac"},"content":{"rendered":"<ul>\n<li><strong>Mejora la conectividad con el AIFA<\/strong><\/li>\n<\/ul>\n<p><strong>\u00a0<\/strong><\/p>\n<p><strong>\u00a0<\/strong><\/p>\n<div id=\"attachment_711313\" style=\"width: 415px\" class=\"wp-caption alignnone\"><img loading=\"lazy\" decoding=\"async\" aria-describedby=\"caption-attachment-711313\" class=\"wp-image-711313 size-large\" src=\"https:\/\/www.diarioimagen.net\/wp-content\/uploads\/2026\/03\/EDOMEX-2-ok-8-405x270.jpg\" alt=\"\" width=\"405\" height=\"270\" srcset=\"https:\/\/www.diarioimagen.net\/wp-content\/uploads\/2026\/03\/EDOMEX-2-ok-8-405x270.jpg 405w, https:\/\/www.diarioimagen.net\/wp-content\/uploads\/2026\/03\/EDOMEX-2-ok-8-240x160.jpg 240w, https:\/\/www.diarioimagen.net\/wp-content\/uploads\/2026\/03\/EDOMEX-2-ok-8-768x511.jpg 768w, https:\/\/www.diarioimagen.net\/wp-content\/uploads\/2026\/03\/EDOMEX-2-ok-8.jpg 1500w\" sizes=\"auto, (max-width: 405px) 100vw, 405px\" \/><p id=\"caption-attachment-711313\" class=\"wp-caption-text\">El puente \u201cLa Mexiquense\u201d conectar\u00e1 Perif\u00e9rico Norte con la zona del Aeropuerto Internacional Felipe \u00c1ngeles y ayuda a la movilidad entre Tultitl\u00e1n, Coacalco, Ecatepec, Tec\u00e1mac y Tonanitla.<\/p><\/div>\n<p>&nbsp;<\/p>\n<p>&nbsp;<\/p>\n<p>&nbsp;<\/p>\n<p>Tec\u00e1mac, Estado de M\u00e9xico.\u2013 Como parte del proyecto \u201c2026, El A\u00f1o de las Obras en EdoM\u00e9x\u201d, el Gobierno de Delfina G\u00f3mez \u00c1lvarez construye el puente vehicular sobre la Vialidad Mexiquense, una obra estrat\u00e9gica que mejora la conectividad hacia el Aeropuerto Internacional Felipe \u00c1ngeles y ayuda a la movilidad en municipios del oriente y nororiente de la entidad.<\/p>\n<p>\u201cEs una obra que viene desde Perif\u00e9rico Norte, a la altura de Perinorte; cruza los municipios de Tultitl\u00e1n, Coacalco, Ecatepec, Tec\u00e1mac y Tonanitla, y va a ser una conexi\u00f3n muy importante para el aeropuerto el AIFA\u201d, indic\u00f3 Joel Gonz\u00e1lez Toral, Director General de la Junta de Caminos del Estado de M\u00e9xico.<\/p>\n<p>Por instrucci\u00f3n de la Gobernadora Delfina G\u00f3mez \u00c1lvarez, se retom\u00f3 este proyecto que permaneci\u00f3 suspendido durante m\u00e1s de una d\u00e9cada, y que a su t\u00e9rmino facilitar\u00e1 el traslado de miles de usuarios que diariamente se desplazan por esta regi\u00f3n.<\/p>\n<p>\u201cSer\u00eda una de las obras m\u00e1s importantes porque va a dar una soluci\u00f3n para una poblaci\u00f3n de alrededor de 10 millones de habitantes\u201d, se\u00f1al\u00f3 Gonz\u00e1lez Toral.<\/p>\n<p>El funcionario explic\u00f3 que el puente tendr\u00e1 523 metros de longitud y forma parte de una intervenci\u00f3n vial de 14.5 kil\u00f3metros entre la Vialidad Mexiquense y Perinorte, lo que permitir\u00e1 consolidar un corredor estrat\u00e9gico que cruza el Circuito Exterior Mexiquense y el Gran Canal, adem\u00e1s de ofrecer una alternativa libre de peaje para acceder al aeropuerto.<\/p>\n<p>Adem\u00e1s, esta infraestructura forma parte de un conjunto de acciones para fortalecer la conectividad en la zona nororiente del estado, donde tambi\u00e9n se realizan trabajos de mejora y rescate carretero en la vialidad Tonanitla, paralela al Circuito Exterior Mexiquense, en V\u00eda Morelos, Avenida Central, en Ecatepec y Nezahualc\u00f3yotl, as\u00ed como Perif\u00e9rico Oriente.<\/p>\n<p><strong>\u00a0<\/strong><\/p>\n<p><strong>\u00a0<\/strong><\/p>\n<p>&nbsp;<\/p>\n<p><strong>\u00a0<\/strong><\/p>\n","protected":false},"excerpt":{"rendered":"<p>Mejora la conectividad con el AIFA \u00a0 \u00a0 &nbsp; &nbsp; &nbsp; Tec\u00e1mac, Estado de M\u00e9xico.\u2013 Como parte del proyecto \u201c2026, El A\u00f1o de las Obras en EdoM\u00e9x\u201d, el Gobierno de Delfina G\u00f3mez \u00c1lvarez construye el puente vehicular sobre la Vialidad Mexiquense, una obra estrat\u00e9gica que mejora la conectividad hacia el Aeropuerto Internacional Felipe \u00c1ngeles y [&hellip;]<\/p>\n","protected":false},"author":14,"featured_media":711313,"comment_status":"open","ping_status":"open","sticky":false,"template":"","format":"standard","meta":{"_monsterinsights_skip_tracking":false,"_monsterinsights_sitenote_active":false,"_monsterinsights_sitenote_note":"","_monsterinsights_sitenote_category":0,"footnotes":""},"categories":[5],"tags":[],"class_list":["post-711312","post","type-post","status-publish","format-standard","has-post-thumbnail","hentry","category-estado-de-mexico"],"_links":{"self":[{"href":"https:\/\/www.diarioimagen.net\/index.php?rest_route=\/wp\/v2\/posts\/711312","targetHints":{"allow":["GET"]}}],"collection":[{"href":"https:\/\/www.diarioimagen.net\/index.php?rest_route=\/wp\/v2\/posts"}],"about":[{"href":"https:\/\/www.diarioimagen.net\/index.php?rest_route=\/wp\/v2\/types\/post"}],"author":[{"embeddable":true,"href":"https:\/\/www.diarioimagen.net\/index.php?rest_route=\/wp\/v2\/users\/14"}],"replies":[{"embeddable":true,"href":"https:\/\/www.diarioimagen.net\/index.php?rest_route=%2Fwp%2Fv2%2Fcomments&post=711312"}],"version-history":[{"count":1,"href":"https:\/\/www.diarioimagen.net\/index.php?rest_route=\/wp\/v2\/posts\/711312\/revisions"}],"predecessor-version":[{"id":711314,"href":"https:\/\/www.diarioimagen.net\/index.php?rest_route=\/wp\/v2\/posts\/711312\/revisions\/711314"}],"wp:featuredmedia":[{"embeddable":true,"href":"https:\/\/www.diarioimagen.net\/index.php?rest_route=\/wp\/v2\/media\/711313"}],"wp:attachment":[{"href":"https:\/\/www.diarioimagen.net\/index.php?rest_route=%2Fwp%2Fv2%2Fmedia&parent=711312"}],"wp:term":[{"taxonomy":"category","embeddable":true,"href":"https:\/\/www.diarioimagen.net\/index.php?rest_route=%2Fwp%2Fv2%2Fcategories&post=711312"},{"taxonomy":"post_tag","embeddable":true,"href":"https:\/\/www.diarioimagen.net\/index.php?rest_route=%2Fwp%2Fv2%2Ftags&post=711312"}],"curies":[{"name":"wp","href":"https:\/\/api.w.org\/{rel}","templated":true}]}}