{"id":711343,"date":"2026-03-12T20:57:53","date_gmt":"2026-03-13T02:57:53","guid":{"rendered":"https:\/\/www.diarioimagen.net\/?p=711343"},"modified":"2026-03-12T20:57:53","modified_gmt":"2026-03-13T02:57:53","slug":"mas-de-1-millon-de-turistas-llegaran-a-hoteles-durante-el-puente-vacacional-de-marzo","status":"publish","type":"post","link":"https:\/\/www.diarioimagen.net\/?p=711343","title":{"rendered":"M\u00e1s de 1 mill\u00f3n de turistas  llegar\u00e1n a hoteles durante el  puente vacacional de marzo"},"content":{"rendered":"<ul>\n<li><strong>Fines de semana largos impulsan el turismo nacional<\/strong><\/li>\n<li><strong>La secretaria de Turismo, Josefina Rodr\u00edguez Zamora, estima una ocupaci\u00f3n hotelera nacional promedio de 67.1%<\/strong><\/li>\n<\/ul>\n<div id=\"attachment_711344\" style=\"width: 415px\" class=\"wp-caption alignnone\"><img loading=\"lazy\" decoding=\"async\" aria-describedby=\"caption-attachment-711344\" class=\"wp-image-711344 size-large\" src=\"https:\/\/www.diarioimagen.net\/wp-content\/uploads\/2026\/03\/SECTUR-405x270.jpeg\" alt=\"\" width=\"405\" height=\"270\" srcset=\"https:\/\/www.diarioimagen.net\/wp-content\/uploads\/2026\/03\/SECTUR-405x270.jpeg 405w, https:\/\/www.diarioimagen.net\/wp-content\/uploads\/2026\/03\/SECTUR-240x160.jpeg 240w, https:\/\/www.diarioimagen.net\/wp-content\/uploads\/2026\/03\/SECTUR-768x512.jpeg 768w, https:\/\/www.diarioimagen.net\/wp-content\/uploads\/2026\/03\/SECTUR.jpeg 1280w\" sizes=\"auto, (max-width: 405px) 100vw, 405px\" \/><p id=\"caption-attachment-711344\" class=\"wp-caption-text\">Josefina Rodr\u00edguez Zamora, titular de la Sectur, dio a conocer que, con motivo del puente vacacional de marzo se estima la llegada de 1.78 millones de turistas a cuartos de hotel en el pa\u00eds.<\/p><\/div>\n<p>&nbsp;<\/p>\n<p>&nbsp;<\/p>\n<p>La secretaria de Turismo del Gobierno de M\u00e9xico, Josefina Rodr\u00edguez Zamora, dio a conocer que, con motivo del puente vacacional de marzo \u2014que comprende del viernes 13 al lunes 16 de marzo de 2026\u2014, se estima la llegada de 1.78 millones de turistas a cuartos de hotel en el pa\u00eds.<\/p>\n<p>\u201cLos fines de semana largos y los puentes vacacionales impulsan el turismo nacional y permiten que m\u00e1s personas viajen y disfruten de los destinos de nuestro pa\u00eds. Esta actividad genera empleo, fortalece las econom\u00edas locales y contribuye a que los beneficios del turismo se traduzcan en prosperidad compartida para las comunidades\u201d, destac\u00f3.<\/p>\n<p>La titular de la Secretar\u00eda de Turismo (Sectur) detall\u00f3 que esta cifra representa un incremento de 1.8 por ciento respecto al mismo periodo de 2025.<\/p>\n<p>Se\u00f1al\u00f3 que, de acuerdo con estimaciones de la dependencia, la ocupaci\u00f3n hotelera a nivel nacional alcanzar\u00eda un promedio de 67.1 por ciento, lo que representa 0.2 puntos porcentuales m\u00e1s que lo registrado en 2025.<\/p>\n<p>\u201cEstos resultados reflejan el dinamismo y la fortaleza del turismo nacional, as\u00ed como la preferencia de las y los viajeros por los diversos destinos del pa\u00eds, lo que impulsa la actividad econ\u00f3mica, el empleo y el bienestar de las comunidades que dependen de esta actividad\u201d, mencion\u00f3.<\/p>\n<p>Agreg\u00f3 que durante este periodo se espera una importante afluencia de visitantes en los principales centros tur\u00edsticos del pa\u00eds, particularmente en destinos de playa, ciudades coloniales y Pueblos M\u00e1gicos, donde se prev\u00e9 una significativa derrama econ\u00f3mica para las regiones receptoras.<\/p>\n<p>Rodr\u00edguez Zamora inform\u00f3 que, entre los principales centros tur\u00edsticos del pa\u00eds por llegada de turistas a cuartos de hotel, destaca Ciudad de M\u00e9xico, con una estimaci\u00f3n de 153 mil 238 turistas, lo que representa un crecimiento de 3.7 por ciento respecto a 2025; seguida de Canc\u00fan, con 76 mil 878 turistas y una ocupaci\u00f3n hotelera estimada de 82 por ciento.<\/p>\n<p>Asimismo, se prev\u00e9 la llegada de 66 mil 399 turistas a Riviera Maya, con una ocupaci\u00f3n estimada de 83.5 por ciento; 66 mil 024 turistas en Acapulco, con 50 por ciento de ocupaci\u00f3n; y 51 mil 851 turistas en Guadalajara, lo que representa un incremento estimado de 6.9 por ciento.<\/p>\n<p>En otros destinos relevantes, se proyecta la llegada de 46 mil 312 turistas a Monterrey, con un crecimiento estimado de 6.9 por ciento; 42 mil 639 turistas en Puebla, que registrar\u00eda el mayor incremento porcentual con 9.3 por ciento; y 40 mil 608 turistas en Los Cabos, donde se estima una ocupaci\u00f3n hotelera de 82.7 por ciento.<\/p>\n<p>De igual manera, se prev\u00e9 la llegada de 29 mil 763 turistas a Puerto Vallarta, con una ocupaci\u00f3n estimada de 84 por ciento, y 26 mil 144 turistas en M\u00e9rida, con una ocupaci\u00f3n aproximada de 63.4 por ciento durante este periodo.<\/p>\n<p>&nbsp;<\/p>\n<p><strong>\u00a0<\/strong><\/p>\n<p>&nbsp;<\/p>\n","protected":false},"excerpt":{"rendered":"<p>Fines de semana largos impulsan el turismo nacional La secretaria de Turismo, Josefina Rodr\u00edguez Zamora, estima una ocupaci\u00f3n hotelera nacional promedio de 67.1% &nbsp; &nbsp; La secretaria de Turismo del Gobierno de M\u00e9xico, Josefina Rodr\u00edguez Zamora, dio a conocer que, con motivo del puente vacacional de marzo \u2014que comprende del viernes 13 al lunes 16 [&hellip;]<\/p>\n","protected":false},"author":14,"featured_media":711344,"comment_status":"open","ping_status":"open","sticky":false,"template":"","format":"standard","meta":{"_monsterinsights_skip_tracking":false,"_monsterinsights_sitenote_active":false,"_monsterinsights_sitenote_note":"","_monsterinsights_sitenote_category":0,"footnotes":""},"categories":[11],"tags":[],"class_list":["post-711343","post","type-post","status-publish","format-standard","has-post-thumbnail","hentry","category-turismo"],"_links":{"self":[{"href":"https:\/\/www.diarioimagen.net\/index.php?rest_route=\/wp\/v2\/posts\/711343","targetHints":{"allow":["GET"]}}],"collection":[{"href":"https:\/\/www.diarioimagen.net\/index.php?rest_route=\/wp\/v2\/posts"}],"about":[{"href":"https:\/\/www.diarioimagen.net\/index.php?rest_route=\/wp\/v2\/types\/post"}],"author":[{"embeddable":true,"href":"https:\/\/www.diarioimagen.net\/index.php?rest_route=\/wp\/v2\/users\/14"}],"replies":[{"embeddable":true,"href":"https:\/\/www.diarioimagen.net\/index.php?rest_route=%2Fwp%2Fv2%2Fcomments&post=711343"}],"version-history":[{"count":1,"href":"https:\/\/www.diarioimagen.net\/index.php?rest_route=\/wp\/v2\/posts\/711343\/revisions"}],"predecessor-version":[{"id":711345,"href":"https:\/\/www.diarioimagen.net\/index.php?rest_route=\/wp\/v2\/posts\/711343\/revisions\/711345"}],"wp:featuredmedia":[{"embeddable":true,"href":"https:\/\/www.diarioimagen.net\/index.php?rest_route=\/wp\/v2\/media\/711344"}],"wp:attachment":[{"href":"https:\/\/www.diarioimagen.net\/index.php?rest_route=%2Fwp%2Fv2%2Fmedia&parent=711343"}],"wp:term":[{"taxonomy":"category","embeddable":true,"href":"https:\/\/www.diarioimagen.net\/index.php?rest_route=%2Fwp%2Fv2%2Fcategories&post=711343"},{"taxonomy":"post_tag","embeddable":true,"href":"https:\/\/www.diarioimagen.net\/index.php?rest_route=%2Fwp%2Fv2%2Ftags&post=711343"}],"curies":[{"name":"wp","href":"https:\/\/api.w.org\/{rel}","templated":true}]}}