{"id":711346,"date":"2026-03-12T20:59:16","date_gmt":"2026-03-13T02:59:16","guid":{"rendered":"https:\/\/www.diarioimagen.net\/?p=711346"},"modified":"2026-03-12T20:59:16","modified_gmt":"2026-03-13T02:59:16","slug":"presenta-clara-brugada-estrategia-juego-limpio-y-sociedad-justa","status":"publish","type":"post","link":"https:\/\/www.diarioimagen.net\/?p=711346","title":{"rendered":"Presenta Clara Brugada estrategia  \u201cJuego limpio y sociedad justa\u201d"},"content":{"rendered":"<ul>\n<li><strong>Crean la Secretar\u00eda del Deporte <\/strong><\/li>\n<\/ul>\n<p><strong>\u00a0<\/strong><\/p>\n<p>&nbsp;<\/p>\n<div id=\"attachment_711347\" style=\"width: 424px\" class=\"wp-caption alignnone\"><img loading=\"lazy\" decoding=\"async\" aria-describedby=\"caption-attachment-711347\" class=\"wp-image-711347 size-large\" src=\"https:\/\/www.diarioimagen.net\/wp-content\/uploads\/2026\/03\/BRUGADA-1-414x270.jpeg\" alt=\"\" width=\"414\" height=\"270\" srcset=\"https:\/\/www.diarioimagen.net\/wp-content\/uploads\/2026\/03\/BRUGADA-1-414x270.jpeg 414w, https:\/\/www.diarioimagen.net\/wp-content\/uploads\/2026\/03\/BRUGADA-1-240x157.jpeg 240w, https:\/\/www.diarioimagen.net\/wp-content\/uploads\/2026\/03\/BRUGADA-1.jpeg 628w\" sizes=\"auto, (max-width: 414px) 100vw, 414px\" \/><p id=\"caption-attachment-711347\" class=\"wp-caption-text\">Clara Brugada Molina present\u00f3 la estrategia interinstitucional \u201cJuego limpio y sociedad justa en el mundial, la ciudad se la juega por tus derechos\u201d, una agenda integral de derechos humanos dise\u00f1ada para el contexto de la pr\u00f3xima Copa del Mundo.<\/p><\/div>\n<p>La jefa de Gobierno, Clara Brugada Molina, present\u00f3 la estrategia interinstitucional \u201cJuego limpio y sociedad justa en el mundial, la ciudad se la juega por tus derechos\u201d, una agenda integral de derechos humanos dise\u00f1ada para el contexto de la pr\u00f3xima Copa del Mundo. La mandataria resalt\u00f3 que este ser\u00e1 un \u201cmundial diferente\u201d, ya que la capital se encuentra en plena transformaci\u00f3n, y enfatiz\u00f3 que los derechos humanos deben ser el verdadero marcador para la ciudad.<\/p>\n<p>La estrategia engloba un total de 119 acciones en las que participar\u00e1n 46 secretar\u00edas. Nashieli Ram\u00edrez Hern\u00e1ndez detall\u00f3 que estos trabajos se agrupan en seis ejes estrat\u00e9gicos:<\/p>\n<p>1. La cancha pareja: 9 instituciones con 12 acciones generales.<br \/>\n2. Alineaci\u00f3n por el cuidado, espacios de protecci\u00f3n: 21 instituciones con 26 acciones.<br \/>\n3. Pase seguro, ciudad conectada: 15 instituciones con 29 acciones de movilidad.<br \/>\n4. Mi porra me respalda: 10 instituciones con 36 acciones para garantizar identidad y deporte.<br \/>\n5. Cancha verde: 3 secretar\u00edas con 8 acciones para un mundial sostenible.<br \/>\n6. VAR ciudadano: 6 instituciones con 8 acciones enfocadas en informaci\u00f3n y seguridad digital.<\/p>\n<p>Dentro de las acciones destacadas se encuentran el \u201cSilbatozo ciudadano\u201d, una alerta digital a cargo de la Contralor\u00eda para reportar faltas de servidores p\u00fablicos; un portal de transparencia sobre el gasto p\u00fablico y destino de impuestos para el mundial; el programa \u201cEmbajadores de la paz\u201d para redes comunitarias, y una campa\u00f1a de sensibilizaci\u00f3n contra la discriminaci\u00f3n.<\/p>\n<p>Por su parte, Luis Fernando Carrera Castro, representante del Fondo de las Naciones Unidas para la Infancia (UNICEF) en M\u00e9xico, celebr\u00f3 la firma del convenio con el Gobierno de la Ciudad de M\u00e9xico para salvaguardar a las infancias. Esta alianza forma parte de la \u201cProtecci\u00f3n reforzada\u201d, una etapa de la estrategia que identifica cuatro riesgos cr\u00edticos: trata de personas, exacerbaci\u00f3n de violencias, aumento de discriminaci\u00f3n y consumo de sustancias. Para mitigar estos riesgos, la ciudad se dividir\u00e1 en tres zonas operativas: celebraciones masivas, corredores interculturales y espacios de incidencia social.<\/p>\n<p>Finalmente, como un paso hist\u00f3rico para la infraestructura institucional de la capital, la Jefa de Gobierno anunci\u00f3 la creaci\u00f3n de la Secretar\u00eda del Deporte de la Ciudad de M\u00e9xico y nombr\u00f3 al arquitecto Javier Hidalgo como el encargado de dirigir esta nueva dependencia.<\/p>\n<p>&nbsp;<\/p>\n<p><strong>\u00a0<\/strong><\/p>\n<p>&nbsp;<\/p>\n<p>&nbsp;<\/p>\n","protected":false},"excerpt":{"rendered":"<p>Crean la Secretar\u00eda del Deporte \u00a0 &nbsp; La jefa de Gobierno, Clara Brugada Molina, present\u00f3 la estrategia interinstitucional \u201cJuego limpio y sociedad justa en el mundial, la ciudad se la juega por tus derechos\u201d, una agenda integral de derechos humanos dise\u00f1ada para el contexto de la pr\u00f3xima Copa del Mundo. La mandataria resalt\u00f3 que este [&hellip;]<\/p>\n","protected":false},"author":14,"featured_media":711347,"comment_status":"open","ping_status":"open","sticky":false,"template":"","format":"standard","meta":{"_monsterinsights_skip_tracking":false,"_monsterinsights_sitenote_active":false,"_monsterinsights_sitenote_note":"","_monsterinsights_sitenote_category":0,"footnotes":""},"categories":[6],"tags":[],"class_list":["post-711346","post","type-post","status-publish","format-standard","has-post-thumbnail","hentry","category-cd-de-mexico"],"_links":{"self":[{"href":"https:\/\/www.diarioimagen.net\/index.php?rest_route=\/wp\/v2\/posts\/711346","targetHints":{"allow":["GET"]}}],"collection":[{"href":"https:\/\/www.diarioimagen.net\/index.php?rest_route=\/wp\/v2\/posts"}],"about":[{"href":"https:\/\/www.diarioimagen.net\/index.php?rest_route=\/wp\/v2\/types\/post"}],"author":[{"embeddable":true,"href":"https:\/\/www.diarioimagen.net\/index.php?rest_route=\/wp\/v2\/users\/14"}],"replies":[{"embeddable":true,"href":"https:\/\/www.diarioimagen.net\/index.php?rest_route=%2Fwp%2Fv2%2Fcomments&post=711346"}],"version-history":[{"count":1,"href":"https:\/\/www.diarioimagen.net\/index.php?rest_route=\/wp\/v2\/posts\/711346\/revisions"}],"predecessor-version":[{"id":711348,"href":"https:\/\/www.diarioimagen.net\/index.php?rest_route=\/wp\/v2\/posts\/711346\/revisions\/711348"}],"wp:featuredmedia":[{"embeddable":true,"href":"https:\/\/www.diarioimagen.net\/index.php?rest_route=\/wp\/v2\/media\/711347"}],"wp:attachment":[{"href":"https:\/\/www.diarioimagen.net\/index.php?rest_route=%2Fwp%2Fv2%2Fmedia&parent=711346"}],"wp:term":[{"taxonomy":"category","embeddable":true,"href":"https:\/\/www.diarioimagen.net\/index.php?rest_route=%2Fwp%2Fv2%2Fcategories&post=711346"},{"taxonomy":"post_tag","embeddable":true,"href":"https:\/\/www.diarioimagen.net\/index.php?rest_route=%2Fwp%2Fv2%2Ftags&post=711346"}],"curies":[{"name":"wp","href":"https:\/\/api.w.org\/{rel}","templated":true}]}}