{"id":711352,"date":"2026-03-12T21:02:01","date_gmt":"2026-03-13T03:02:01","guid":{"rendered":"https:\/\/www.diarioimagen.net\/?p=711352"},"modified":"2026-03-12T21:02:01","modified_gmt":"2026-03-13T03:02:01","slug":"brindan-atencion-integral-con-diagnostico-tratamiento-cirugia-y-rehabilitacion-auditiva","status":"publish","type":"post","link":"https:\/\/www.diarioimagen.net\/?p=711352","title":{"rendered":"Brindan atenci\u00f3n integral con  diagn\u00f3stico, tratamiento, cirug\u00eda  y rehabilitaci\u00f3n auditiva"},"content":{"rendered":"<p>&nbsp;<\/p>\n<ul>\n<li><strong>Servicio de Otorrinolaringolog\u00eda del INER <\/strong><\/li>\n<\/ul>\n<div id=\"attachment_711353\" style=\"width: 415px\" class=\"wp-caption alignnone\"><img loading=\"lazy\" decoding=\"async\" aria-describedby=\"caption-attachment-711353\" class=\"wp-image-711353 size-large\" src=\"https:\/\/www.diarioimagen.net\/wp-content\/uploads\/2026\/03\/INER-405x270.jpg\" alt=\"\" width=\"405\" height=\"270\" srcset=\"https:\/\/www.diarioimagen.net\/wp-content\/uploads\/2026\/03\/INER-405x270.jpg 405w, https:\/\/www.diarioimagen.net\/wp-content\/uploads\/2026\/03\/INER-240x160.jpg 240w, https:\/\/www.diarioimagen.net\/wp-content\/uploads\/2026\/03\/INER-768x512.jpg 768w, https:\/\/www.diarioimagen.net\/wp-content\/uploads\/2026\/03\/INER-1536x1023.jpg 1536w, https:\/\/www.diarioimagen.net\/wp-content\/uploads\/2026\/03\/INER.jpg 1600w\" sizes=\"auto, (max-width: 405px) 100vw, 405px\" \/><p id=\"caption-attachment-711353\" class=\"wp-caption-text\">El Servicio de Otorrinolaringolog\u00eda del INER fortalece la atenci\u00f3n especializada para personas con p\u00e9rdida auditiva mediante diagn\u00f3stico oportuno, tratamiento m\u00e9dico, cirug\u00eda y rehabilitaci\u00f3n integral, con la participaci\u00f3n de especialistas.<\/p><\/div>\n<p><strong>\u00a0<\/strong><\/p>\n<p>&nbsp;<\/p>\n<p>&nbsp;<\/p>\n<p>&nbsp;<\/p>\n<p>El Instituto Nacional de Enfermedades Respiratorias (INER) fortalece la atenci\u00f3n especializada para personas con p\u00e9rdida auditiva mediante diagn\u00f3stico oportuno, tratamiento m\u00e9dico, cirug\u00eda y rehabilitaci\u00f3n integral, con la participaci\u00f3n de especialistas en otorrinolaringolog\u00eda, audiolog\u00eda y terapia de lenguaje.<\/p>\n<p>&nbsp;<\/p>\n<p>La especialista en otorrinolaringolog\u00eda y coordinadora de la Cl\u00ednica de Dispositivos Implantables de O\u00eddo del INER, Guadalupe G\u00f3ngora Cadena explic\u00f3 que el instituto atiende a pacientes de todas las edades con diferentes causas de p\u00e9rdida auditiva.<\/p>\n<p>&nbsp;<\/p>\n<p>\u201cSi realizamos un diagn\u00f3stico oportuno podemos iniciar tratamiento y rehabilitaci\u00f3n para que la o el paciente recupere funcionalidad y mejore su calidad de vida en su entorno familiar, escolar o laboral\u201d, destac\u00f3.<\/p>\n<p>&nbsp;<\/p>\n<p>En el INER se realizan alrededor de 800 diagn\u00f3sticos de p\u00e9rdida auditiva al a\u00f1o, lo que implica valoraci\u00f3n m\u00e9dica especializada, estudios audiol\u00f3gicos y seguimiento cl\u00ednico para determinar el tratamiento m\u00e1s adecuado para cada persona.<\/p>\n<p>&nbsp;<\/p>\n<p>Las causas de p\u00e9rdida auditiva pueden ser cong\u00e9nitas o adquiridas y abarcan factores gen\u00e9ticos y condiciones presentes al nacer, infecciones, traumatismos ac\u00fasticos o enfermedades que afectan el o\u00eddo interno.<\/p>\n<p>&nbsp;<\/p>\n<p>En ni\u00f1as y ni\u00f1os, la vigilancia familiar es fundamental para detectar posibles alteraciones auditivas, por ejemplo, cuando no responden a sonidos, presentan dificultades en el desarrollo del lenguaje o muestran problemas para seguir instrucciones. En personas adultas, s\u00edntomas como zumbido de o\u00eddos, dolor, sensaci\u00f3n de o\u00eddo tapado o infecciones recurrentes pueden ser se\u00f1ales de alerta que requieren valoraci\u00f3n m\u00e9dica.<\/p>\n<p>&nbsp;<\/p>\n<p><strong>Implante coclear, alternativa para recuperar la percepci\u00f3n del sonido<\/strong><\/p>\n<p>&nbsp;<\/p>\n<p>Entre las alternativas terap\u00e9uticas para pacientes con p\u00e9rdida auditiva severa o profunda se encuentra el implante coclear, un dispositivo m\u00e9dico electr\u00f3nico que sustituye la funci\u00f3n del o\u00eddo interno y permite enviar se\u00f1ales al nervio auditivo.<\/p>\n<p>&nbsp;<\/p>\n<p>\u201cCuenta con un componente interno que se coloca mediante cirug\u00eda y un procesador externo que capta los sonidos y los transmite al sistema auditivo\u201d, explic\u00f3 la especialista Guadalupe G\u00f3ngora Cadena.<\/p>\n<p>&nbsp;<\/p>\n<p>Este procedimiento se indica cuando las y los pacientes no obtienen beneficio con auxiliares auditivos convencionales y puede realizarse tanto en poblaci\u00f3n pedi\u00e1trica como en personas adultas. En m\u00e1s de 25 a\u00f1os, el INER ha colocado alrededor de 450 implantes cocleares, con seguimiento m\u00e9dico y rehabilitaci\u00f3n auditiva para favorecer la adaptaci\u00f3n al dispositivo.<\/p>\n<p>&nbsp;<\/p>\n<p>\u201cLa rehabilitaci\u00f3n es fundamental para que el cerebro aprenda a interpretar las se\u00f1ales que recibe a trav\u00e9s del implante\u201d, asegur\u00f3 la experta.<\/p>\n<p>&nbsp;<\/p>\n<p>Finalmente, la Secretar\u00eda de Salud, a trav\u00e9s del INER, recomienda realizar revisiones auditivas peri\u00f3dicas, evitar la exposici\u00f3n prolongada a ruidos intensos, utilizar protecci\u00f3n auditiva en ambientes ruidosos y no automedicarse, ya que algunos medicamentos pueden afectar la audici\u00f3n.<\/p>\n<p><strong>\u00a0<\/strong><\/p>\n<p>&nbsp;<\/p>\n<p><strong>\u00a0<\/strong><\/p>\n<p><strong>\u00a0<\/strong><\/p>\n<p>&nbsp;<\/p>\n<p>&nbsp;<\/p>\n<p>&nbsp;<\/p>\n","protected":false},"excerpt":{"rendered":"<p>&nbsp; Servicio de Otorrinolaringolog\u00eda del INER \u00a0 &nbsp; &nbsp; &nbsp; El Instituto Nacional de Enfermedades Respiratorias (INER) fortalece la atenci\u00f3n especializada para personas con p\u00e9rdida auditiva mediante diagn\u00f3stico oportuno, tratamiento m\u00e9dico, cirug\u00eda y rehabilitaci\u00f3n integral, con la participaci\u00f3n de especialistas en otorrinolaringolog\u00eda, audiolog\u00eda y terapia de lenguaje. &nbsp; La especialista en otorrinolaringolog\u00eda y coordinadora de [&hellip;]<\/p>\n","protected":false},"author":14,"featured_media":711353,"comment_status":"open","ping_status":"open","sticky":false,"template":"","format":"standard","meta":{"_monsterinsights_skip_tracking":false,"_monsterinsights_sitenote_active":false,"_monsterinsights_sitenote_note":"","_monsterinsights_sitenote_category":0,"footnotes":""},"categories":[3],"tags":[],"class_list":["post-711352","post","type-post","status-publish","format-standard","has-post-thumbnail","hentry","category-nacional"],"_links":{"self":[{"href":"https:\/\/www.diarioimagen.net\/index.php?rest_route=\/wp\/v2\/posts\/711352","targetHints":{"allow":["GET"]}}],"collection":[{"href":"https:\/\/www.diarioimagen.net\/index.php?rest_route=\/wp\/v2\/posts"}],"about":[{"href":"https:\/\/www.diarioimagen.net\/index.php?rest_route=\/wp\/v2\/types\/post"}],"author":[{"embeddable":true,"href":"https:\/\/www.diarioimagen.net\/index.php?rest_route=\/wp\/v2\/users\/14"}],"replies":[{"embeddable":true,"href":"https:\/\/www.diarioimagen.net\/index.php?rest_route=%2Fwp%2Fv2%2Fcomments&post=711352"}],"version-history":[{"count":1,"href":"https:\/\/www.diarioimagen.net\/index.php?rest_route=\/wp\/v2\/posts\/711352\/revisions"}],"predecessor-version":[{"id":711354,"href":"https:\/\/www.diarioimagen.net\/index.php?rest_route=\/wp\/v2\/posts\/711352\/revisions\/711354"}],"wp:featuredmedia":[{"embeddable":true,"href":"https:\/\/www.diarioimagen.net\/index.php?rest_route=\/wp\/v2\/media\/711353"}],"wp:attachment":[{"href":"https:\/\/www.diarioimagen.net\/index.php?rest_route=%2Fwp%2Fv2%2Fmedia&parent=711352"}],"wp:term":[{"taxonomy":"category","embeddable":true,"href":"https:\/\/www.diarioimagen.net\/index.php?rest_route=%2Fwp%2Fv2%2Fcategories&post=711352"},{"taxonomy":"post_tag","embeddable":true,"href":"https:\/\/www.diarioimagen.net\/index.php?rest_route=%2Fwp%2Fv2%2Ftags&post=711352"}],"curies":[{"name":"wp","href":"https:\/\/api.w.org\/{rel}","templated":true}]}}