{"id":711395,"date":"2026-03-12T21:16:42","date_gmt":"2026-03-13T03:16:42","guid":{"rendered":"https:\/\/www.diarioimagen.net\/?p=711395"},"modified":"2026-03-12T21:37:56","modified_gmt":"2026-03-13T03:37:56","slug":"uaemex-impulsa-dialogo-para-fortalecer-al-sector-mezcalero-mexiquense","status":"publish","type":"post","link":"https:\/\/www.diarioimagen.net\/?p=711395","title":{"rendered":"UAEM\u00e9x impulsa di\u00e1logo para fortalecer al sector mezcalero mexiquense"},"content":{"rendered":"<p>&nbsp;<\/p>\n<p><strong>\u00a0<\/strong><\/p>\n<p><img loading=\"lazy\" decoding=\"async\" class=\"alignnone wp-image-711396 size-large\" src=\"https:\/\/www.diarioimagen.net\/wp-content\/uploads\/2026\/03\/Captura-de-Pantalla-2026-03-12-a-las-21.13.05-460x229.png\" alt=\"\" width=\"460\" height=\"229\" srcset=\"https:\/\/www.diarioimagen.net\/wp-content\/uploads\/2026\/03\/Captura-de-Pantalla-2026-03-12-a-las-21.13.05-460x229.png 460w, https:\/\/www.diarioimagen.net\/wp-content\/uploads\/2026\/03\/Captura-de-Pantalla-2026-03-12-a-las-21.13.05-240x119.png 240w, https:\/\/www.diarioimagen.net\/wp-content\/uploads\/2026\/03\/Captura-de-Pantalla-2026-03-12-a-las-21.13.05-768x382.png 768w, https:\/\/www.diarioimagen.net\/wp-content\/uploads\/2026\/03\/Captura-de-Pantalla-2026-03-12-a-las-21.13.05-1536x764.png 1536w, https:\/\/www.diarioimagen.net\/wp-content\/uploads\/2026\/03\/Captura-de-Pantalla-2026-03-12-a-las-21.13.05-2048x1019.png 2048w\" sizes=\"auto, (max-width: 460px) 100vw, 460px\" \/><\/p>\n<p>&nbsp;<\/p>\n<p>Ixtapan de la Sal, M\u00e9x.- En el municipio de Ixtapan de la Sal, la Universidad Aut\u00f3noma del Estado de M\u00e9xico (UAEM\u00e9x) realiz\u00f3 el 12\u00b0 Foro Regional de Agave y Mezcal Mexiquense \u201cNormatividad y certificaci\u00f3n de calidad para la denominaci\u00f3n de origen del mezcal\u201d, un espacio de di\u00e1logo entre academia, productores y autoridades orientado a fortalecer el desarrollo del sector mezcalero en la entidad.<\/p>\n<p>El encuentro reuni\u00f3 a representantes de instituciones p\u00fablicas, organizaciones productoras y acad\u00e9micas, entre ellas el NODESS Desarrollo Regional del Mezcal en el Estado de M\u00e9xico, el Ayuntamiento de Ixtapan de la Sal, la Universidad Mexiquense del Bicentenario y el Instituto Mexiquense del Emprendedor.<\/p>\n<p>Durante la jornada, los participantes reflexionaron sobre los retos y oportunidades derivados de la reciente obtenci\u00f3n de la denominaci\u00f3n de origen del mezcal para 15 municipios mexiquenses: Almoloya de Alquisiras, Amatepec, Coatepec Harinas, Ixtapan de la Sal, Luvianos, Malinalco, Ocuilan, Sultepec, Tejupilco, Tenancingo, Tlatlaya, Tonatico, Villa Guerrero, Zacualpan y Zumpahuac\u00e1n.<\/p>\n<p>En representaci\u00f3n de la rectora de la UAEM\u00e9x, Martha Patricia Zarza Delgado, y ante la presidenta municipal de Ixtapan de la Sal y anfitriona regional, Jessica Rosal\u00edo Embriz, el secretario Acad\u00e9mico, Francisco Herrera Tapia, destac\u00f3 el papel de la universidad en la articulaci\u00f3n entre conocimiento, territorio y desarrollo social.<\/p>\n<p>En la Plaza Maclovia de este municipio, subray\u00f3 que este foro representa una nueva etapa de madurez institucional, al reconocer que el conocimiento t\u00e9cnico, la organizaci\u00f3n social y la responsabilidad ambiental constituyen pilares fundamentales para impulsar un desarrollo regional m\u00e1s s\u00f3lido.<\/p>\n<p>\u201cDesde la Universidad Aut\u00f3noma del Estado de M\u00e9xico reafirmamos nuestra responsabilidad como universidad p\u00fablica de acompa\u00f1ar los procesos de desarrollo regional mediante investigaci\u00f3n aplicada. Que el conocimiento sirva a la gente, el pueblo a la universidad y la universidad al pueblo para construir una formaci\u00f3n profesional pertinente y una vinculaci\u00f3n social efectiva\u201d, expres\u00f3.<\/p>\n<p>Por su parte, la directora del Centro Universitario UAEM Tenancingo, Luz Mar\u00eda Robles Fern\u00e1ndez, se\u00f1al\u00f3 que la obtenci\u00f3n de la denominaci\u00f3n de origen implica una responsabilidad compartida entre todos los actores vinculados con el agave y el mezcal mexiquense para consolidar este sector productivo.<\/p>\n<p>A\u00f1adi\u00f3 que dicho reconocimiento no solo fortalece la actividad econ\u00f3mica, sino que tambi\u00e9n protege territorios, tradiciones y saberes transmitidos de generaci\u00f3n en generaci\u00f3n.<\/p>\n<p>Durante la inauguraci\u00f3n, el productor de agave Juan Manuel Olivares Aguilar destac\u00f3 que la denominaci\u00f3n de origen abre nuevas oportunidades para posicionar al mezcal mexiquense en el mercado, respaldado por su compromiso con la calidad. Asimismo, subray\u00f3 que el crecimiento del sector debe colocar en el centro a las comunidades productoras y al cuidado del territorio.<\/p>\n<p>&nbsp;<\/p>\n<p>&nbsp;<\/p>\n<p>&nbsp;<\/p>\n<p>&nbsp;<\/p>\n","protected":false},"excerpt":{"rendered":"<p>&nbsp; \u00a0 &nbsp; Ixtapan de la Sal, M\u00e9x.- En el municipio de Ixtapan de la Sal, la Universidad Aut\u00f3noma del Estado de M\u00e9xico (UAEM\u00e9x) realiz\u00f3 el 12\u00b0 Foro Regional de Agave y Mezcal Mexiquense \u201cNormatividad y certificaci\u00f3n de calidad para la denominaci\u00f3n de origen del mezcal\u201d, un espacio de di\u00e1logo entre academia, productores y autoridades [&hellip;]<\/p>\n","protected":false},"author":14,"featured_media":711396,"comment_status":"open","ping_status":"open","sticky":false,"template":"","format":"standard","meta":{"_monsterinsights_skip_tracking":false,"_monsterinsights_sitenote_active":false,"_monsterinsights_sitenote_note":"","_monsterinsights_sitenote_category":0,"footnotes":""},"categories":[16,5],"tags":[],"class_list":["post-711395","post","type-post","status-publish","format-standard","has-post-thumbnail","hentry","category-destacadas","category-estado-de-mexico"],"_links":{"self":[{"href":"https:\/\/www.diarioimagen.net\/index.php?rest_route=\/wp\/v2\/posts\/711395","targetHints":{"allow":["GET"]}}],"collection":[{"href":"https:\/\/www.diarioimagen.net\/index.php?rest_route=\/wp\/v2\/posts"}],"about":[{"href":"https:\/\/www.diarioimagen.net\/index.php?rest_route=\/wp\/v2\/types\/post"}],"author":[{"embeddable":true,"href":"https:\/\/www.diarioimagen.net\/index.php?rest_route=\/wp\/v2\/users\/14"}],"replies":[{"embeddable":true,"href":"https:\/\/www.diarioimagen.net\/index.php?rest_route=%2Fwp%2Fv2%2Fcomments&post=711395"}],"version-history":[{"count":1,"href":"https:\/\/www.diarioimagen.net\/index.php?rest_route=\/wp\/v2\/posts\/711395\/revisions"}],"predecessor-version":[{"id":711398,"href":"https:\/\/www.diarioimagen.net\/index.php?rest_route=\/wp\/v2\/posts\/711395\/revisions\/711398"}],"wp:featuredmedia":[{"embeddable":true,"href":"https:\/\/www.diarioimagen.net\/index.php?rest_route=\/wp\/v2\/media\/711396"}],"wp:attachment":[{"href":"https:\/\/www.diarioimagen.net\/index.php?rest_route=%2Fwp%2Fv2%2Fmedia&parent=711395"}],"wp:term":[{"taxonomy":"category","embeddable":true,"href":"https:\/\/www.diarioimagen.net\/index.php?rest_route=%2Fwp%2Fv2%2Fcategories&post=711395"},{"taxonomy":"post_tag","embeddable":true,"href":"https:\/\/www.diarioimagen.net\/index.php?rest_route=%2Fwp%2Fv2%2Ftags&post=711395"}],"curies":[{"name":"wp","href":"https:\/\/api.w.org\/{rel}","templated":true}]}}