{"id":711399,"date":"2026-03-12T21:17:54","date_gmt":"2026-03-13T03:17:54","guid":{"rendered":"https:\/\/www.diarioimagen.net\/?p=711399"},"modified":"2026-03-12T21:17:54","modified_gmt":"2026-03-13T03:17:54","slug":"monreal-entra-al-control-de-danos","status":"publish","type":"post","link":"https:\/\/www.diarioimagen.net\/?p=711399","title":{"rendered":"\u00a0Monreal entra al \u201ccontrol de da\u00f1os\u201d"},"content":{"rendered":"<p><strong>\u00a0TRAS LA PUERTA DEL PODER. Roberto Vizca\u00edno<\/strong><\/p>\n<p><strong>\u00a0<\/strong><\/p>\n<p><strong>\u00a0<\/strong><\/p>\n<p>&nbsp;<\/p>\n<p>&nbsp;<\/p>\n<p>Luego de se\u00f1alar que el llamado \u201cplan B\u201d lo integran 4 iniciativas constitucionales, no a leyes secundarias,\u00a0<strong>Ricardo Monral<\/strong>\u00a0indic\u00f3 que el encuentro de antenoche en Palacio Nacional, entre la presidenta\u00a0<strong>Claudia Sheinbaum<\/strong>, los coordinadores parlamentarios de Morena y Verde en el Senado y C\u00e1mara de Diputados, fue esencialmente para\u00a0<em>reconstruir la alianza electoral\u00a0<\/em>del oficialismo.<\/p>\n<p>A decir del zacatecano, a ese encuentro solo acudieron \u00e9l, por la C\u00e1mara de Diputados;\u00a0<strong>Ignacio Mier Velazco<\/strong>, l\u00edder de la mayor\u00eda de Morena en el Senado; el senador\u00a0<strong>Manuel Velasco<\/strong>, acompa\u00f1ado por\u00a0<strong>Arturo Escobar<\/strong>, miembro del consejo pol\u00edtico nacional y coordinador nacional del CEN del Partido Verde; alguien del PT y la secretaria de Gobernaci\u00f3n,\u00a0<strong>Rosa Icela Rodr\u00edguez,<\/strong>\u00a0adem\u00e1s de otros colaboradores de la mandataria.<\/p>\n<p>El encuentro inici\u00f3 al filo de las 8 y luego de una introducci\u00f3n y reflexi\u00f3n de la mandataria, ella se retir\u00f3 a las 9 y media y todos los dem\u00e1s permanecieron hasta casi las 2 de la ma\u00f1ana para dialogar y dar curso a propuestas para el \u201cplan B\u201d, explic\u00f3\u00a0<strong>Monreal<\/strong>.<\/p>\n<p>\u201cLo que yo observ\u00e9 ayer (dice\u00a0<strong>Monreal<\/strong>), es que la presidenta\u00a0<strong>Claudia Sheinbaum actu\u00f3 con un\u00a0gesto de gran generosidad<\/strong>, democr\u00e1tico, amplio\u2026 que no obstante haber votado al mediod\u00eda en contra de su propuesta de reforma constitucional, ella, con un buen tacto pol\u00edtico, los invit\u00f3 a sentarse a la mesa\u00a0<em>para intentar reconstruir la alianza<\/em>.<\/p>\n<p>\u201cY que ahora, a trav\u00e9s de una reforma constitucional importante, pero no tan profunda como la anterior, se pueda hacer esta reconstrucci\u00f3n\u201d.<\/p>\n<p>Ella, dice el zacatecano, qued\u00f3 de enviar estas iniciativas el lunes o martes.<\/p>\n<p>&#8211; \u00bfHubo rega\u00f1o?<\/p>\n<p>\u201cNo, para nada, ella es muy prudente, es jefa de Estado, de verdad muy generosa, un gesto pol\u00edtico de alto nivel. As\u00ed lo reconozco yo\u2026\u201d<\/p>\n<p>&#8211; \u00bfFue cirug\u00eda de sanaci\u00f3n?<\/p>\n<p>\u201c\u2026 \u00a0m\u00e1s que cirug\u00edas son reconstrucciones sociales y pol\u00edticas\u2026 hasta donde se pueda\u2026 creo que no deber\u00edan, por parte del PT y del Verde, de rechazar esta oferta que la presidenta les hace de manera amplia y generosa para que pueda reconstituirse y sanar cualquier malentendido, y volver a tener la fuerza pol\u00edtica y legislativa que el pa\u00eds necesita\u201d.<\/p>\n<p>-\u00bfSiguen siendo PT y Verde partidos de confianza?<\/p>\n<p>\u201cPara m\u00ed s\u00ed, son partidos de confianza\u2026 lo que pas\u00f3 son\u00a0<em>veredas incidentales<\/em>\u00a0las que ellos tomaron\u2026 hoy la Presidenta los invita a recobrar el camino\u2026 ayer platiqu\u00e9 con ellos para reconstruir el tejido entre los aliados\u201d.<\/p>\n<p>Monreal dice que va a ser necesario recibir y analizar este \u201cplan B\u201d que la presidenta Claudia Sheinbaum dijo ayer utilizar\u00e1 el mecanismo de consulta popular para inducir modificaciones a temas como el de impulsar recortes a presupuestos de Congresos locales donde diputados obtienen ingresos muy altos.<\/p>\n<p>Igual, se propondr\u00e1n recortes a financiamientos en ayuntamientos donde existen gran n\u00famero de regidores que obtienen ingresos que en conjunto luego rebasan los 500 mil pesos mensuales.<\/p>\n<p>Entre las nuevas propuestas presidenciales est\u00e1, dijo, el de posponer la elecci\u00f3n judicial hasta el 2028.<\/p>\n<p>\u201cSon cuatro grandes temas, todas reformas constitucionales\u201d.<\/p>\n<p>Sin embargo, existen cuestiones que se tendr\u00edan que ajustar, indica\u00a0<strong>Monrea<\/strong>l, porque la consulta popular -adem\u00e1s de exigir requisitos complicados y altos- no se pueden utilizar para temas ni fiscales, ni de fuerzas armadas, ni electorales.<\/p>\n<p>Lo que viene dentro de este contexto no ser\u00e1 f\u00e1cil. Los hechos indican que la alianza oficialista Morena, PT y Verde est\u00e1 rota. Y ya ahora pese a declaraciones de amor, besos y abrazos, cada fuerza va por lo suyo.<\/p>\n<p>La aduana de esta ruptura ser\u00e1 las elecciones de 2027.<\/p>\n<p>Creo yo.<\/p>\n<p>&nbsp;<\/p>\n<p><strong>La vida sigue y Coahuila avanza sin rollos<\/strong><\/p>\n<p>&nbsp;<\/p>\n<p><strong>Manolo Jim\u00e9nez<\/strong>, gobernador priista de Coahuila, recibi\u00f3 a consejeras y consejeros econ\u00f3micos de 10 pa\u00edses de la Uni\u00f3n Europea con quienes avanz\u00f3 en la promoci\u00f3n de inversiones y cooperaci\u00f3n estrat\u00e9gica.<\/p>\n<p>Los europeos recibieron datos sobre las fortalezas competitivas de esta entidad, entre las que destacan las de seguridad, Estado de Derecho, desarrollo industrial, capital humano y estabilidad laboral.<\/p>\n<p>Los europeos fueron liderados por la Secci\u00f3n Econ\u00f3mica y Comercial de la UE con representantes de las embajadas de Finlandia, Portugal, Francia, Alemania, Rep\u00fablica Checa, Espa\u00f1a, Hungr\u00eda, Polonia, Irlanda y B\u00e9lgica.<\/p>\n<p>El encuentro gir\u00f3 sobre el entorno macroecon\u00f3mico global, el proceso de modernizaci\u00f3n del Acuerdo Global M\u00e9xico\u2013Uni\u00f3n Europea, as\u00ed como las ventajas que ofrece Coahuila para la instalaci\u00f3n de empresas de origen europeo, particularmente en sectores estrat\u00e9gicos como el automotriz, energ\u00e9tico, manufacturero y de innovaci\u00f3n tecnol\u00f3gica.<\/p>\n<p>Hoy, los europeos representan ya inversiones en el estado superiores a los 1,200 millones de d\u00f3lares y con esta visita suman ya quince pa\u00edses europeos cuyos embajadores, consejeros comerciales o representantes diplom\u00e1ticos han sido recibidos en Coahuila, consolidando una estrategia permanente de promoci\u00f3n internacional que se impulsa en coordinaci\u00f3n con la Oficina de Representaci\u00f3n del Gobierno del Estado en la Ciudad de M\u00e9xico, encabezada por <strong>Hilda Flores<\/strong>, la Secretar\u00eda de Econom\u00eda y Pro Coahuila.<\/p>\n<p>&nbsp;<\/p>\n<p>Twitter: @_Vizcaino \/ Facebook<\/p>\n<p>\/\u00a0<a href=\"https:\/\/www.facebook.com\/rvizcainoa\">https:\/\/www.facebook.com\/rvizcainoa<\/a><\/p>\n<p>&nbsp;<\/p>\n","protected":false},"excerpt":{"rendered":"<p>\u00a0TRAS LA PUERTA DEL PODER. Roberto Vizca\u00edno \u00a0 \u00a0 &nbsp; &nbsp; Luego de se\u00f1alar que el llamado \u201cplan B\u201d lo integran 4 iniciativas constitucionales, no a leyes secundarias,\u00a0Ricardo Monral\u00a0indic\u00f3 que el encuentro de antenoche en Palacio Nacional, entre la presidenta\u00a0Claudia Sheinbaum, los coordinadores parlamentarios de Morena y Verde en el Senado y C\u00e1mara de Diputados, [&hellip;]<\/p>\n","protected":false},"author":14,"featured_media":0,"comment_status":"open","ping_status":"open","sticky":false,"template":"","format":"standard","meta":{"_monsterinsights_skip_tracking":false,"_monsterinsights_sitenote_active":false,"_monsterinsights_sitenote_note":"","_monsterinsights_sitenote_category":0,"footnotes":""},"categories":[4,136],"tags":[],"class_list":["post-711399","post","type-post","status-publish","format-standard","hentry","category-opinion","category-roberto-vizcaino-opinion"],"_links":{"self":[{"href":"https:\/\/www.diarioimagen.net\/index.php?rest_route=\/wp\/v2\/posts\/711399","targetHints":{"allow":["GET"]}}],"collection":[{"href":"https:\/\/www.diarioimagen.net\/index.php?rest_route=\/wp\/v2\/posts"}],"about":[{"href":"https:\/\/www.diarioimagen.net\/index.php?rest_route=\/wp\/v2\/types\/post"}],"author":[{"embeddable":true,"href":"https:\/\/www.diarioimagen.net\/index.php?rest_route=\/wp\/v2\/users\/14"}],"replies":[{"embeddable":true,"href":"https:\/\/www.diarioimagen.net\/index.php?rest_route=%2Fwp%2Fv2%2Fcomments&post=711399"}],"version-history":[{"count":1,"href":"https:\/\/www.diarioimagen.net\/index.php?rest_route=\/wp\/v2\/posts\/711399\/revisions"}],"predecessor-version":[{"id":711404,"href":"https:\/\/www.diarioimagen.net\/index.php?rest_route=\/wp\/v2\/posts\/711399\/revisions\/711404"}],"wp:attachment":[{"href":"https:\/\/www.diarioimagen.net\/index.php?rest_route=%2Fwp%2Fv2%2Fmedia&parent=711399"}],"wp:term":[{"taxonomy":"category","embeddable":true,"href":"https:\/\/www.diarioimagen.net\/index.php?rest_route=%2Fwp%2Fv2%2Fcategories&post=711399"},{"taxonomy":"post_tag","embeddable":true,"href":"https:\/\/www.diarioimagen.net\/index.php?rest_route=%2Fwp%2Fv2%2Ftags&post=711399"}],"curies":[{"name":"wp","href":"https:\/\/api.w.org\/{rel}","templated":true}]}}