{"id":711696,"date":"2026-03-16T19:57:26","date_gmt":"2026-03-17T01:57:26","guid":{"rendered":"https:\/\/www.diarioimagen.net\/?p=711696"},"modified":"2026-03-16T19:57:26","modified_gmt":"2026-03-17T01:57:26","slug":"guerrero-en-los-pinos-reune-a-mas-de-17-mil-personas","status":"publish","type":"post","link":"https:\/\/www.diarioimagen.net\/?p=711696","title":{"rendered":"\u201cGUERRERO EN LOS PINOS\u201d RE\u00daNE A M\u00c1S DE 17 MIL PERSONAS\u00a0"},"content":{"rendered":"<ul>\n<li><strong>LA QUINTA EDICI\u00d3N DEL FESTIVAL<\/strong><\/li>\n<li><strong>El festival cont\u00f3 con la participaci\u00f3n de m\u00e1s de 120 mujeres y 80 hombres hablantes de 12 lenguas originarias y provenientes de 26 municipios de las ocho regiones del estado<\/strong><\/li>\n<li><strong>La presencia del estado en la Casa de las Culturas de M\u00e9xico ofreci\u00f3 un especial programa de danzas, m\u00fasicas y tradiciones del estado<\/strong><\/li>\n<li><strong>El encuentro, que cada a\u00f1o aumenta el n\u00famero de visitantes, fue organizado por la Secretar\u00eda de Cultura del Gobierno de M\u00e9xico y el Gobierno del estado de Guerrero<\/strong><\/li>\n<\/ul>\n<p><img loading=\"lazy\" decoding=\"async\" class=\"alignnone wp-image-711697 size-large\" src=\"https:\/\/www.diarioimagen.net\/wp-content\/uploads\/2026\/03\/GUERRERO-01-405x270.jpg\" alt=\"\" width=\"405\" height=\"270\" srcset=\"https:\/\/www.diarioimagen.net\/wp-content\/uploads\/2026\/03\/GUERRERO-01-405x270.jpg 405w, https:\/\/www.diarioimagen.net\/wp-content\/uploads\/2026\/03\/GUERRERO-01-240x160.jpg 240w, https:\/\/www.diarioimagen.net\/wp-content\/uploads\/2026\/03\/GUERRERO-01-768x512.jpg 768w, https:\/\/www.diarioimagen.net\/wp-content\/uploads\/2026\/03\/GUERRERO-01.jpg 1280w\" sizes=\"auto, (max-width: 405px) 100vw, 405px\" \/><\/p>\n<p>Durante dos d\u00edas, el 14 y 15 de marzo de 2026, el Complejo Cultural Los Pinos, de la Secretar\u00eda de Cultura del Gobierno de M\u00e9xico, reuni\u00f3 a m\u00e1s de 17 mil personas, que disfrutaron de la riqueza artesanal, la cocina tradicional y art\u00edstica de la entidad en la quinta edici\u00f3n del festival \u201cGuerrero en Los Pinos\u201d.<\/p>\n<p>&nbsp;<\/p>\n<p>El festival cont\u00f3 con la participaci\u00f3n de m\u00e1s de 120 mujeres y 80 hombres hablantes de 12 lenguas originarias y 26 municipios de las ocho regiones del estado: la Costa Chica, la Costa Grande, Centro, Monta\u00f1a, Norte, Acapulco, Sierra y Tierra Caliente.<\/p>\n<p>&nbsp;<\/p>\n<p>Joselyn Valencia, visitante en Los Pinos, dijo sentirse sorprendida por la calidez de las cocineras guerrerenses y las artesanas: \u201cVenir aqu\u00ed es siempre un gusto, ya que uno puede llevarse un poquito de M\u00e9xico a su casa. Por ejemplo, me compr\u00e9 una m\u00e1scara de tecu\u00e1n y com\u00ed un pozole verde delicioso\u201d.<\/p>\n<p>&nbsp;<\/p>\n<p>Entre las disciplinas art\u00edsticas que se dieron cita en Guerrero en Los Pinos se encontr\u00f3 la m\u00fasica, con la asistencia del Conjunto de M\u00fasica Regional Alma Suriana, Jalil Mosso, la Dinast\u00eda Morales, Paco Nieves, Las Hermanas Garc\u00eda y las chilenas a la talla con Yamel Marmolejo.<\/p>\n<p>&nbsp;<\/p>\n<p>En la danza se presentaron el Ballet Folkl\u00f3rico Xochiscoscatl de Tlapa de Comonfort, el Ballet Folkl\u00f3rico Coyolxauhqui y el Ballet Folkl\u00f3rico Xochicalli, adem\u00e1s de las tradicionales danzas de los Tlacololeros, Moros Cabezones, Diablos de Cuajinicuilapa, Mulitas, Chivos, Capoteros, Mujeres Zacatecas y Danza de los Viejos.<\/p>\n<p>&nbsp;<\/p>\n<p>\u201cRepresentar a mi costa y mi pueblo es el orgullo m\u00e1s grande que uno puede tener como habitante de Cuajinicuilapa. Pude mostrar mis ra\u00edces africanas y mis tradiciones a M\u00e9xico y a todo el mundo\u201d, dijo David Monta\u00f1o Monta\u00f1o Roque, mascarero e integrante de las Danzas de los Diablos en el municipio de Cuajinicuilapa, considerada una de las zonas con mayor presencia afrodescendiente en el pa\u00eds.<\/p>\n<p>&nbsp;<\/p>\n<p>A su vez, Cristina Italuvi Espinal Baz\u00e1n, artesana de Olinal\u00e1, afirm\u00f3: \u201cPara m\u00ed traer estas cajitas en Guerrero en Los Pinos como artesana es dar una peque\u00f1a muestra de lo que tiene Olinal\u00e1 en cada artesana y artesano, y es un espacio en el que nosotros, con mucho orgullo y amor, vinimos a demostrar la grandeza y el valor de nuestras artesan\u00edas que tienen denominaci\u00f3n de origen, lo que las hace \u00fanicas en el mundo\u201d.<\/p>\n<p>&nbsp;<\/p>\n<p>El Complejo Cultural Los Pinos realiza el programa Estados en Los Pinos, en colaboraci\u00f3n con los Gobiernos de diversas entidades del pa\u00eds, a fin de traer la riqueza cultural, gastron\u00f3mica y art\u00edstica a la Casa del Pueblo de M\u00e9xico.<\/p>\n<p>&nbsp;<\/p>\n","protected":false},"excerpt":{"rendered":"<p>LA QUINTA EDICI\u00d3N DEL FESTIVAL El festival cont\u00f3 con la participaci\u00f3n de m\u00e1s de 120 mujeres y 80 hombres hablantes de 12 lenguas originarias y provenientes de 26 municipios de las ocho regiones del estado La presencia del estado en la Casa de las Culturas de M\u00e9xico ofreci\u00f3 un especial programa de danzas, m\u00fasicas y [&hellip;]<\/p>\n","protected":false},"author":14,"featured_media":711697,"comment_status":"open","ping_status":"open","sticky":false,"template":"","format":"standard","meta":{"_monsterinsights_skip_tracking":false,"_monsterinsights_sitenote_active":false,"_monsterinsights_sitenote_note":"","_monsterinsights_sitenote_category":0,"footnotes":""},"categories":[156],"tags":[],"class_list":["post-711696","post","type-post","status-publish","format-standard","has-post-thumbnail","hentry","category-cultura"],"_links":{"self":[{"href":"https:\/\/www.diarioimagen.net\/index.php?rest_route=\/wp\/v2\/posts\/711696","targetHints":{"allow":["GET"]}}],"collection":[{"href":"https:\/\/www.diarioimagen.net\/index.php?rest_route=\/wp\/v2\/posts"}],"about":[{"href":"https:\/\/www.diarioimagen.net\/index.php?rest_route=\/wp\/v2\/types\/post"}],"author":[{"embeddable":true,"href":"https:\/\/www.diarioimagen.net\/index.php?rest_route=\/wp\/v2\/users\/14"}],"replies":[{"embeddable":true,"href":"https:\/\/www.diarioimagen.net\/index.php?rest_route=%2Fwp%2Fv2%2Fcomments&post=711696"}],"version-history":[{"count":1,"href":"https:\/\/www.diarioimagen.net\/index.php?rest_route=\/wp\/v2\/posts\/711696\/revisions"}],"predecessor-version":[{"id":711698,"href":"https:\/\/www.diarioimagen.net\/index.php?rest_route=\/wp\/v2\/posts\/711696\/revisions\/711698"}],"wp:featuredmedia":[{"embeddable":true,"href":"https:\/\/www.diarioimagen.net\/index.php?rest_route=\/wp\/v2\/media\/711697"}],"wp:attachment":[{"href":"https:\/\/www.diarioimagen.net\/index.php?rest_route=%2Fwp%2Fv2%2Fmedia&parent=711696"}],"wp:term":[{"taxonomy":"category","embeddable":true,"href":"https:\/\/www.diarioimagen.net\/index.php?rest_route=%2Fwp%2Fv2%2Fcategories&post=711696"},{"taxonomy":"post_tag","embeddable":true,"href":"https:\/\/www.diarioimagen.net\/index.php?rest_route=%2Fwp%2Fv2%2Ftags&post=711696"}],"curies":[{"name":"wp","href":"https:\/\/api.w.org\/{rel}","templated":true}]}}