{"id":711702,"date":"2026-03-16T20:04:54","date_gmt":"2026-03-17T02:04:54","guid":{"rendered":"https:\/\/www.diarioimagen.net\/?p=711702"},"modified":"2026-03-16T20:04:54","modified_gmt":"2026-03-17T02:04:54","slug":"plan-b-alcanzado","status":"publish","type":"post","link":"https:\/\/www.diarioimagen.net\/?p=711702","title":{"rendered":"\u201cPlan B\u201d alcanzado"},"content":{"rendered":"<p><strong>Aunque Pese\u00a0\u00a0<\/strong><strong> Salvador Mart\u00ednez G.<\/strong><\/p>\n<p><strong>\u00a0<\/strong><\/p>\n<p><strong>\u00a0<\/strong><\/p>\n<p>Con el anuncio de respaldo total al \u201cplan B\u201d electoral, se logr\u00f3 que la negociaci\u00f3n prive sobre la cerraz\u00f3n, gracias al trabajo fino e intenso de la titular de la Secretar\u00eda de Gobernaci\u00f3n, Rosa Icela Rodr\u00edguez.<\/p>\n<p>&nbsp;<\/p>\n<p>El paquete de reformas, que incluye la reducci\u00f3n del gasto en Congresos locales, el recorte de regidur\u00edas en ayuntamientos obesos y la posibilidad de someter a consulta popular temas electorales, es un avance sustancial hacia una m\u00e1s eficaz democracia participativa y permitir\u00e1 el ahorro de cuatro mil millones de pesos, los mismos que podr\u00e1n dedicarse a servicios sociales en todo el pa\u00eds.<\/p>\n<p>&nbsp;<\/p>\n<p>Los partidos de oposici\u00f3n se rasgan las vestiduras y agitan con el fantasma del autoritarismo y comparaciones con reg\u00edmenes que nada tienen que ver con nuestra realidad. Resulta cuando menos c\u00ednico que quienes defendieron durante d\u00e9cadas un modelo neoliberal que empobreci\u00f3 al pa\u00eds y secuestr\u00f3 las instituciones, hoy se erijan como paladines de la democracia.<\/p>\n<p>&nbsp;<\/p>\n<p>Queda claro que defender el derroche y los sueldos millonarios en los organismos electorales no es defender la democracia; \u00e9sta no se mide por la cantidad de dinero que se gasta, sino por la capacidad del pueblo de incidir en las decisiones que ata\u00f1en a su vida cotidiana.<\/p>\n<p>&nbsp;<\/p>\n<p>El acuerdo alcanzado en la Secretar\u00eda de Gobernaci\u00f3n es virtuoso por atender la doble exigencia: mantener los principios de pluralidad y competencias electorales que permitieron a la izquierda llegar al poder en el a\u00f1o 2018 y avanzar en el objetivo republicano de combatir la burocracia dorada.<\/p>\n<p>&nbsp;<\/p>\n<p>Debe destacarse la visi\u00f3n pol\u00edtica de la presidenta Claudia Sheinbaum, quien rechaz\u00f3 la confrontaci\u00f3n est\u00e9ril luego de no alcanzar la mayor\u00eda calificada en la reforma electoral inicialmente planteada y busc\u00f3 el di\u00e1logo, tendi\u00f3 puentes y cont\u00f3 con una h\u00e1bil negociadora en la persona de Rosa Icela Rodr\u00edguez. Eso es hacer pol\u00edtica.<\/p>\n<p>&nbsp;<\/p>\n<p>Esta semana se discutir\u00e1 en el Congreso el \u201cplan B\u201d y muy pronto ser\u00e1 aprobado.<\/p>\n<p>&nbsp;<\/p>\n<p><strong>Susurros<\/strong><\/p>\n<p>&nbsp;<\/p>\n<p>Cuba es atacada salvajemente por el presidente convicto Donald Trump y a pesar del profundo sufrimiento que se le impone al pueblo de la isla, \u00e9sta se mantiene en aras de sus principios ideol\u00f3gicos.<\/p>\n<p>&nbsp;<\/p>\n<p>El respaldo con el que Cuba siempre ha contado por parte de M\u00e9xico le resulta vital en estos momentos de severas presiones, sin petr\u00f3leo, sin gasolina y sin energ\u00eda el\u00e9ctrica, pero con la decisi\u00f3n de mantenerse en pie.<\/p>\n<p>&nbsp;<\/p>\n<p>La ayuda humanitaria al pueblo de Cuba a la que el fin de semana llamo AMLO, debe seguir y, en el terreno pol\u00edtico, Washington debiera hacer caso a la resoluci\u00f3n de la ONU, para poner fin a los embargos comerciales y econ\u00f3micos a La Habana, pero es pedir demasiado ante un dictador imperialista como Trump.<\/p>\n<p>&nbsp;<\/p>\n<p>&nbsp;<\/p>\n<p><a href=\"mailto:salvadormartinez@visionmx.com\"><strong><em>salvadormartinez@visionmx.com<\/em><\/strong><\/a><\/p>\n<p><strong><em>X: @salvador_mtz<\/em><\/strong><\/p>\n<p>&nbsp;<\/p>\n","protected":false},"excerpt":{"rendered":"<p>Aunque Pese\u00a0\u00a0 Salvador Mart\u00ednez G. \u00a0 \u00a0 Con el anuncio de respaldo total al \u201cplan B\u201d electoral, se logr\u00f3 que la negociaci\u00f3n prive sobre la cerraz\u00f3n, gracias al trabajo fino e intenso de la titular de la Secretar\u00eda de Gobernaci\u00f3n, Rosa Icela Rodr\u00edguez. &nbsp; El paquete de reformas, que incluye la reducci\u00f3n del gasto en [&hellip;]<\/p>\n","protected":false},"author":14,"featured_media":0,"comment_status":"open","ping_status":"open","sticky":false,"template":"","format":"standard","meta":{"_monsterinsights_skip_tracking":false,"_monsterinsights_sitenote_active":false,"_monsterinsights_sitenote_note":"","_monsterinsights_sitenote_category":0,"footnotes":""},"categories":[4,96743],"tags":[],"class_list":["post-711702","post","type-post","status-publish","format-standard","hentry","category-opinion","category-salvador-martinez-garcia"],"_links":{"self":[{"href":"https:\/\/www.diarioimagen.net\/index.php?rest_route=\/wp\/v2\/posts\/711702","targetHints":{"allow":["GET"]}}],"collection":[{"href":"https:\/\/www.diarioimagen.net\/index.php?rest_route=\/wp\/v2\/posts"}],"about":[{"href":"https:\/\/www.diarioimagen.net\/index.php?rest_route=\/wp\/v2\/types\/post"}],"author":[{"embeddable":true,"href":"https:\/\/www.diarioimagen.net\/index.php?rest_route=\/wp\/v2\/users\/14"}],"replies":[{"embeddable":true,"href":"https:\/\/www.diarioimagen.net\/index.php?rest_route=%2Fwp%2Fv2%2Fcomments&post=711702"}],"version-history":[{"count":1,"href":"https:\/\/www.diarioimagen.net\/index.php?rest_route=\/wp\/v2\/posts\/711702\/revisions"}],"predecessor-version":[{"id":711703,"href":"https:\/\/www.diarioimagen.net\/index.php?rest_route=\/wp\/v2\/posts\/711702\/revisions\/711703"}],"wp:attachment":[{"href":"https:\/\/www.diarioimagen.net\/index.php?rest_route=%2Fwp%2Fv2%2Fmedia&parent=711702"}],"wp:term":[{"taxonomy":"category","embeddable":true,"href":"https:\/\/www.diarioimagen.net\/index.php?rest_route=%2Fwp%2Fv2%2Fcategories&post=711702"},{"taxonomy":"post_tag","embeddable":true,"href":"https:\/\/www.diarioimagen.net\/index.php?rest_route=%2Fwp%2Fv2%2Ftags&post=711702"}],"curies":[{"name":"wp","href":"https:\/\/api.w.org\/{rel}","templated":true}]}}