{"id":711741,"date":"2026-03-16T21:20:51","date_gmt":"2026-03-17T03:20:51","guid":{"rendered":"https:\/\/www.diarioimagen.net\/?p=711741"},"modified":"2026-03-16T21:20:51","modified_gmt":"2026-03-17T03:20:51","slug":"el-estadio-gnp-seguros-recibio-la-poderosa-edicion-de-vive-latino-26","status":"publish","type":"post","link":"https:\/\/www.diarioimagen.net\/?p=711741","title":{"rendered":"El Estadio GNP Seguros recibi\u00f3 la poderosa edici\u00f3n de Vive Latino 26"},"content":{"rendered":"<p>&nbsp;<\/p>\n<p><strong><em>Por: Asael Grande<\/em><\/strong><\/p>\n<p>&nbsp;<\/p>\n<p><img loading=\"lazy\" decoding=\"async\" class=\"alignnone wp-image-711758 size-large\" src=\"https:\/\/www.diarioimagen.net\/wp-content\/uploads\/2026\/03\/VIVE-01-405x270.jpg\" alt=\"\" width=\"405\" height=\"270\" srcset=\"https:\/\/www.diarioimagen.net\/wp-content\/uploads\/2026\/03\/VIVE-01-405x270.jpg 405w, https:\/\/www.diarioimagen.net\/wp-content\/uploads\/2026\/03\/VIVE-01-240x160.jpg 240w, https:\/\/www.diarioimagen.net\/wp-content\/uploads\/2026\/03\/VIVE-01-768x512.jpg 768w, https:\/\/www.diarioimagen.net\/wp-content\/uploads\/2026\/03\/VIVE-01-1536x1024.jpg 1536w, https:\/\/www.diarioimagen.net\/wp-content\/uploads\/2026\/03\/VIVE-01-2048x1365.jpg 2048w\" sizes=\"auto, (max-width: 405px) 100vw, 405px\" \/><\/p>\n<p>A 26 ediciones de historia, pasi\u00f3n y cultura musical que unen a los amantes del rock, los d\u00edas 14 y 15 de marzo de 2026, la m\u00fasica rock, el c\u00f3digo secreto que define nuestra realidad, se escuch\u00f3 a todo volumen en el Estadio GNP Seguros.<\/p>\n<p>La m\u00fasica lo codifica todo: es el software de nuestra cultura, el script de nuestros mejores momentos y el algoritmo de nuestro d\u00eda a d\u00eda. Con este esp\u00edritu vibrante y como cada a\u00f1o, OCESA present\u00f3 la vig\u00e9simo sexta edici\u00f3n del Festival Iberoamericano de Cultura Musical, Vive Latino, presentado por Amazon.<\/p>\n<p>Como cada a\u00f1o, el Vive Latino tambi\u00e9n estuvo lleno de nuevas propuestas como Margaritas Podridas, Planta Industrial y Erin Memento, que trajeron sonidos frescos y expusieron a las nuevas generaciones que se est\u00e1n posicionando en la m\u00fasica. Eso sin olvidar que siempre ha habido actos llenos de sorpresas y conceptos \u00fanicos que s\u00f3lo tiene el VL, como Madre Perla, Orqueska y M\u00fasica Pa\u2019 Mandar a Volar Vol. 2., que en esta ocasi\u00f3n cont\u00f3 con las participaciones estelares de Amanda Miguel, Danna, Emmanuel, Mijares, y la Chica Dorada, Paulina Rubio, quienes pusieron a cantar a los m\u00e1s de 60 mil asistentes que se dieron cita en este cruce de datos que fue la mezcla perfecta para revivir los momentos m\u00e1s \u00e9picos de los a\u00f1os 80 y recordar momentos inmortales.<\/p>\n<p>La edici\u00f3n 26 del Vive Latino se retom\u00f3 con fuerza: bandas gigantes que han grabado el c\u00f3digo gen\u00e9tico del rock de habla hispana regresaron para mantener encendida su llama: miles vibraron con la garra de Liran\u2019 Roll, la fiesta eterna de la Maldita Vecindad, la nostalgia de Enanitos Verdes, el regreso de Fobia, el ska de Los Fabulosos Cadillacs, y el reencuentro de Santa Sabina, quien cont\u00f3 con la participaci\u00f3n estelar de los miembros originales, y la voz de Tania Melo, vocalista de Los de Abajo.<\/p>\n<p>Los momentos estelares del VL26 fueron sin duda los conciertos de The Smashing Pumpkins, el rock electrizante y elegante de Lenny Kravitz, el sonido bayou de John Fogerty, quien toc\u00f3 los grandes cl\u00e1sicos de Creedence Clearwater Revival, y lo sonidos del DJ Steve Aoki.<\/p>\n<p>Para re\u00edr a carcajadas con los mejores chistes, se presentaron en Casa Comedy Oscar Estilla, Sirenas de Barrio, Alexa Zuart, Gianni Pex, Lalo Elizarrar\u00e1s, Rulo Mat\u00edas, \u00cddolos del open, Isabel Fern\u00e1ndez, Pur de patos, Daniel Sosa. Para los amantes del cuadril\u00e1tero, el VL26 recibi\u00f3 la presencia de Soberano, Templario, Kemonito, S\u00edmbolo, Catalina, M\u00e1scara Dorada, \u00daltimo Guerrero, Ne\u00f3n, King Rex, Jarochita, y Dulce Gardenia.<\/p>\n<p>El Estadio GNP Seguros fue testigo de dos jornadas \u00e9picas que decodificaron la historia de la m\u00fasica y la ciudad. 26 ediciones de historia, pasi\u00f3n y cultura musical que unieron a los amantes de la buena m\u00fasica, y el buen rock. La m\u00fasica, ese lenguaje universal que nos atraviesa revel\u00f3 su naturaleza m\u00e1s profunda. La historia del Vive Latino 26, al igual que el coraz\u00f3n de la Ciudad de M\u00e9xico, se decodific\u00f3 en dos d\u00edas que fueron \u00e9picos y que se convirtieron en nuestra visi\u00f3n sonora compartida.<\/p>\n","protected":false},"excerpt":{"rendered":"<p>&nbsp; Por: Asael Grande &nbsp; A 26 ediciones de historia, pasi\u00f3n y cultura musical que unen a los amantes del rock, los d\u00edas 14 y 15 de marzo de 2026, la m\u00fasica rock, el c\u00f3digo secreto que define nuestra realidad, se escuch\u00f3 a todo volumen en el Estadio GNP Seguros. La m\u00fasica lo codifica todo: [&hellip;]<\/p>\n","protected":false},"author":14,"featured_media":711758,"comment_status":"open","ping_status":"open","sticky":false,"template":"","format":"standard","meta":{"_monsterinsights_skip_tracking":false,"_monsterinsights_sitenote_active":false,"_monsterinsights_sitenote_note":"","_monsterinsights_sitenote_category":0,"footnotes":""},"categories":[16,12],"tags":[],"class_list":["post-711741","post","type-post","status-publish","format-standard","has-post-thumbnail","hentry","category-destacadas","category-espectaculos"],"_links":{"self":[{"href":"https:\/\/www.diarioimagen.net\/index.php?rest_route=\/wp\/v2\/posts\/711741","targetHints":{"allow":["GET"]}}],"collection":[{"href":"https:\/\/www.diarioimagen.net\/index.php?rest_route=\/wp\/v2\/posts"}],"about":[{"href":"https:\/\/www.diarioimagen.net\/index.php?rest_route=\/wp\/v2\/types\/post"}],"author":[{"embeddable":true,"href":"https:\/\/www.diarioimagen.net\/index.php?rest_route=\/wp\/v2\/users\/14"}],"replies":[{"embeddable":true,"href":"https:\/\/www.diarioimagen.net\/index.php?rest_route=%2Fwp%2Fv2%2Fcomments&post=711741"}],"version-history":[{"count":1,"href":"https:\/\/www.diarioimagen.net\/index.php?rest_route=\/wp\/v2\/posts\/711741\/revisions"}],"predecessor-version":[{"id":711782,"href":"https:\/\/www.diarioimagen.net\/index.php?rest_route=\/wp\/v2\/posts\/711741\/revisions\/711782"}],"wp:featuredmedia":[{"embeddable":true,"href":"https:\/\/www.diarioimagen.net\/index.php?rest_route=\/wp\/v2\/media\/711758"}],"wp:attachment":[{"href":"https:\/\/www.diarioimagen.net\/index.php?rest_route=%2Fwp%2Fv2%2Fmedia&parent=711741"}],"wp:term":[{"taxonomy":"category","embeddable":true,"href":"https:\/\/www.diarioimagen.net\/index.php?rest_route=%2Fwp%2Fv2%2Fcategories&post=711741"},{"taxonomy":"post_tag","embeddable":true,"href":"https:\/\/www.diarioimagen.net\/index.php?rest_route=%2Fwp%2Fv2%2Ftags&post=711741"}],"curies":[{"name":"wp","href":"https:\/\/api.w.org\/{rel}","templated":true}]}}