{"id":713086,"date":"2026-03-23T19:10:55","date_gmt":"2026-03-24T01:10:55","guid":{"rendered":"https:\/\/www.diarioimagen.net\/?p=713086"},"modified":"2026-03-23T19:10:55","modified_gmt":"2026-03-24T01:10:55","slug":"aplauden-mexiquenses-la-apertura-de-accion-nacional-a-candidaturas-ciudadanas","status":"publish","type":"post","link":"https:\/\/www.diarioimagen.net\/?p=713086","title":{"rendered":"Aplauden mexiquenses la apertura de  Acci\u00f3n Nacional a candidaturas ciudadanas"},"content":{"rendered":"<ul>\n<li><strong>Se buscan verdaderos liderazgos<\/strong><\/li>\n<\/ul>\n<p><strong>\u00a0<\/strong><\/p>\n<div id=\"attachment_713087\" style=\"width: 415px\" class=\"wp-caption alignnone\"><img loading=\"lazy\" decoding=\"async\" aria-describedby=\"caption-attachment-713087\" class=\"wp-image-713087 size-large\" src=\"https:\/\/www.diarioimagen.net\/wp-content\/uploads\/2026\/03\/BAENA-1-OK-13-405x270.jpg\" alt=\"\" width=\"405\" height=\"270\" srcset=\"https:\/\/www.diarioimagen.net\/wp-content\/uploads\/2026\/03\/BAENA-1-OK-13-405x270.jpg 405w, https:\/\/www.diarioimagen.net\/wp-content\/uploads\/2026\/03\/BAENA-1-OK-13-240x160.jpg 240w, https:\/\/www.diarioimagen.net\/wp-content\/uploads\/2026\/03\/BAENA-1-OK-13-768x512.jpg 768w, https:\/\/www.diarioimagen.net\/wp-content\/uploads\/2026\/03\/BAENA-1-OK-13-1536x1024.jpg 1536w, https:\/\/www.diarioimagen.net\/wp-content\/uploads\/2026\/03\/BAENA-1-OK-13-2048x1365.jpg 2048w\" sizes=\"auto, (max-width: 405px) 100vw, 405px\" \/><p id=\"caption-attachment-713087\" class=\"wp-caption-text\">Diversos sectores aplaudieron la apertura del PAN a candidaturas ciudadanas y coincidieron que esto favorecer\u00e1 a verdaderos liderazgos y por ende a ese instituto pol\u00edtico.<\/p><\/div>\n<p>Por Arturo Baena<\/p>\n<p>&nbsp;<\/p>\n<p>Valle de M\u00e9xico.- Luego de que la dirigencia nacional del PAN anunciara la\u00a0 apertura de candidaturas de elecci\u00f3n popular a la ciudadan\u00eda, diversos sectores del Estado de M\u00e9xico aplaudieron\u00a0 esta iniciativa y coincidieron que esto favorecer\u00e1 a verdaderos liderazgos y por ende a ese instituto pol\u00edtico.<\/p>\n<p>&nbsp;<\/p>\n<p>Afirm\u00f3 lo anterior el\u00a0 empresario Julio Ruiz, luego de destacar que \u00abcon el lema \u201cAhora te toca a ti\u201d, el\u00a0 PAN abre espacios p\u00fablicos a quienes realmente lo merecen y que fueron y est\u00e1n relegados de partidos pol\u00edticos en varios municipios mexiquenses\u00bb, dijo.<\/p>\n<p>&nbsp;<\/p>\n<p>Y es que la nueva estrategia establece que las posiciones electorales ser\u00e1n elegidas exclusivamente por integrantes de la sociedad, dejando atr\u00e1s las asignaciones cupulares<\/p>\n<p>&nbsp;<\/p>\n<p>Mientras tanto, l\u00edderes sociales, en voz de C\u00e9sar V\u00e1zquez, destacaron que \u00abcon esta apertura, el Partido Acci\u00f3n Nacional (PAN), sin duda alguna, ya puso a temblar a Morena no s\u00f3lo en el Estado de M\u00e9xico, sino en todo el pa\u00eds\u00bb, asegur\u00f3.<\/p>\n<p>&nbsp;<\/p>\n<p>De acuerdo con el comunicado oficial difundido en las redes sociales del PAN, la medida permite que todas las postulaciones se definir\u00e1n por elecci\u00f3n ciudadana, excluyendo asignaciones internas, con el fin de enfrentar al partido Morena en los pr\u00f3ximos comicios.<\/p>\n<p>&nbsp;<\/p>\n<p>El PAN report\u00f3 que m\u00e1s de 5 mil ciudadanos ya se han registrado para competir por una candidatura, seg\u00fan datos del propio partido.<\/p>\n<p><strong>\u00a0<\/strong><\/p>\n<p>&nbsp;<\/p>\n","protected":false},"excerpt":{"rendered":"<p>Se buscan verdaderos liderazgos \u00a0 Por Arturo Baena &nbsp; Valle de M\u00e9xico.- Luego de que la dirigencia nacional del PAN anunciara la\u00a0 apertura de candidaturas de elecci\u00f3n popular a la ciudadan\u00eda, diversos sectores del Estado de M\u00e9xico aplaudieron\u00a0 esta iniciativa y coincidieron que esto favorecer\u00e1 a verdaderos liderazgos y por ende a ese instituto pol\u00edtico. [&hellip;]<\/p>\n","protected":false},"author":14,"featured_media":713087,"comment_status":"open","ping_status":"open","sticky":false,"template":"","format":"standard","meta":{"_monsterinsights_skip_tracking":false,"_monsterinsights_sitenote_active":false,"_monsterinsights_sitenote_note":"","_monsterinsights_sitenote_category":0,"footnotes":""},"categories":[5],"tags":[],"class_list":["post-713086","post","type-post","status-publish","format-standard","has-post-thumbnail","hentry","category-estado-de-mexico"],"_links":{"self":[{"href":"https:\/\/www.diarioimagen.net\/index.php?rest_route=\/wp\/v2\/posts\/713086","targetHints":{"allow":["GET"]}}],"collection":[{"href":"https:\/\/www.diarioimagen.net\/index.php?rest_route=\/wp\/v2\/posts"}],"about":[{"href":"https:\/\/www.diarioimagen.net\/index.php?rest_route=\/wp\/v2\/types\/post"}],"author":[{"embeddable":true,"href":"https:\/\/www.diarioimagen.net\/index.php?rest_route=\/wp\/v2\/users\/14"}],"replies":[{"embeddable":true,"href":"https:\/\/www.diarioimagen.net\/index.php?rest_route=%2Fwp%2Fv2%2Fcomments&post=713086"}],"version-history":[{"count":1,"href":"https:\/\/www.diarioimagen.net\/index.php?rest_route=\/wp\/v2\/posts\/713086\/revisions"}],"predecessor-version":[{"id":713088,"href":"https:\/\/www.diarioimagen.net\/index.php?rest_route=\/wp\/v2\/posts\/713086\/revisions\/713088"}],"wp:featuredmedia":[{"embeddable":true,"href":"https:\/\/www.diarioimagen.net\/index.php?rest_route=\/wp\/v2\/media\/713087"}],"wp:attachment":[{"href":"https:\/\/www.diarioimagen.net\/index.php?rest_route=%2Fwp%2Fv2%2Fmedia&parent=713086"}],"wp:term":[{"taxonomy":"category","embeddable":true,"href":"https:\/\/www.diarioimagen.net\/index.php?rest_route=%2Fwp%2Fv2%2Fcategories&post=713086"},{"taxonomy":"post_tag","embeddable":true,"href":"https:\/\/www.diarioimagen.net\/index.php?rest_route=%2Fwp%2Fv2%2Ftags&post=713086"}],"curies":[{"name":"wp","href":"https:\/\/api.w.org\/{rel}","templated":true}]}}