{"id":713089,"date":"2026-03-23T19:58:40","date_gmt":"2026-03-24T01:58:40","guid":{"rendered":"https:\/\/www.diarioimagen.net\/?p=713089"},"modified":"2026-03-23T19:58:40","modified_gmt":"2026-03-24T01:58:40","slug":"el-deporte-en-familia-se-vive-y-disfruta-en-atizapan-de-zaragoza","status":"publish","type":"post","link":"https:\/\/www.diarioimagen.net\/?p=713089","title":{"rendered":"El deporte en familia se vive y  disfruta en Atizap\u00e1n de Zaragoza"},"content":{"rendered":"<ul>\n<li><strong>Carrera Atl\u00e9tica \u201cPrimavera 26\u201d<\/strong><\/li>\n<\/ul>\n<p><strong>\u00a0<\/strong><\/p>\n<p>&nbsp;<\/p>\n<div id=\"attachment_713090\" style=\"width: 382px\" class=\"wp-caption alignnone\"><img loading=\"lazy\" decoding=\"async\" aria-describedby=\"caption-attachment-713090\" class=\"wp-image-713090 size-large\" src=\"https:\/\/www.diarioimagen.net\/wp-content\/uploads\/2026\/03\/BAENA-3-OK-16-372x270.jpg\" alt=\"\" width=\"372\" height=\"270\" srcset=\"https:\/\/www.diarioimagen.net\/wp-content\/uploads\/2026\/03\/BAENA-3-OK-16-372x270.jpg 372w, https:\/\/www.diarioimagen.net\/wp-content\/uploads\/2026\/03\/BAENA-3-OK-16-240x174.jpg 240w, https:\/\/www.diarioimagen.net\/wp-content\/uploads\/2026\/03\/BAENA-3-OK-16-768x558.jpg 768w, https:\/\/www.diarioimagen.net\/wp-content\/uploads\/2026\/03\/BAENA-3-OK-16-90x65.jpg 90w, https:\/\/www.diarioimagen.net\/wp-content\/uploads\/2026\/03\/BAENA-3-OK-16.jpg 1500w\" sizes=\"auto, (max-width: 372px) 100vw, 372px\" \/><p id=\"caption-attachment-713090\" class=\"wp-caption-text\">El alcalde Pedro Rodr\u00edguez Villegas y su esposa Paty Ar\u00e9valo, presidenta honoraria del Sistema Municipal DIF, encabezaron la Carrera Atl\u00e9tica \u201cPrimavera 26\u201d .<\/p><\/div>\n<p>Atizap\u00e1n de Zaragoza, M\u00e9x.- El presidente municipal Pedro Rodr\u00edguez Villegas, acompa\u00f1ado de su esposa, la presidenta honoraria del Sistema Municipal DIF, Paty Ar\u00e9valo, encabez\u00f3 la Carrera Atl\u00e9tica \u201cPrimavera 26\u201d .<\/p>\n<p>&nbsp;<\/p>\n<p>Esta justa deportiva de 5 kil\u00f3metros reuni\u00f3 a cientos de familias, deportistas y ciudadan\u00eda en general, en un ambiente de sana convivencia y activaci\u00f3n f\u00edsica, contando con la participaci\u00f3n de mil 200 corredores y corredoras.<\/p>\n<p>&nbsp;<\/p>\n<p>El alcalde dio el banderazo de salida y convivi\u00f3 con las y los participantes, a quienes reconoci\u00f3 por su entusiasmo y compromiso con el deporte como un estilo de vida saludable.<\/p>\n<p>&nbsp;<\/p>\n<p>En este evento realizado en el Deportivo Ana Gabriela Guevara, Paty Ar\u00e9valo se\u00f1al\u00f3 que \u201cm\u00e1s que ser una carrera, es una actividad para la integraci\u00f3n familiar, si queremos seguir formando familias fuertes, hay que seguir fomentando actividades f\u00edsicas\u201d.<\/p>\n<p>&nbsp;<\/p>\n<p>Como parte de esta competencia se premi\u00f3 a los primeros cinco lugares en las ramas femenil y varonil, con incentivos econ\u00f3micos de 10 mil, 7 mil, 5 mil, 2 mil y mil pesos, respectivamente, alz\u00e1ndose con el primer lugar femenil Johana Lucero Rivera Monreal y Brandon Israel Hern\u00e1ndez B\u00e1rcenas, en la rama varonil, adem\u00e1s de que se hizo un reconocimiento especial a los deportistas que participaron en silla de ruedas.<\/p>\n<p>&nbsp;<\/p>\n<p>&nbsp;<\/p>\n","protected":false},"excerpt":{"rendered":"<p>Carrera Atl\u00e9tica \u201cPrimavera 26\u201d \u00a0 &nbsp; Atizap\u00e1n de Zaragoza, M\u00e9x.- El presidente municipal Pedro Rodr\u00edguez Villegas, acompa\u00f1ado de su esposa, la presidenta honoraria del Sistema Municipal DIF, Paty Ar\u00e9valo, encabez\u00f3 la Carrera Atl\u00e9tica \u201cPrimavera 26\u201d . &nbsp; Esta justa deportiva de 5 kil\u00f3metros reuni\u00f3 a cientos de familias, deportistas y ciudadan\u00eda en general, en un [&hellip;]<\/p>\n","protected":false},"author":14,"featured_media":713090,"comment_status":"open","ping_status":"open","sticky":false,"template":"","format":"standard","meta":{"_monsterinsights_skip_tracking":false,"_monsterinsights_sitenote_active":false,"_monsterinsights_sitenote_note":"","_monsterinsights_sitenote_category":0,"footnotes":""},"categories":[5],"tags":[],"class_list":["post-713089","post","type-post","status-publish","format-standard","has-post-thumbnail","hentry","category-estado-de-mexico"],"_links":{"self":[{"href":"https:\/\/www.diarioimagen.net\/index.php?rest_route=\/wp\/v2\/posts\/713089","targetHints":{"allow":["GET"]}}],"collection":[{"href":"https:\/\/www.diarioimagen.net\/index.php?rest_route=\/wp\/v2\/posts"}],"about":[{"href":"https:\/\/www.diarioimagen.net\/index.php?rest_route=\/wp\/v2\/types\/post"}],"author":[{"embeddable":true,"href":"https:\/\/www.diarioimagen.net\/index.php?rest_route=\/wp\/v2\/users\/14"}],"replies":[{"embeddable":true,"href":"https:\/\/www.diarioimagen.net\/index.php?rest_route=%2Fwp%2Fv2%2Fcomments&post=713089"}],"version-history":[{"count":1,"href":"https:\/\/www.diarioimagen.net\/index.php?rest_route=\/wp\/v2\/posts\/713089\/revisions"}],"predecessor-version":[{"id":713091,"href":"https:\/\/www.diarioimagen.net\/index.php?rest_route=\/wp\/v2\/posts\/713089\/revisions\/713091"}],"wp:featuredmedia":[{"embeddable":true,"href":"https:\/\/www.diarioimagen.net\/index.php?rest_route=\/wp\/v2\/media\/713090"}],"wp:attachment":[{"href":"https:\/\/www.diarioimagen.net\/index.php?rest_route=%2Fwp%2Fv2%2Fmedia&parent=713089"}],"wp:term":[{"taxonomy":"category","embeddable":true,"href":"https:\/\/www.diarioimagen.net\/index.php?rest_route=%2Fwp%2Fv2%2Fcategories&post=713089"},{"taxonomy":"post_tag","embeddable":true,"href":"https:\/\/www.diarioimagen.net\/index.php?rest_route=%2Fwp%2Fv2%2Ftags&post=713089"}],"curies":[{"name":"wp","href":"https:\/\/api.w.org\/{rel}","templated":true}]}}