{"id":713092,"date":"2026-03-23T20:02:09","date_gmt":"2026-03-24T02:02:09","guid":{"rendered":"https:\/\/www.diarioimagen.net\/?p=713092"},"modified":"2026-03-23T20:02:09","modified_gmt":"2026-03-24T02:02:09","slug":"aprueban-en-ecatepec-los-consejos-de-paz-y-vecinales","status":"publish","type":"post","link":"https:\/\/www.diarioimagen.net\/?p=713092","title":{"rendered":"Aprueban en Ecatepec los Consejos de Paz y Vecinales"},"content":{"rendered":"<p><img loading=\"lazy\" decoding=\"async\" class=\"alignnone wp-image-713093 size-large\" src=\"https:\/\/www.diarioimagen.net\/wp-content\/uploads\/2026\/03\/BAENA-4-OK-16-408x270.jpg\" alt=\"\" width=\"408\" height=\"270\" srcset=\"https:\/\/www.diarioimagen.net\/wp-content\/uploads\/2026\/03\/BAENA-4-OK-16-408x270.jpg 408w, https:\/\/www.diarioimagen.net\/wp-content\/uploads\/2026\/03\/BAENA-4-OK-16-240x159.jpg 240w, https:\/\/www.diarioimagen.net\/wp-content\/uploads\/2026\/03\/BAENA-4-OK-16-768x509.jpg 768w, https:\/\/www.diarioimagen.net\/wp-content\/uploads\/2026\/03\/BAENA-4-OK-16-1536x1017.jpg 1536w, https:\/\/www.diarioimagen.net\/wp-content\/uploads\/2026\/03\/BAENA-4-OK-16-2048x1356.jpg 2048w\" sizes=\"auto, (max-width: 408px) 100vw, 408px\" \/><\/p>\n<p>&nbsp;<\/p>\n<p>Ecatepec, M\u00e9x.- Al celebrarse la novena sesi\u00f3n ordinaria de Cabildo, la presidenta municipal Azucena Cisneros Coss y las y los s\u00edndicos y regidores aprobaron el Reglamento de los Consejos de Paz y Comit\u00e9s Vecinales de Ecatepec, marco legal que busca fortalecer la coordinaci\u00f3n, planeaci\u00f3n y seguimiento de las pol\u00edticas p\u00fablicas en cultura de paz, prevenci\u00f3n de la violencia, reconstrucci\u00f3n del tejido social y justicia c\u00edvica. Las y los integrantes del Ayuntamiento votaron a favor del citado Reglamento, conforme a los dict\u00e1menes emitidos por las comisiones edilicias de Mejora Regulatoria y de Revisi\u00f3n y Actualizaci\u00f3n de la Reglamentaci\u00f3n Municipal.<\/p>\n","protected":false},"excerpt":{"rendered":"<p>&nbsp; Ecatepec, M\u00e9x.- Al celebrarse la novena sesi\u00f3n ordinaria de Cabildo, la presidenta municipal Azucena Cisneros Coss y las y los s\u00edndicos y regidores aprobaron el Reglamento de los Consejos de Paz y Comit\u00e9s Vecinales de Ecatepec, marco legal que busca fortalecer la coordinaci\u00f3n, planeaci\u00f3n y seguimiento de las pol\u00edticas p\u00fablicas en cultura de paz, [&hellip;]<\/p>\n","protected":false},"author":14,"featured_media":713093,"comment_status":"open","ping_status":"open","sticky":false,"template":"","format":"standard","meta":{"_monsterinsights_skip_tracking":false,"_monsterinsights_sitenote_active":false,"_monsterinsights_sitenote_note":"","_monsterinsights_sitenote_category":0,"footnotes":""},"categories":[5],"tags":[],"class_list":["post-713092","post","type-post","status-publish","format-standard","has-post-thumbnail","hentry","category-estado-de-mexico"],"_links":{"self":[{"href":"https:\/\/www.diarioimagen.net\/index.php?rest_route=\/wp\/v2\/posts\/713092","targetHints":{"allow":["GET"]}}],"collection":[{"href":"https:\/\/www.diarioimagen.net\/index.php?rest_route=\/wp\/v2\/posts"}],"about":[{"href":"https:\/\/www.diarioimagen.net\/index.php?rest_route=\/wp\/v2\/types\/post"}],"author":[{"embeddable":true,"href":"https:\/\/www.diarioimagen.net\/index.php?rest_route=\/wp\/v2\/users\/14"}],"replies":[{"embeddable":true,"href":"https:\/\/www.diarioimagen.net\/index.php?rest_route=%2Fwp%2Fv2%2Fcomments&post=713092"}],"version-history":[{"count":1,"href":"https:\/\/www.diarioimagen.net\/index.php?rest_route=\/wp\/v2\/posts\/713092\/revisions"}],"predecessor-version":[{"id":713094,"href":"https:\/\/www.diarioimagen.net\/index.php?rest_route=\/wp\/v2\/posts\/713092\/revisions\/713094"}],"wp:featuredmedia":[{"embeddable":true,"href":"https:\/\/www.diarioimagen.net\/index.php?rest_route=\/wp\/v2\/media\/713093"}],"wp:attachment":[{"href":"https:\/\/www.diarioimagen.net\/index.php?rest_route=%2Fwp%2Fv2%2Fmedia&parent=713092"}],"wp:term":[{"taxonomy":"category","embeddable":true,"href":"https:\/\/www.diarioimagen.net\/index.php?rest_route=%2Fwp%2Fv2%2Fcategories&post=713092"},{"taxonomy":"post_tag","embeddable":true,"href":"https:\/\/www.diarioimagen.net\/index.php?rest_route=%2Fwp%2Fv2%2Ftags&post=713092"}],"curies":[{"name":"wp","href":"https:\/\/api.w.org\/{rel}","templated":true}]}}