{"id":715215,"date":"2026-04-07T22:06:44","date_gmt":"2026-04-08T04:06:44","guid":{"rendered":"https:\/\/www.diarioimagen.net\/?p=715215"},"modified":"2026-04-07T22:06:44","modified_gmt":"2026-04-08T04:06:44","slug":"reconocen-desempeno-de-la-sindico-lrylany-richard","status":"publish","type":"post","link":"https:\/\/www.diarioimagen.net\/?p=715215","title":{"rendered":"Reconocen\u00a0desempe\u00f1o de la s\u00edndico Lrylany Richard\u00a0"},"content":{"rendered":"<p><img loading=\"lazy\" decoding=\"async\" class=\"alignnone wp-image-715216 size-large\" src=\"https:\/\/www.diarioimagen.net\/wp-content\/uploads\/2026\/04\/BAENA-4-ok-2-456x270.jpg\" alt=\"\" width=\"456\" height=\"270\" srcset=\"https:\/\/www.diarioimagen.net\/wp-content\/uploads\/2026\/04\/BAENA-4-ok-2-456x270.jpg 456w, https:\/\/www.diarioimagen.net\/wp-content\/uploads\/2026\/04\/BAENA-4-ok-2-240x142.jpg 240w, https:\/\/www.diarioimagen.net\/wp-content\/uploads\/2026\/04\/BAENA-4-ok-2-768x455.jpg 768w, https:\/\/www.diarioimagen.net\/wp-content\/uploads\/2026\/04\/BAENA-4-ok-2-1536x910.jpg 1536w, https:\/\/www.diarioimagen.net\/wp-content\/uploads\/2026\/04\/BAENA-4-ok-2-2048x1213.jpg 2048w\" sizes=\"auto, (max-width: 456px) 100vw, 456px\" \/><\/p>\n<p>&nbsp;<\/p>\n<p>Valle de M\u00e9xico.- La reciente evaluaci\u00f3n de \u00abVotantes\u00bb sobre el desempe\u00f1o de s\u00edndicas y s\u00edndicos del Estado de M\u00e9xico coloc\u00f3 a Leylany Richard, de Atizap\u00e1n de Zaragoza, en el primer lugar, seguida por Julieta Bautista, de Nezahualc\u00f3yotl, y Jacobo Armando Mac, de Huixquilucan, destacando por su eficiencia en la gesti\u00f3n municipal y la aceptaci\u00f3n ciudadana. En cuarto lugar se encuentra Maribel Soto D\u00edaz, de Tlalnepantla, mientras que V\u00edctor Manuel Navarro Ruiz, de Naucalpan, y Yazmin N\u00e1jera Romero, de Toluca, ocupan las posiciones cinco y seis respectivamente.<\/p>\n","protected":false},"excerpt":{"rendered":"<p>&nbsp; Valle de M\u00e9xico.- La reciente evaluaci\u00f3n de \u00abVotantes\u00bb sobre el desempe\u00f1o de s\u00edndicas y s\u00edndicos del Estado de M\u00e9xico coloc\u00f3 a Leylany Richard, de Atizap\u00e1n de Zaragoza, en el primer lugar, seguida por Julieta Bautista, de Nezahualc\u00f3yotl, y Jacobo Armando Mac, de Huixquilucan, destacando por su eficiencia en la gesti\u00f3n municipal y la aceptaci\u00f3n [&hellip;]<\/p>\n","protected":false},"author":14,"featured_media":715216,"comment_status":"open","ping_status":"open","sticky":false,"template":"","format":"standard","meta":{"_monsterinsights_skip_tracking":false,"_monsterinsights_sitenote_active":false,"_monsterinsights_sitenote_note":"","_monsterinsights_sitenote_category":0,"footnotes":""},"categories":[5],"tags":[],"class_list":["post-715215","post","type-post","status-publish","format-standard","has-post-thumbnail","hentry","category-estado-de-mexico"],"_links":{"self":[{"href":"https:\/\/www.diarioimagen.net\/index.php?rest_route=\/wp\/v2\/posts\/715215","targetHints":{"allow":["GET"]}}],"collection":[{"href":"https:\/\/www.diarioimagen.net\/index.php?rest_route=\/wp\/v2\/posts"}],"about":[{"href":"https:\/\/www.diarioimagen.net\/index.php?rest_route=\/wp\/v2\/types\/post"}],"author":[{"embeddable":true,"href":"https:\/\/www.diarioimagen.net\/index.php?rest_route=\/wp\/v2\/users\/14"}],"replies":[{"embeddable":true,"href":"https:\/\/www.diarioimagen.net\/index.php?rest_route=%2Fwp%2Fv2%2Fcomments&post=715215"}],"version-history":[{"count":1,"href":"https:\/\/www.diarioimagen.net\/index.php?rest_route=\/wp\/v2\/posts\/715215\/revisions"}],"predecessor-version":[{"id":715218,"href":"https:\/\/www.diarioimagen.net\/index.php?rest_route=\/wp\/v2\/posts\/715215\/revisions\/715218"}],"wp:featuredmedia":[{"embeddable":true,"href":"https:\/\/www.diarioimagen.net\/index.php?rest_route=\/wp\/v2\/media\/715216"}],"wp:attachment":[{"href":"https:\/\/www.diarioimagen.net\/index.php?rest_route=%2Fwp%2Fv2%2Fmedia&parent=715215"}],"wp:term":[{"taxonomy":"category","embeddable":true,"href":"https:\/\/www.diarioimagen.net\/index.php?rest_route=%2Fwp%2Fv2%2Fcategories&post=715215"},{"taxonomy":"post_tag","embeddable":true,"href":"https:\/\/www.diarioimagen.net\/index.php?rest_route=%2Fwp%2Fv2%2Ftags&post=715215"}],"curies":[{"name":"wp","href":"https:\/\/api.w.org\/{rel}","templated":true}]}}