{"id":715223,"date":"2026-04-07T22:17:28","date_gmt":"2026-04-08T04:17:28","guid":{"rendered":"https:\/\/www.diarioimagen.net\/?p=715223"},"modified":"2026-04-07T22:52:42","modified_gmt":"2026-04-08T04:52:42","slug":"delfina-gomez-supervisa-el-boulevard-teotihuacan-maquixco-avance-de-85","status":"publish","type":"post","link":"https:\/\/www.diarioimagen.net\/?p=715223","title":{"rendered":"Delfina G\u00f3mez supervisa el Boulevard  Teotihuac\u00e1n\u2013Maquixco; avance de 85%"},"content":{"rendered":"<ul>\n<li><strong>Agilizar\u00e1 la movilidad de 125 mil habitantes<\/strong><\/li>\n<\/ul>\n<p>&nbsp;<\/p>\n<ul>\n<li><strong>Como parte de la estrategia \u201c2026, A\u00f1o de las Obras en Edomex\u201d, esta vialidad tambi\u00e9n fomentar\u00e1 el turismo y la econom\u00eda local<\/strong><\/li>\n<\/ul>\n<p><strong>\u00a0<\/strong><img loading=\"lazy\" decoding=\"async\" class=\"alignnone wp-image-715224 size-large\" src=\"https:\/\/www.diarioimagen.net\/wp-content\/uploads\/2026\/04\/EDOMEX-1-OK-405x270.jpg\" alt=\"\" width=\"405\" height=\"270\" srcset=\"https:\/\/www.diarioimagen.net\/wp-content\/uploads\/2026\/04\/EDOMEX-1-OK-405x270.jpg 405w, https:\/\/www.diarioimagen.net\/wp-content\/uploads\/2026\/04\/EDOMEX-1-OK-240x160.jpg 240w, https:\/\/www.diarioimagen.net\/wp-content\/uploads\/2026\/04\/EDOMEX-1-OK-768x511.jpg 768w, https:\/\/www.diarioimagen.net\/wp-content\/uploads\/2026\/04\/EDOMEX-1-OK.jpg 1500w\" sizes=\"auto, (max-width: 405px) 100vw, 405px\" \/><\/p>\n<p>&nbsp;<\/p>\n<p>Teotihuac\u00e1n, Estado de M\u00e9xico.\u2013 En el marco de la estrategia \u201c2026, A\u00f1o de las Obras en el EdoM\u00e9x\u201d, la gobernadora Delfina G\u00f3mez \u00c1lvarez supervis\u00f3 los avances del Boulevard Teotihuac\u00e1n\u2013Maquixco, una acci\u00f3n estrat\u00e9gica que registra m\u00e1s del 85 por ciento de ejecuci\u00f3n y que transformar\u00e1 la conectividad en esta zona con alto potencial tur\u00edstico.<\/p>\n<p>El proyecto ha generado mil 877 empleos y beneficiar\u00e1 a 125 mil mexiquenses, consolid\u00e1ndose como una de las intervenciones con mayor impacto social y econ\u00f3mico en la regi\u00f3n.<\/p>\n<p>Los trabajos contemplan la ampliaci\u00f3n de la vialidad, la construcci\u00f3n de pavimento asf\u00e1ltico, el mejoramiento de la base hidr\u00e1ulica; as\u00ed como la integraci\u00f3n de una ciclopista central, banquetas y guarniciones, lo que permitir\u00e1 una movilidad m\u00e1s segura, ordenada e incluyente.<\/p>\n<p>Adem\u00e1s de mejorar los traslados, esta obra est\u00e1 dise\u00f1ada para detonar el desarrollo econ\u00f3mico local, al facilitar la llegada de visitantes y favorecer la instalaci\u00f3n de restaurantes, comercios y servicios tur\u00edsticos, para fortalecer el papel de Teotihuac\u00e1n como uno de los principales destinos del Estado de M\u00e9xico.<\/p>\n<p>Carlos Maza Lara, Secretario de Desarrollo Urbano e Infraestructura se\u00f1al\u00f3 que la inversi\u00f3n total en dos tramos es de 56 millones de pesos.<\/p>\n<p>Al recorrido tambi\u00e9n asisti\u00f3 Mario Paredes de la Torre, Presidente Municipal de Teotihuac\u00e1n.<\/p>\n<p>&nbsp;<\/p>\n<p><strong>Entrega de unidad deportiva<\/strong><\/p>\n<p>&nbsp;<\/p>\n<p>La mandataria estatal entreg\u00f3 el pasado lunes la Unidad Deportiva Atlatongo en Teotihuac\u00e1n; esta acci\u00f3n, que da respuesta a una demanda ciudadana de m\u00e1s de una d\u00e9cada, requiri\u00f3 una inversi\u00f3n de 22.4 millones de pesos y beneficiar\u00e1 a 6 mil 300 habitantes<\/p>\n<p>\u201cLa confianza que depositaron en este Gobierno de la Transformaci\u00f3n da resultados y hacemos entrega de esta Unidad Deportiva. Recuerdo cuando vine a colocar la primera piedra y es una alegr\u00eda que ya est\u00e9 terminado este proyecto\u201d, se\u00f1al\u00f3 la gobernadora ante los beneficiarios.<\/p>\n<p>&nbsp;<\/p>\n<p>&nbsp;<\/p>\n<p><strong>Se contemplan 36 mil casas en Edomex<\/strong><\/p>\n<p><strong>\u00a0<\/strong><\/p>\n<p><strong>\u00a0<\/strong><\/p>\n<p><strong>Comienza en Teotihuac\u00e1n plan de vivienda social<\/strong><\/p>\n<p>&nbsp;<\/p>\n<p>&nbsp;<\/p>\n<p>&nbsp;<\/p>\n<p>Teotihuac\u00e1n, Estado de M\u00e9xico.\u2013 La gobernadora Delfina G\u00f3mez \u00c1lvarez, puso en marcha el Programa Vivienda para el Bienestar en el Estado de M\u00e9xico, una estrategia del Gobierno de la Presidenta Claudia Sheinbaum para ampliar el acceso a hogares dignos para familias de escasos recursos.<\/p>\n<p>Esta iniciativa prev\u00e9 la construcci\u00f3n de 36 mil viviendas en distintos municipios mexiquenses, a trav\u00e9s de la Comisi\u00f3n Nacional de Vivienda (Conavi). En su primera etapa, se contempla la construcci\u00f3n de 96 casas, en un desarrollo habitacional de 6 mil 800 metros cuadrados, en el municipio de Teotihuac\u00e1n, en beneficio de 384 personas en el predio Potrero, donado por el ayuntamiento.<\/p>\n<p>\u201cEs una obra que nos va a apoyar y est\u00e1 haciendo el Gobierno Federal. Tenemos una gran meta en el Estado de M\u00e9xico\u201d, expres\u00f3 la Gobernadora Delfina G\u00f3mez \u00c1lvarez.<\/p>\n<p>Desde Teotihuac\u00e1n, Edna Elena Vega Rangel, Secretaria de Desarrollo Agrario, Territorial y Urbano, destac\u00f3 que este programa tendr\u00e1 alcance estatal y permitir\u00e1 el avance en la atenci\u00f3n de una de las principales demandas sociales, que es el acceso a vivienda mediante acciones concretas en territorio.<\/p>\n<p>La gobernadora Delfina G\u00f3mez subray\u00f3 que este tipo de obras no solo impactan en el patrimonio de las familias, sino que tambi\u00e9n detonan actividad econ\u00f3mica local, al generar empleo y movimiento en sectores como la construcci\u00f3n.<\/p>\n<p>Por su parte, Carlos Maza Lara, Secretario de Desarrollo Urbano e Infraestructura afirm\u00f3 que el objetivo es construir entornos adecuados con planeaci\u00f3n y coordinaci\u00f3n interinstitucional, para ofrecer a las familias espacios seguros, dignos y con acceso a servicios b\u00e1sicos como agua potable y conectividad.<\/p>\n<p>Al evento asistieron Rodrigo Ch\u00e1vez Contreras, Director General de Conavi; Tania Argumedo Ch\u00e1vez, Coordinadora Regional de Conavi, y Mario Paredes de la Torre, Presidente Municipal de Teotihuac\u00e1n.<\/p>\n<p>&nbsp;<\/p>\n<p>&nbsp;<\/p>\n","protected":false},"excerpt":{"rendered":"<p>Agilizar\u00e1 la movilidad de 125 mil habitantes &nbsp; Como parte de la estrategia \u201c2026, A\u00f1o de las Obras en Edomex\u201d, esta vialidad tambi\u00e9n fomentar\u00e1 el turismo y la econom\u00eda local \u00a0 &nbsp; Teotihuac\u00e1n, Estado de M\u00e9xico.\u2013 En el marco de la estrategia \u201c2026, A\u00f1o de las Obras en el EdoM\u00e9x\u201d, la gobernadora Delfina G\u00f3mez \u00c1lvarez [&hellip;]<\/p>\n","protected":false},"author":14,"featured_media":715224,"comment_status":"open","ping_status":"open","sticky":false,"template":"","format":"standard","meta":{"_monsterinsights_skip_tracking":false,"_monsterinsights_sitenote_active":false,"_monsterinsights_sitenote_note":"","_monsterinsights_sitenote_category":0,"footnotes":""},"categories":[16,5],"tags":[],"class_list":["post-715223","post","type-post","status-publish","format-standard","has-post-thumbnail","hentry","category-destacadas","category-estado-de-mexico"],"_links":{"self":[{"href":"https:\/\/www.diarioimagen.net\/index.php?rest_route=\/wp\/v2\/posts\/715223","targetHints":{"allow":["GET"]}}],"collection":[{"href":"https:\/\/www.diarioimagen.net\/index.php?rest_route=\/wp\/v2\/posts"}],"about":[{"href":"https:\/\/www.diarioimagen.net\/index.php?rest_route=\/wp\/v2\/types\/post"}],"author":[{"embeddable":true,"href":"https:\/\/www.diarioimagen.net\/index.php?rest_route=\/wp\/v2\/users\/14"}],"replies":[{"embeddable":true,"href":"https:\/\/www.diarioimagen.net\/index.php?rest_route=%2Fwp%2Fv2%2Fcomments&post=715223"}],"version-history":[{"count":1,"href":"https:\/\/www.diarioimagen.net\/index.php?rest_route=\/wp\/v2\/posts\/715223\/revisions"}],"predecessor-version":[{"id":715225,"href":"https:\/\/www.diarioimagen.net\/index.php?rest_route=\/wp\/v2\/posts\/715223\/revisions\/715225"}],"wp:featuredmedia":[{"embeddable":true,"href":"https:\/\/www.diarioimagen.net\/index.php?rest_route=\/wp\/v2\/media\/715224"}],"wp:attachment":[{"href":"https:\/\/www.diarioimagen.net\/index.php?rest_route=%2Fwp%2Fv2%2Fmedia&parent=715223"}],"wp:term":[{"taxonomy":"category","embeddable":true,"href":"https:\/\/www.diarioimagen.net\/index.php?rest_route=%2Fwp%2Fv2%2Fcategories&post=715223"},{"taxonomy":"post_tag","embeddable":true,"href":"https:\/\/www.diarioimagen.net\/index.php?rest_route=%2Fwp%2Fv2%2Ftags&post=715223"}],"curies":[{"name":"wp","href":"https:\/\/api.w.org\/{rel}","templated":true}]}}