{"id":715246,"date":"2026-04-07T22:44:01","date_gmt":"2026-04-08T04:44:01","guid":{"rendered":"https:\/\/www.diarioimagen.net\/?p=715246"},"modified":"2026-04-07T22:44:01","modified_gmt":"2026-04-08T04:44:01","slug":"elias-cobra-fuerza-en-el-activismo-contra-el-bullying","status":"publish","type":"post","link":"https:\/\/www.diarioimagen.net\/?p=715246","title":{"rendered":"Elias cobra fuerza en el activismo contra el bullying"},"content":{"rendered":"<ul>\n<li><strong>De la oscuridad al liderazgo<\/strong><\/li>\n<li><strong>Como empresario, escritor, l\u00edder humanitario y embajador internacional<\/strong><\/li>\n<\/ul>\n<p>&nbsp;<\/p>\n<div id=\"attachment_715247\" style=\"width: 219px\" class=\"wp-caption alignnone\"><img loading=\"lazy\" decoding=\"async\" aria-describedby=\"caption-attachment-715247\" class=\"wp-image-715247 size-large\" src=\"https:\/\/www.diarioimagen.net\/wp-content\/uploads\/2026\/04\/SOMBRAS-209x270.jpeg\" alt=\"\" width=\"209\" height=\"270\" srcset=\"https:\/\/www.diarioimagen.net\/wp-content\/uploads\/2026\/04\/SOMBRAS-209x270.jpeg 209w, https:\/\/www.diarioimagen.net\/wp-content\/uploads\/2026\/04\/SOMBRAS-186x240.jpeg 186w, https:\/\/www.diarioimagen.net\/wp-content\/uploads\/2026\/04\/SOMBRAS-768x993.jpeg 768w, https:\/\/www.diarioimagen.net\/wp-content\/uploads\/2026\/04\/SOMBRAS-1188x1536.jpeg 1188w, https:\/\/www.diarioimagen.net\/wp-content\/uploads\/2026\/04\/SOMBRAS.jpeg 1575w\" sizes=\"auto, (max-width: 209px) 100vw, 209px\" \/><p id=\"caption-attachment-715247\" class=\"wp-caption-text\">Elias es autor de \u201cSombras de la Verdad\u201d, un testimonio introspectivo que invita a confrontar realidades ocultas con valent\u00eda.<\/p><\/div>\n<p>Elias es un empresario, CEO, fundador, escritor y Embajador de Global Peace Chain y Art 4 You Gallery Art, encarna la fuerza transformadora del esp\u00edritu hispano. Originario de Guanajuato, este l\u00edder internacional toc\u00f3 fondo tras un cap\u00edtulo oscuro de su vida \u2014encerrado detr\u00e1s de barrotes de metal\u2014, pero eligi\u00f3 renacer con una determinaci\u00f3n inquebrantable. En lugar de dejarse definir por la adversidad, convirti\u00f3 el dolor en combustible para reconstruir su destino, demostrando que un hispano puede elevarse desde lo m\u00e1s bajo y brillar en Am\u00e9rica Latina y el mundo entero.<\/p>\n<p>Su resiliencia se refleja en su obra literaria: es autor de dos libros profundos que tocan el alma. <strong>\u00abPalabras de Medianoche\u00bb<\/strong>, una obra po\u00e9tica que explora la oscuridad como espacio de sue\u00f1os, secretos y redenci\u00f3n; y <strong>\u00abSombras de la Verdad\u00bb<\/strong>, un testimonio introspectivo que invita a confrontar realidades ocultas con valent\u00eda. Estas publicaciones no solo enriquecen la cultura latina, sino que inspiran a miles de lectores a encontrar luz en sus propias sombras.<\/p>\n<p>A pesar de los obst\u00e1culos, Elias ha conquistado reconocimientos internacionales que celebran su liderazgo y compromiso humanitario: nombrado uno de los cinco l\u00edderes destacados de la comunidad hispana por el alcalde de Los \u00c1ngeles Eric Garcetti; Certificado de Reconocimiento de la congresista Susan Rubio; Certificado de Honor del Condado de Los \u00c1ngeles; Medalla Internacional M\u00e1ximo Orgullo Hispano; Medalla al M\u00e9rito Profesional del Sal\u00f3n Mundial de la Fama y Las Vegas Walk of Stars; condecoraci\u00f3n humanitaria del Vaticano (Total Pulchra); reconocimiento de Art4 Gallery Dubai; y su designaci\u00f3n como Embajador de Global Peace Chain. Adem\u00e1s, ha sido identificado como <strong>\u201cSupreme Hispanic Pride\u201d<\/strong> y reconocido por el Senado. Su historia ha alcanzado cobertura en medios de noticias internacionales durante febrero de 2026, consolid\u00e1ndolo como figura que renaci\u00f3 para conquistar el mundo.<\/p>\n<p><strong>Su trabajo en la conferencia con Miguel Dani Lospitao y el tema del Bullying<\/strong> Como parte de su labor como embajador de paz y motivador global, Elias ha impulsado activamente la conferencia gratuita <strong>\u201cUn Self Made Man\u201d<\/strong> (o \u201cA Self-Made Man\u201d) con el empresario espa\u00f1ol <strong>Miguel Dani Lospitao<\/strong>. A trav\u00e9s de Instagram comparti\u00f3 y promovi\u00f3 esta inspiradora charla el 16 de marzo de 2026, destacando la historia real de Lospitao: un hombre que super\u00f3 el bullying en su infancia, lleg\u00f3 a M\u00e9xico sin nada a los 25 a\u00f1os y, a los 27, logr\u00f3 el \u201cmilagro\u201d de traer al exentrenador del Real Madrid Benito Floro a dirigir a Rayados de Monterrey.<\/p>\n<p>Autor del libro <strong>\u201cBenito Floro o el Milagro Lospitao: Del bullying al cielo\u201d<\/strong> (disponible en Amazon), Lospitao narra su tr\u00e1nsito del acoso sistem\u00e1tico al \u00e9xito extremo en el f\u00fatbol mexicano. Elias, con su propio testimonio de superaci\u00f3n, vio en esta conferencia una oportunidad perfecta para combatir el bullying y promover la resiliencia. Su publicaci\u00f3n en Instagram \u2014con m\u00e1s de 300 likes y hashtags como #MilagroLospitao #SelfMadeMan #SuperacionPersonal\u2014 amplific\u00f3 el mensaje de valent\u00eda y sue\u00f1os cumplidos, aline\u00e1ndose perfectamente con su misi\u00f3n de Global Peace Chain: inspirar a hispanos en Am\u00e9rica Latina a levantarse, crear legado y trascender fronteras.<\/p>\n<p>Para todo hispano que enfrenta barreras, dudas o ca\u00eddas, la historia de Elias grita una verdad poderosa: el verdadero \u00e9xito nace del sacrificio, la integridad y la tenacidad. De la oscuridad a la luz, \u00e9l \u2014junto a voces como la de Miguel Dani Lospitao\u2014 prueba que t\u00fa tambi\u00e9n puedes renacer, conquistar y brillar. \u00a1Lev\u00e1ntate, sue\u00f1a grande y conquista!<\/p>\n<p>&nbsp;<\/p>\n<p>&nbsp;<\/p>\n","protected":false},"excerpt":{"rendered":"<p>De la oscuridad al liderazgo Como empresario, escritor, l\u00edder humanitario y embajador internacional &nbsp; Elias es un empresario, CEO, fundador, escritor y Embajador de Global Peace Chain y Art 4 You Gallery Art, encarna la fuerza transformadora del esp\u00edritu hispano. Originario de Guanajuato, este l\u00edder internacional toc\u00f3 fondo tras un cap\u00edtulo oscuro de su vida [&hellip;]<\/p>\n","protected":false},"author":14,"featured_media":715247,"comment_status":"open","ping_status":"open","sticky":false,"template":"","format":"standard","meta":{"_monsterinsights_skip_tracking":false,"_monsterinsights_sitenote_active":false,"_monsterinsights_sitenote_note":"","_monsterinsights_sitenote_category":0,"footnotes":""},"categories":[12],"tags":[],"class_list":["post-715246","post","type-post","status-publish","format-standard","has-post-thumbnail","hentry","category-espectaculos"],"_links":{"self":[{"href":"https:\/\/www.diarioimagen.net\/index.php?rest_route=\/wp\/v2\/posts\/715246","targetHints":{"allow":["GET"]}}],"collection":[{"href":"https:\/\/www.diarioimagen.net\/index.php?rest_route=\/wp\/v2\/posts"}],"about":[{"href":"https:\/\/www.diarioimagen.net\/index.php?rest_route=\/wp\/v2\/types\/post"}],"author":[{"embeddable":true,"href":"https:\/\/www.diarioimagen.net\/index.php?rest_route=\/wp\/v2\/users\/14"}],"replies":[{"embeddable":true,"href":"https:\/\/www.diarioimagen.net\/index.php?rest_route=%2Fwp%2Fv2%2Fcomments&post=715246"}],"version-history":[{"count":1,"href":"https:\/\/www.diarioimagen.net\/index.php?rest_route=\/wp\/v2\/posts\/715246\/revisions"}],"predecessor-version":[{"id":715248,"href":"https:\/\/www.diarioimagen.net\/index.php?rest_route=\/wp\/v2\/posts\/715246\/revisions\/715248"}],"wp:featuredmedia":[{"embeddable":true,"href":"https:\/\/www.diarioimagen.net\/index.php?rest_route=\/wp\/v2\/media\/715247"}],"wp:attachment":[{"href":"https:\/\/www.diarioimagen.net\/index.php?rest_route=%2Fwp%2Fv2%2Fmedia&parent=715246"}],"wp:term":[{"taxonomy":"category","embeddable":true,"href":"https:\/\/www.diarioimagen.net\/index.php?rest_route=%2Fwp%2Fv2%2Fcategories&post=715246"},{"taxonomy":"post_tag","embeddable":true,"href":"https:\/\/www.diarioimagen.net\/index.php?rest_route=%2Fwp%2Fv2%2Ftags&post=715246"}],"curies":[{"name":"wp","href":"https:\/\/api.w.org\/{rel}","templated":true}]}}