{"id":715276,"date":"2026-04-08T20:33:50","date_gmt":"2026-04-09T02:33:50","guid":{"rendered":"https:\/\/www.diarioimagen.net\/?p=715276"},"modified":"2026-04-08T20:33:50","modified_gmt":"2026-04-09T02:33:50","slug":"con-mas-pasajeros-en-vuelos-cancun-mantiene-liderazgo-mundial","status":"publish","type":"post","link":"https:\/\/www.diarioimagen.net\/?p=715276","title":{"rendered":"Con m\u00e1s pasajeros en vuelos,  Canc\u00fan mantiene liderazgo mundial"},"content":{"rendered":"<p><strong>DERECHO DE REPLICA<\/strong> Jos\u00e9 Luis Monta\u00f1ez<\/p>\n<p>&nbsp;<\/p>\n<div id=\"attachment_715277\" style=\"width: 470px\" class=\"wp-caption alignnone\"><img loading=\"lazy\" decoding=\"async\" aria-describedby=\"caption-attachment-715277\" class=\"wp-image-715277 size-large\" src=\"https:\/\/www.diarioimagen.net\/wp-content\/uploads\/2026\/04\/DERECHO-01-460x262.jpeg\" alt=\"\" width=\"460\" height=\"262\" srcset=\"https:\/\/www.diarioimagen.net\/wp-content\/uploads\/2026\/04\/DERECHO-01-460x262.jpeg 460w, https:\/\/www.diarioimagen.net\/wp-content\/uploads\/2026\/04\/DERECHO-01-240x137.jpeg 240w, https:\/\/www.diarioimagen.net\/wp-content\/uploads\/2026\/04\/DERECHO-01-768x437.jpeg 768w, https:\/\/www.diarioimagen.net\/wp-content\/uploads\/2026\/04\/DERECHO-01-1536x874.jpeg 1536w, https:\/\/www.diarioimagen.net\/wp-content\/uploads\/2026\/04\/DERECHO-01-2048x1165.jpeg 2048w, https:\/\/www.diarioimagen.net\/wp-content\/uploads\/2026\/04\/DERECHO-01-202x114.jpeg 202w\" sizes=\"auto, (max-width: 460px) 100vw, 460px\" \/><p id=\"caption-attachment-715277\" class=\"wp-caption-text\">El Aeropuerto Internacional de Canc\u00fan cerr\u00f3 el primer trimestre de 2026 con un ligero crecimiento de 0.2% en pasajeros internacionales.<\/p><\/div>\n<p><strong>\u00a0<\/strong><\/p>\n<p><strong><br \/>\n&#8211; Siguen buenas cifras a pesar de la baja en mercado nacional<\/strong><\/p>\n<p>&nbsp;<\/p>\n<p>El Aeropuerto Internacional de Canc\u00fan cerr\u00f3 el primer trimestre de 2026 con un ligero crecimiento de 0.2% en pasajeros internacionales, consolid\u00e1ndose como la principal puerta de entrada del turismo extranjero en M\u00e9xico, aun cuando el tr\u00e1fico dom\u00e9stico mostr\u00f3 una ca\u00edda significativa.<\/p>\n<p>De acuerdo con el Grupo Aeroportuario del Sureste (Asur), la terminal moviliz\u00f3 5 millones 911 mil 466 pasajeros internacionales entre enero y marzo, de los cuales 2 millones 54 mil 234 correspondieron a marzo, mes que registr\u00f3 una baja de 4.1%.<\/p>\n<p>En contraste, el segmento nacional retrocedi\u00f3 7.3%, con 2 millones 121 mil 630 pasajeros atendidos en el mismo periodo. En total, Canc\u00fan acumul\u00f3 8 millones 33 mil 96 viajeros, lo que representa una disminuci\u00f3n global de 1.9% frente al a\u00f1o anterior.<\/p>\n<p>El comportamiento reafirma la dependencia del destino respecto al turismo internacional, que sostiene la competitividad del Caribe mexicano. Mientras tanto, el Aeropuerto de Cozumel mostr\u00f3 estabilidad: 203 mil 38 pasajeros en el trimestre, con una variaci\u00f3n marginal de -0.1%. All\u00ed, el tr\u00e1fico dom\u00e9stico creci\u00f3 8%, aunque el internacional cay\u00f3 2.9%.<\/p>\n<p>A nivel nacional, los aeropuertos operados por Asur movilizaron 10 millones 937 mil 975 pasajeros, pr\u00e1cticamente sin cambios respecto a 2025. El tr\u00e1fico internacional avanz\u00f3 0.4%, mientras que el dom\u00e9stico retrocedi\u00f3 0.8%, confirmando la tendencia: el turismo extranjero sostiene la actividad a\u00e9rea, mientras el mercado interno se modera.<\/p>\n<p>El inicio de 2026 perfila a Canc\u00fan como un destino que sigue dependiendo del dinamismo internacional, en un entorno donde el turismo nacional a\u00fan no recupera su ritmo de crecimiento.<\/p>\n<p>&nbsp;<\/p>\n<p><strong>Coparmex alerta: prevenci\u00f3n\u00a0del sarampi\u00f3n, previo al Mundial<\/strong><\/p>\n<p>&nbsp;<\/p>\n<p>En plena temporada alta, con m\u00e1s del 80% de ocupaci\u00f3n hotelera y a semanas del arranque del Mundial de Futbol, la Confederaci\u00f3n Patronal de la Rep\u00fablica Mexicana (Coparmex) en Quintana Roo lanz\u00f3 un llamado urgente: reforzar la prevenci\u00f3n contra el sarampi\u00f3n.<\/p>\n<p>Jovita Portillo Navarro, presidenta del organismo, subray\u00f3 que el reto sanitario trasciende la salud p\u00fablica. \u201cEl mundo est\u00e1 aqu\u00ed, millones de personas viajan y llegan. Pero tambi\u00e9n viajan los riesgos. El sarampi\u00f3n no avisa y encuentra oportunidades donde baja la prevenci\u00f3n\u201d, advirti\u00f3.<\/p>\n<p>El comunicado de Coparmex enfatiza que m\u00e1s del 90% de los contagios en M\u00e9xico se han registrado en personas no vacunadas, lo que convierte al brote en un tema de confianza y competitividad para los destinos tur\u00edsticos. Quintana Roo, con 149 casos confirmados, enfrenta un desaf\u00edo que puede impactar directamente en su atractivo internacional.<\/p>\n<p>Entre las medidas propuestas destacan: actualizar esquemas de vacunaci\u00f3n, fortalecer la detecci\u00f3n temprana en espacios laborales y tur\u00edsticos, impulsar campa\u00f1as informativas dentro de las empresas y reforzar la coordinaci\u00f3n entre autoridades, sector privado y sociedad.<\/p>\n<p>\u201cEn Coparmex Quintana Roo lo decimos: la prevenci\u00f3n no es un protocolo, es una decisi\u00f3n. Y en un M\u00e9xico que recibe al mundo, esa decisi\u00f3n define lo que somos\u201d, afirm\u00f3 Portillo Navarro.<\/p>\n<p>El organismo patronal concluy\u00f3 que la salud p\u00fablica es parte de la experiencia del visitante y de la certidumbre que el pa\u00eds ofrece. \u201cCuando el turismo crece de manera sostenida, la responsabilidad tambi\u00e9n crece\u201d, se\u00f1ala el comunicado.<\/p>\n<p>&nbsp;<\/p>\n<p><strong>Calor extremo dispara riesgos de incendios en Quintana Roo<\/strong><\/p>\n<p>El incremento de las temperaturas no solo afecta la salud y el confort: tambi\u00e9n multiplica los peligros dentro de las viviendas y negocios. Autoridades de Protecci\u00f3n Civil advierten que las olas de calor han elevado hasta en 20% los incendios en municipios como Canc\u00fan y Playa del Carmen.<\/p>\n<p>La combinaci\u00f3n de sobrecargas el\u00e9ctricas, fugas de gas y descuidos humanos se ha convertido en la principal causa de emergencias. El uso intensivo de ventiladores, aires acondicionados y extensiones provoca que instalaciones viejas o cables da\u00f1ados generen chispas capaces de iniciar un incendio en segundos.<\/p>\n<p>Los tanques de gas en mal estado, v\u00e1lvulas sin mantenimiento y acumulaciones en espacios cerrados representan otro riesgo latente: una chispa o llama cercana puede desencadenar explosiones de gran magnitud.<\/p>\n<p>Ante este panorama, Protecci\u00f3n Civil recomienda medidas b\u00e1sicas pero decisivas: evitar sobrecargar contactos, revisar peri\u00f3dicamente las instalaciones el\u00e9ctricas, cerrar v\u00e1lvulas de gas al salir de casa, no dejar estufas encendidas y mantener vigilancia constante en la cocina.<\/p>\n<p>La prevenci\u00f3n, subrayan, es la \u00fanica forma de impedir que el calor convierta una vivienda en cenizas.<\/p>\n<p>La prevenci\u00f3n de incendios en hogares y negocios depende de una combinaci\u00f3n de h\u00e1bitos cotidianos, mantenimiento responsable y cumplimiento de normas de seguridad. En las viviendas, los riesgos suelen estar ligados a instalaciones el\u00e9ctricas defectuosas, descuidos en la cocina o el uso de velas y aparatos sin supervisi\u00f3n. Por ello, instalar detectores de humo, revisar peri\u00f3dicamente las conexiones de gas y electricidad, y evitar sobrecargar enchufes son medidas b\u00e1sicas que reducen significativamente la posibilidad de un siniestro.<\/p>\n<p>En el \u00e1mbito de los negocios, la prevenci\u00f3n requiere mayor formalidad: contar con extintores vigentes, sistemas de rociadores autom\u00e1ticos y brigadas internas de protecci\u00f3n civil es obligatorio seg\u00fan la normativa mexicana. Adem\u00e1s, las rutas de evacuaci\u00f3n deben estar siempre libres de obst\u00e1culos y se\u00f1alizadas, mientras que los materiales inflamables deben almacenarse en espacios ventilados y seguros.<\/p>\n<p>Tanto en casa como en el trabajo, elaborar un plan de emergencia es fundamental. Definir puntos de reuni\u00f3n, capacitar a los integrantes de la familia o al personal en el uso de extintores y realizar simulacros peri\u00f3dicos fortalece la capacidad de respuesta. La prevenci\u00f3n tambi\u00e9n implica responsabilidad financiera: contratar seguros contra incendios puede marcar la diferencia en la recuperaci\u00f3n tras un siniestro.<\/p>\n<p>&nbsp;<\/p>\n<p>&nbsp;<\/p>\n","protected":false},"excerpt":{"rendered":"<p>DERECHO DE REPLICA Jos\u00e9 Luis Monta\u00f1ez &nbsp; \u00a0 &#8211; Siguen buenas cifras a pesar de la baja en mercado nacional &nbsp; El Aeropuerto Internacional de Canc\u00fan cerr\u00f3 el primer trimestre de 2026 con un ligero crecimiento de 0.2% en pasajeros internacionales, consolid\u00e1ndose como la principal puerta de entrada del turismo extranjero en M\u00e9xico, aun cuando [&hellip;]<\/p>\n","protected":false},"author":14,"featured_media":715277,"comment_status":"open","ping_status":"open","sticky":false,"template":"","format":"standard","meta":{"_monsterinsights_skip_tracking":false,"_monsterinsights_sitenote_active":false,"_monsterinsights_sitenote_note":"","_monsterinsights_sitenote_category":0,"footnotes":""},"categories":[101305],"tags":[],"class_list":["post-715276","post","type-post","status-publish","format-standard","has-post-thumbnail","hentry","category-quintana-roo"],"_links":{"self":[{"href":"https:\/\/www.diarioimagen.net\/index.php?rest_route=\/wp\/v2\/posts\/715276","targetHints":{"allow":["GET"]}}],"collection":[{"href":"https:\/\/www.diarioimagen.net\/index.php?rest_route=\/wp\/v2\/posts"}],"about":[{"href":"https:\/\/www.diarioimagen.net\/index.php?rest_route=\/wp\/v2\/types\/post"}],"author":[{"embeddable":true,"href":"https:\/\/www.diarioimagen.net\/index.php?rest_route=\/wp\/v2\/users\/14"}],"replies":[{"embeddable":true,"href":"https:\/\/www.diarioimagen.net\/index.php?rest_route=%2Fwp%2Fv2%2Fcomments&post=715276"}],"version-history":[{"count":1,"href":"https:\/\/www.diarioimagen.net\/index.php?rest_route=\/wp\/v2\/posts\/715276\/revisions"}],"predecessor-version":[{"id":715278,"href":"https:\/\/www.diarioimagen.net\/index.php?rest_route=\/wp\/v2\/posts\/715276\/revisions\/715278"}],"wp:featuredmedia":[{"embeddable":true,"href":"https:\/\/www.diarioimagen.net\/index.php?rest_route=\/wp\/v2\/media\/715277"}],"wp:attachment":[{"href":"https:\/\/www.diarioimagen.net\/index.php?rest_route=%2Fwp%2Fv2%2Fmedia&parent=715276"}],"wp:term":[{"taxonomy":"category","embeddable":true,"href":"https:\/\/www.diarioimagen.net\/index.php?rest_route=%2Fwp%2Fv2%2Fcategories&post=715276"},{"taxonomy":"post_tag","embeddable":true,"href":"https:\/\/www.diarioimagen.net\/index.php?rest_route=%2Fwp%2Fv2%2Ftags&post=715276"}],"curies":[{"name":"wp","href":"https:\/\/api.w.org\/{rel}","templated":true}]}}