{"id":715393,"date":"2026-04-08T21:21:10","date_gmt":"2026-04-09T03:21:10","guid":{"rendered":"https:\/\/www.diarioimagen.net\/?p=715393"},"modified":"2026-04-08T21:21:10","modified_gmt":"2026-04-09T03:21:10","slug":"aumentan-a-ocho-los-decesos-por-los-sueros-vitaminados","status":"publish","type":"post","link":"https:\/\/www.diarioimagen.net\/?p=715393","title":{"rendered":"Aumentan a ocho los decesos por los sueros vitaminados"},"content":{"rendered":"<ul>\n<li><strong>Intensifican verificaci\u00f3n sanitaria<\/strong><\/li>\n<li><strong>Las promocionan como una sustancia que ayuda a fortalecer el sistema inmunol\u00f3gico, desintoxicar el organismo y combatir el envejecimiento<\/strong><\/li>\n<\/ul>\n<p>&nbsp;<\/p>\n<div id=\"attachment_715394\" style=\"width: 415px\" class=\"wp-caption alignnone\"><img loading=\"lazy\" decoding=\"async\" aria-describedby=\"caption-attachment-715394\" class=\"wp-image-715394 size-large\" src=\"https:\/\/www.diarioimagen.net\/wp-content\/uploads\/2026\/04\/SUERO-405x270.jpeg\" alt=\"\" width=\"405\" height=\"270\" srcset=\"https:\/\/www.diarioimagen.net\/wp-content\/uploads\/2026\/04\/SUERO-405x270.jpeg 405w, https:\/\/www.diarioimagen.net\/wp-content\/uploads\/2026\/04\/SUERO-240x160.jpeg 240w, https:\/\/www.diarioimagen.net\/wp-content\/uploads\/2026\/04\/SUERO-768x512.jpeg 768w, https:\/\/www.diarioimagen.net\/wp-content\/uploads\/2026\/04\/SUERO-1536x1024.jpeg 1536w, https:\/\/www.diarioimagen.net\/wp-content\/uploads\/2026\/04\/SUERO-2048x1365.jpeg 2048w\" sizes=\"auto, (max-width: 405px) 100vw, 405px\" \/><p id=\"caption-attachment-715394\" class=\"wp-caption-text\">Del total de personas afectadas por la aplicaci\u00f3n de suero vitaminado en Hermosillo, ocho han perdido la vida, una permanece hospitalizada y dos m\u00e1s fueron dadas de alta. Los pacientes presentaron antecedentes comunes tras recibir soluciones intravenosas en un consultorio.<\/p><\/div>\n<p><strong>\u00a0<\/strong><\/p>\n<p>&nbsp;<\/p>\n<p>Aument\u00f3 a ocho el n\u00famero personas muertas a causa de los llamados sueros vitaminados o suerorerapias, los cuales fueron aplicados por el mismo m\u00e9dico, Jes\u00fas Maximiano \u201cN\u201d, en una cl\u00ednica de la colonia Jes\u00fas Garc\u00eda en Hermosillo, Sonota; el caso ya suma 11 v\u00edctimas.<\/p>\n<p>De acuerdo con informaci\u00f3n ofiial, del total de personas afectadas, ocho han perdido la vida, una permanece hospitalizada y dos m\u00e1s fueron dadas de alta. Los pacientes presentaron antecedentes comunes tras recibir soluciones intravenosas en un consultorio que operaba como medicina general, pero donde tambi\u00e9n se ofrec\u00edan terapias alternativas.<\/p>\n<p>\u201cSe han registrado 11 casos sospechosos asociados a la aplicaci\u00f3n de soluciones intravenosas por un mismo m\u00e9dico tratante. Del total, se reportan 8 defunciones, 1 persona hospitalizada y 2 personas recuperadas\u201d, detall\u00f3 la Secretaria de Salud.<\/p>\n<p>Por su parte, la Fiscal\u00eda General de Justicia del Estado de Sonora, activ\u00f3 una alerta de b\u00fasqueda a nivel nacional e internacional para localizar a Jes\u00fas Maximiano Verduzco Soto, m\u00e9dico de 65 a\u00f1os, se\u00f1alado por su probable responsabilidad en estos hechos. La dependencia confirm\u00f3 que la alerta fue extendida a fiscal\u00edas del pa\u00eds, autoridades de Estados Unidos y puntos aduanales, con el objetivo de impedir que el investigado evada la acci\u00f3n de la justicia<\/p>\n<p>\u201cNo tenemos reporte que haya cruzado la frontera, estamos monitoreando para llevarlo ante la autoridad jurisdiccional para que comparezca y se le imputen las acusaciones se\u00f1aladas\u201d, expuso Salas Ch\u00e1vez.<\/p>\n<p>El fiscal estatal, Gustavo R\u00f3mulo Salas Ch\u00e1vez, inform\u00f3 que se han realizado m\u00e1s de 117 actos de investigaci\u00f3n, incluyendo 51 entrevistas a v\u00edctimas, familiares y testigos, as\u00ed como la integraci\u00f3n de al menos ocho carpetas por afectaciones a la salud. El m\u00e9dico cuenta con orden de aprehensi\u00f3n por el delito de homicidio culposo relacionado con presunta mala pr\u00e1ctica. Hasta ahora, no existe confirmaci\u00f3n de que haya cruzado la frontera, aunque se mantiene vigilancia permanente.<\/p>\n<p>Las investigaciones se apoyan en an\u00e1lisis cient\u00edficos que se desarrollan fuera del estado. Las muestras biol\u00f3gicas de las v\u00edctimas, as\u00ed como medicamentos e insumos asegurados en el consultorio, fueron enviados al Laboratorio Nacional de la Comisi\u00f3n Federal para la Protecci\u00f3n contra Riesgos Sanitarios (Cofepris), en la Ciudad de M\u00e9xico. Los estudios buscan identificar posibles agentes contaminantes mediante cultivos para bacterias, hongos, virus o par\u00e1sitos, con resultados estimados en un plazo de hasta dos semanas.<\/p>\n<p>El establecimiento donde se realizaban las aplicaciones fue clausurado el pasado 1 de abril y permanece bajo resguardo. Desde entonces, no se han reportado nuevos casos, mientras contin\u00faan las acciones coordinadas entre la Secretar\u00eda de Salud, la Comisi\u00f3n Estatal de Protecci\u00f3n contra Riesgos Sanitarios (Coesprisson), Cofepris y la Fiscal\u00eda estatal.<\/p>\n<p>Las autoridades mantienen vigilancia epidemiol\u00f3gica, verificaci\u00f3n sanitaria y monitoreo permanente del caso, en espera de los resultados de laboratorio que permitan determinar el origen de las complicaciones que derivaron en las muertes.<\/p>\n<p>&nbsp;<\/p>\n<p>&nbsp;<\/p>\n<p><strong>Qu\u00e9 es el suero vitaminado<\/strong><\/p>\n<p>&nbsp;<\/p>\n<p>La aplicaci\u00f3n de suero vitaminado se ha popularizado recientemente como un tratamiento para combatir la fatiga y la deshidrataci\u00f3n. Algunos establecimientos la promocionan adem\u00e1s como una sustancia que ayuda a fortalecer el sistema inmunol\u00f3gico, desintoxicar el organismo, y combatir el envejecimiento.<\/p>\n<p>Por lo general, se trata de un c\u00f3ctel que suele incluir vitamina B, vitamina C, electrolitos y magnesio. En el caso del suero aplicado en Sonora, el secretario de Salud, David Kershenobich, se\u00f1al\u00f3 que tambi\u00e9n conten\u00eda otras sustancias anunciadas como \u201cc\u00e9lulas madre\u201d, lo que ha encendido las alertas ante un posible fraude o la presencia de componentes especialmente peligrosos que a\u00fan no han sido identificados.<\/p>\n<p>Tras la tragedia en Hermosillo, m\u00e9dicos han reiterado que esta pr\u00e1ctica no tiene beneficios reales para la salud y que, en caso de presentar s\u00edntomas como fatiga cr\u00f3nica o falta de energ\u00eda, se recomienda acudir a consulta con un especialista. \u201cLos sueros vitaminados no funcionan, es agua con sal y vitaminas en un c\u00f3ctel que no necesitas. Esas vitaminas suelen tener un color para que el suero se torne amarillo y eso le da un atractivo visual y la gente les concede cierto poder que los hace sentirse bien, es un efecto placebo, pero no existe alg\u00fan criterio m\u00e9dico para indicarlos. Quien prescriba eso de manera frecuente es una persona que est\u00e1 enga\u00f1ando, es un charlat\u00e1n\u201d, dijo el doctor en enfermedades infecciosas Alejandro Mac\u00edas a EL PA\u00cdS.<\/p>\n<p>&nbsp;<\/p>\n<p><strong>Cu\u00e1les son los riesgos<\/strong><\/p>\n<p>&nbsp;<\/p>\n<p>Entre los principales efectos negativos de los sueros vitaminados se encuentran complicaciones locales, como flebitis, trombosis o embolia; sobrecarga de volumen o alteraciones electrol\u00edticas; reacciones adversas, incluyendo alergias o anafilaxia; as\u00ed como infecciones graves, como sepsis o choque s\u00e9ptico.<\/p>\n<p>Adem\u00e1s, expertos han advertido de que su aplicaci\u00f3n en espacios no regulados como cl\u00ednicas, spas, gimnasios o centros de wellness implica riesgos adicionales, ya que no siempre cuentan con los protocolos m\u00e9dicos ni las condiciones sanitarias necesarias para la administraci\u00f3n segura de tratamientos intravenosos, incluso cuando operan con licencias. \u201cSe corre un riesgo absolutamente innecesario porque se cruzan las barreras naturales de defensa y se va directamente al torrente sangu\u00edneo. Si acaso va alguna contaminaci\u00f3n en la sustancia \u2014como parece haber sido el caso en Sonora\u2014 pues se va r\u00e1pidamente a la circulaci\u00f3n, al coraz\u00f3n, se distribuye a todo el cuerpo y si la contaminaci\u00f3n es suficiente, eso es mortal\u201d, explic\u00f3 Mac\u00edas.<\/p>\n<p><strong>\u00a0<\/strong><\/p>\n<p>&nbsp;<\/p>\n<p><strong>\u00a0<\/strong><\/p>\n","protected":false},"excerpt":{"rendered":"<p>Intensifican verificaci\u00f3n sanitaria Las promocionan como una sustancia que ayuda a fortalecer el sistema inmunol\u00f3gico, desintoxicar el organismo y combatir el envejecimiento &nbsp; \u00a0 &nbsp; Aument\u00f3 a ocho el n\u00famero personas muertas a causa de los llamados sueros vitaminados o suerorerapias, los cuales fueron aplicados por el mismo m\u00e9dico, Jes\u00fas Maximiano \u201cN\u201d, en una cl\u00ednica [&hellip;]<\/p>\n","protected":false},"author":14,"featured_media":715394,"comment_status":"open","ping_status":"open","sticky":false,"template":"","format":"standard","meta":{"_monsterinsights_skip_tracking":false,"_monsterinsights_sitenote_active":false,"_monsterinsights_sitenote_note":"","_monsterinsights_sitenote_category":0,"footnotes":""},"categories":[877],"tags":[],"class_list":["post-715393","post","type-post","status-publish","format-standard","has-post-thumbnail","hentry","category-salud"],"_links":{"self":[{"href":"https:\/\/www.diarioimagen.net\/index.php?rest_route=\/wp\/v2\/posts\/715393","targetHints":{"allow":["GET"]}}],"collection":[{"href":"https:\/\/www.diarioimagen.net\/index.php?rest_route=\/wp\/v2\/posts"}],"about":[{"href":"https:\/\/www.diarioimagen.net\/index.php?rest_route=\/wp\/v2\/types\/post"}],"author":[{"embeddable":true,"href":"https:\/\/www.diarioimagen.net\/index.php?rest_route=\/wp\/v2\/users\/14"}],"replies":[{"embeddable":true,"href":"https:\/\/www.diarioimagen.net\/index.php?rest_route=%2Fwp%2Fv2%2Fcomments&post=715393"}],"version-history":[{"count":1,"href":"https:\/\/www.diarioimagen.net\/index.php?rest_route=\/wp\/v2\/posts\/715393\/revisions"}],"predecessor-version":[{"id":715395,"href":"https:\/\/www.diarioimagen.net\/index.php?rest_route=\/wp\/v2\/posts\/715393\/revisions\/715395"}],"wp:featuredmedia":[{"embeddable":true,"href":"https:\/\/www.diarioimagen.net\/index.php?rest_route=\/wp\/v2\/media\/715394"}],"wp:attachment":[{"href":"https:\/\/www.diarioimagen.net\/index.php?rest_route=%2Fwp%2Fv2%2Fmedia&parent=715393"}],"wp:term":[{"taxonomy":"category","embeddable":true,"href":"https:\/\/www.diarioimagen.net\/index.php?rest_route=%2Fwp%2Fv2%2Fcategories&post=715393"},{"taxonomy":"post_tag","embeddable":true,"href":"https:\/\/www.diarioimagen.net\/index.php?rest_route=%2Fwp%2Fv2%2Ftags&post=715393"}],"curies":[{"name":"wp","href":"https:\/\/api.w.org\/{rel}","templated":true}]}}