{"id":716293,"date":"2026-04-16T19:45:25","date_gmt":"2026-04-17T01:45:25","guid":{"rendered":"https:\/\/www.diarioimagen.net\/?p=716293"},"modified":"2026-04-16T19:45:25","modified_gmt":"2026-04-17T01:45:25","slug":"fortalece-gobierno-de-naucalpan-la-profesionalizacion-de-la-policia","status":"publish","type":"post","link":"https:\/\/www.diarioimagen.net\/?p=716293","title":{"rendered":"Fortalece gobierno de Naucalpan  la profesionalizaci\u00f3n de la polic\u00eda"},"content":{"rendered":"<ul>\n<li><strong>Consolidaci\u00f3n de la Guardia Municipal<\/strong><\/li>\n<\/ul>\n<div id=\"attachment_716294\" style=\"width: 470px\" class=\"wp-caption alignnone\"><img loading=\"lazy\" decoding=\"async\" aria-describedby=\"caption-attachment-716294\" class=\"wp-image-716294 size-large\" src=\"https:\/\/www.diarioimagen.net\/wp-content\/uploads\/2026\/04\/BAENA-2-ok-9-460x222.jpg\" alt=\"\" width=\"460\" height=\"222\" srcset=\"https:\/\/www.diarioimagen.net\/wp-content\/uploads\/2026\/04\/BAENA-2-ok-9-460x222.jpg 460w, https:\/\/www.diarioimagen.net\/wp-content\/uploads\/2026\/04\/BAENA-2-ok-9-240x116.jpg 240w, https:\/\/www.diarioimagen.net\/wp-content\/uploads\/2026\/04\/BAENA-2-ok-9-768x371.jpg 768w, https:\/\/www.diarioimagen.net\/wp-content\/uploads\/2026\/04\/BAENA-2-ok-9.jpg 1500w\" sizes=\"auto, (max-width: 460px) 100vw, 460px\" \/><p id=\"caption-attachment-716294\" class=\"wp-caption-text\">Naucalpan apuesta por la capacitaci\u00f3n de sus polic\u00edas al ser sede del curso \u201cLlenado del Formato del Informe Policial Homologado\u201d, impartido por personal del Secretariado Ejecutivo del Sistema Estatal de Seguridad.<\/p><\/div>\n<p>&nbsp;<\/p>\n<p>Naucalpan, M\u00e9x.- El gobierno de Isaac Montoya M\u00e1rquez refrenda su compromiso para consolidar la Guardia Municipal y la coordinaci\u00f3n regional, apostando por la capacitaci\u00f3n como una herramienta clave para mejorar la seguridad y la atenci\u00f3n a la ciudadan\u00eda, al ser sede del curso \u201cLlenado del Formato del Informe Policial Homologado (IPH)\u201d, impartido por personal del Secretariado Ejecutivo del Sistema Estatal de Seguridad.<\/p>\n<p>&nbsp;<\/p>\n<p>Este curso del llenado del formato IPH, que ofreci\u00f3 el Secretariado Ejecutivo del Sistema Estatal de Seguridad, es muestra de la coordinaci\u00f3n permanente entre las tres \u00f3rdenes de gobierno, cont\u00f3 con la participaci\u00f3n de casi un centenar de elementos de distintas corporaciones municipales de la regi\u00f3n.<\/p>\n<p>&nbsp;<\/p>\n<p>La importancia del mismo radica en que, la actualizaci\u00f3n y capacitaci\u00f3n constante de las y los elementos es fundamental para garantizar intervenciones policiales profesionales, transparentes y apegadas a derecho.<\/p>\n<p>&nbsp;<\/p>\n<p>Por ello, la Guardia Municipal de Naucalpan mantiene de manera permanente la preparaci\u00f3n de su personal, con el objetivo de brindar un servicio m\u00e1s eficiente, profesional y cercano a la ciudadan\u00eda.<\/p>\n<p>&nbsp;<\/p>\n<p>Durante el curso se desarrollaron sesiones te\u00f3ricas y pr\u00e1cticas, en las que las y los participantes realizaron ejercicios de casos pr\u00e1cticos para el correcto llenado del IPH, adem\u00e1s de resolver dudas, compartir sugerencias y reforzar criterios operativos que permiten fortalecer la actuaci\u00f3n policial.<\/p>\n<p>&nbsp;<\/p>\n<p>&nbsp;<\/p>\n<p><strong>\u00a0<\/strong><\/p>\n<p>&nbsp;<\/p>\n","protected":false},"excerpt":{"rendered":"<p>Consolidaci\u00f3n de la Guardia Municipal &nbsp; Naucalpan, M\u00e9x.- El gobierno de Isaac Montoya M\u00e1rquez refrenda su compromiso para consolidar la Guardia Municipal y la coordinaci\u00f3n regional, apostando por la capacitaci\u00f3n como una herramienta clave para mejorar la seguridad y la atenci\u00f3n a la ciudadan\u00eda, al ser sede del curso \u201cLlenado del Formato del Informe Policial [&hellip;]<\/p>\n","protected":false},"author":14,"featured_media":716294,"comment_status":"open","ping_status":"open","sticky":false,"template":"","format":"standard","meta":{"_monsterinsights_skip_tracking":false,"_monsterinsights_sitenote_active":false,"_monsterinsights_sitenote_note":"","_monsterinsights_sitenote_category":0,"footnotes":""},"categories":[5],"tags":[],"class_list":["post-716293","post","type-post","status-publish","format-standard","has-post-thumbnail","hentry","category-estado-de-mexico"],"_links":{"self":[{"href":"https:\/\/www.diarioimagen.net\/index.php?rest_route=\/wp\/v2\/posts\/716293","targetHints":{"allow":["GET"]}}],"collection":[{"href":"https:\/\/www.diarioimagen.net\/index.php?rest_route=\/wp\/v2\/posts"}],"about":[{"href":"https:\/\/www.diarioimagen.net\/index.php?rest_route=\/wp\/v2\/types\/post"}],"author":[{"embeddable":true,"href":"https:\/\/www.diarioimagen.net\/index.php?rest_route=\/wp\/v2\/users\/14"}],"replies":[{"embeddable":true,"href":"https:\/\/www.diarioimagen.net\/index.php?rest_route=%2Fwp%2Fv2%2Fcomments&post=716293"}],"version-history":[{"count":1,"href":"https:\/\/www.diarioimagen.net\/index.php?rest_route=\/wp\/v2\/posts\/716293\/revisions"}],"predecessor-version":[{"id":716295,"href":"https:\/\/www.diarioimagen.net\/index.php?rest_route=\/wp\/v2\/posts\/716293\/revisions\/716295"}],"wp:featuredmedia":[{"embeddable":true,"href":"https:\/\/www.diarioimagen.net\/index.php?rest_route=\/wp\/v2\/media\/716294"}],"wp:attachment":[{"href":"https:\/\/www.diarioimagen.net\/index.php?rest_route=%2Fwp%2Fv2%2Fmedia&parent=716293"}],"wp:term":[{"taxonomy":"category","embeddable":true,"href":"https:\/\/www.diarioimagen.net\/index.php?rest_route=%2Fwp%2Fv2%2Fcategories&post=716293"},{"taxonomy":"post_tag","embeddable":true,"href":"https:\/\/www.diarioimagen.net\/index.php?rest_route=%2Fwp%2Fv2%2Ftags&post=716293"}],"curies":[{"name":"wp","href":"https:\/\/api.w.org\/{rel}","templated":true}]}}