{"id":716296,"date":"2026-04-16T20:01:54","date_gmt":"2026-04-17T02:01:54","guid":{"rendered":"https:\/\/www.diarioimagen.net\/?p=716296"},"modified":"2026-04-16T20:01:54","modified_gmt":"2026-04-17T02:01:54","slug":"azucena-cisneros-entrega-becas-de-pasajes-a-mas-de-5-mil-universitarios","status":"publish","type":"post","link":"https:\/\/www.diarioimagen.net\/?p=716296","title":{"rendered":"Azucena Cisneros entrega becas de  pasajes a m\u00e1s de 5 mil universitarios"},"content":{"rendered":"<p><strong>Programa Universitarios en Movimiento por el Bienestar<\/strong><\/p>\n<div id=\"attachment_716297\" style=\"width: 371px\" class=\"wp-caption alignnone\"><img loading=\"lazy\" decoding=\"async\" aria-describedby=\"caption-attachment-716297\" class=\"wp-image-716297 size-large\" src=\"https:\/\/www.diarioimagen.net\/wp-content\/uploads\/2026\/04\/BAENA-3-ok-8-361x270.jpg\" alt=\"\" width=\"361\" height=\"270\" srcset=\"https:\/\/www.diarioimagen.net\/wp-content\/uploads\/2026\/04\/BAENA-3-ok-8-361x270.jpg 361w, https:\/\/www.diarioimagen.net\/wp-content\/uploads\/2026\/04\/BAENA-3-ok-8-240x180.jpg 240w, https:\/\/www.diarioimagen.net\/wp-content\/uploads\/2026\/04\/BAENA-3-ok-8-768x574.jpg 768w, https:\/\/www.diarioimagen.net\/wp-content\/uploads\/2026\/04\/BAENA-3-ok-8.jpg 1500w\" sizes=\"auto, (max-width: 361px) 100vw, 361px\" \/><p id=\"caption-attachment-716297\" class=\"wp-caption-text\"><br \/>Azucena Cisneros Coss entreg\u00f3 becas para pasajes a cinco mil j\u00f3venes de Ecatepec beneficiarios del programa \u201cUniversitarios en Movimiento por el Bienestar.<\/p><\/div>\n<p><strong>\u00a0<\/strong><\/p>\n<p>&nbsp;<\/p>\n<p>Ecatepec, M\u00e9x.- La alcaldesa Azucena Cisneros Coss entreg\u00f3 becas para pasajes a cinco mil j\u00f3venes de Ecatepec beneficiarios del programa \u201cUniversitarios en Movimiento por el Bienestar\u201d, con el objetivo de impulsar su permanencia y evitar la deserci\u00f3n, tanto de escuelas p\u00fablicas como privadas.<\/p>\n<p>&nbsp;<\/p>\n<p>La edil expres\u00f3 que solamente 13 por ciento de las y los j\u00f3venes en edad universitaria del municipio cursan alguna carrera profesional, cifra que est\u00e1 por debajo de la media nacional, por lo que es necesario apoyarlos para que cumplan sus sue\u00f1os.<\/p>\n<p>&nbsp;<\/p>\n<p>\u201cS\u00e9 perfectamente lo que significa que ustedes hayan llegado a la universidad, mantenerse y terminar la carrera, que es lo que ahora toca\u201d, dijo y les pidi\u00f3 convertirse en referente para que todos los j\u00f3venes sigan su ejemplo. \u201cY s\u00e9 que tenemos todav\u00eda mucha deuda y que vamos a estar pensando c\u00f3mo ampliar el programa hasta que se vuelva universal\u201d.<\/p>\n<p>&nbsp;<\/p>\n<p>Cisneros Coss dijo a las y los j\u00f3venes que no est\u00e1n solos y lament\u00f3 los hechos ocurridos en una escuela de la localidad, donde fue abandonado un reci\u00e9n nacido en los ba\u00f1os, por lo que ofreci\u00f3 apoyo para superar los problemas que enfrentan, sobre todo las mujeres.<\/p>\n<p>&nbsp;<\/p>\n<p>\u201cNos importan mucho y tenemos que seguir trabajando por ustedes, por las y los j\u00f3venes, porque lo merecen, porque es una deuda plena y es una deuda leg\u00edtima que tenemos\u201d, reiter\u00f3.<\/p>\n<p>&nbsp;<\/p>\n<p>&nbsp;<\/p>\n","protected":false},"excerpt":{"rendered":"<p>Programa Universitarios en Movimiento por el Bienestar \u00a0 &nbsp; Ecatepec, M\u00e9x.- La alcaldesa Azucena Cisneros Coss entreg\u00f3 becas para pasajes a cinco mil j\u00f3venes de Ecatepec beneficiarios del programa \u201cUniversitarios en Movimiento por el Bienestar\u201d, con el objetivo de impulsar su permanencia y evitar la deserci\u00f3n, tanto de escuelas p\u00fablicas como privadas. &nbsp; La edil [&hellip;]<\/p>\n","protected":false},"author":14,"featured_media":716297,"comment_status":"open","ping_status":"open","sticky":false,"template":"","format":"standard","meta":{"_monsterinsights_skip_tracking":false,"_monsterinsights_sitenote_active":false,"_monsterinsights_sitenote_note":"","_monsterinsights_sitenote_category":0,"footnotes":""},"categories":[5],"tags":[],"class_list":["post-716296","post","type-post","status-publish","format-standard","has-post-thumbnail","hentry","category-estado-de-mexico"],"_links":{"self":[{"href":"https:\/\/www.diarioimagen.net\/index.php?rest_route=\/wp\/v2\/posts\/716296","targetHints":{"allow":["GET"]}}],"collection":[{"href":"https:\/\/www.diarioimagen.net\/index.php?rest_route=\/wp\/v2\/posts"}],"about":[{"href":"https:\/\/www.diarioimagen.net\/index.php?rest_route=\/wp\/v2\/types\/post"}],"author":[{"embeddable":true,"href":"https:\/\/www.diarioimagen.net\/index.php?rest_route=\/wp\/v2\/users\/14"}],"replies":[{"embeddable":true,"href":"https:\/\/www.diarioimagen.net\/index.php?rest_route=%2Fwp%2Fv2%2Fcomments&post=716296"}],"version-history":[{"count":1,"href":"https:\/\/www.diarioimagen.net\/index.php?rest_route=\/wp\/v2\/posts\/716296\/revisions"}],"predecessor-version":[{"id":716298,"href":"https:\/\/www.diarioimagen.net\/index.php?rest_route=\/wp\/v2\/posts\/716296\/revisions\/716298"}],"wp:featuredmedia":[{"embeddable":true,"href":"https:\/\/www.diarioimagen.net\/index.php?rest_route=\/wp\/v2\/media\/716297"}],"wp:attachment":[{"href":"https:\/\/www.diarioimagen.net\/index.php?rest_route=%2Fwp%2Fv2%2Fmedia&parent=716296"}],"wp:term":[{"taxonomy":"category","embeddable":true,"href":"https:\/\/www.diarioimagen.net\/index.php?rest_route=%2Fwp%2Fv2%2Fcategories&post=716296"},{"taxonomy":"post_tag","embeddable":true,"href":"https:\/\/www.diarioimagen.net\/index.php?rest_route=%2Fwp%2Fv2%2Ftags&post=716296"}],"curies":[{"name":"wp","href":"https:\/\/api.w.org\/{rel}","templated":true}]}}