{"id":716354,"date":"2026-04-16T21:09:14","date_gmt":"2026-04-17T03:09:14","guid":{"rendered":"https:\/\/www.diarioimagen.net\/?p=716354"},"modified":"2026-04-16T21:09:14","modified_gmt":"2026-04-17T03:09:14","slug":"uaemex-fortalece-la-atencion-emocional-con-capacitacion-continua-a-su-personal-psicologico","status":"publish","type":"post","link":"https:\/\/www.diarioimagen.net\/?p=716354","title":{"rendered":"UAEM\u00e9x fortalece la atenci\u00f3n emocional con capacitaci\u00f3n continua a su personal psicol\u00f3gico"},"content":{"rendered":"<p><strong>\u00a0<\/strong><\/p>\n<div id=\"attachment_716355\" style=\"width: 606px\" class=\"wp-caption alignnone\"><img loading=\"lazy\" decoding=\"async\" aria-describedby=\"caption-attachment-716355\" class=\"size-full wp-image-716355\" src=\"https:\/\/www.diarioimagen.net\/wp-content\/uploads\/2026\/04\/Captura-de-Pantalla-2026-04-16-a-las-21.08.26.png\" alt=\"\" width=\"596\" height=\"428\" srcset=\"https:\/\/www.diarioimagen.net\/wp-content\/uploads\/2026\/04\/Captura-de-Pantalla-2026-04-16-a-las-21.08.26.png 596w, https:\/\/www.diarioimagen.net\/wp-content\/uploads\/2026\/04\/Captura-de-Pantalla-2026-04-16-a-las-21.08.26-240x172.png 240w, https:\/\/www.diarioimagen.net\/wp-content\/uploads\/2026\/04\/Captura-de-Pantalla-2026-04-16-a-las-21.08.26-376x270.png 376w, https:\/\/www.diarioimagen.net\/wp-content\/uploads\/2026\/04\/Captura-de-Pantalla-2026-04-16-a-las-21.08.26-90x65.png 90w\" sizes=\"auto, (max-width: 596px) 100vw, 596px\" \/><p id=\"caption-attachment-716355\" class=\"wp-caption-text\">Ren\u00e9 Reyes Hern\u00e1ndez, psic\u00f3logo del Campus \u201cEl Cerrillo\u201d, explic\u00f3 que durante estas sesiones el personal especializado participa en mesas de an\u00e1lisis, revisi\u00f3n de casos y talleres pr\u00e1cticos orientados a la mejora continua de los servicios.<\/p><\/div>\n<p>Toluca, M\u00e9x.- Con el prop\u00f3sito de fortalecer la calidad y calidez de los servicios de atenci\u00f3n emocional dirigidos a la comunidad universitaria, la Universidad Aut\u00f3noma del Estado de M\u00e9xico (UAEM\u00e9x) realiza de manera permanente reuniones de interacci\u00f3n, capacitaci\u00f3n y actualizaci\u00f3n profesional para el personal de psicolog\u00eda adscrito a la Direcci\u00f3n de Salud Universitaria.<\/p>\n<p>Estos encuentros tienen como objetivo unificar criterios de intervenci\u00f3n, compartir buenas pr\u00e1cticas cl\u00ednicas y reforzar los protocolos de atenci\u00f3n en casos de ansiedad, depresi\u00f3n, manejo de crisis y prevenci\u00f3n de conductas de riesgo. Asimismo, se abordan temas fundamentales como la \u00e9tica profesional, la confidencialidad y el acompa\u00f1amiento integral del estudiantado.<\/p>\n<p>Ren\u00e9 Reyes Hern\u00e1ndez, psic\u00f3logo del Campus \u201cEl Cerrillo\u201d, explic\u00f3 que durante estas sesiones el personal especializado participa en mesas de an\u00e1lisis, revisi\u00f3n de casos y talleres pr\u00e1cticos orientados a la mejora continua de los servicios. \u201cExisten momentos en los que exponemos casos; tambi\u00e9n identificamos \u00e1reas de oportunidad para capacitarnos y procuramos realizar formaciones tanto internas como externas\u201d, se\u00f1al\u00f3.<\/p>\n<p>Actualmente, 25 psic\u00f3logas y psic\u00f3logos de distintos espacios universitarios \u2014provenientes de las zonas oriente y poniente de la UAEM\u00e9x\u2014 participan en estas reuniones, que se llevan a cabo semanalmente los viernes, en un horario de 9:00 a 13:00 horas. En ellas, analizan los casos que atienden y definen estrategias de intervenci\u00f3n y tratamiento desde perspectivas de interculturalidad y g\u00e9nero, con un enfoque cient\u00edfico y de atenci\u00f3n oportuna.<\/p>\n<p>Adem\u00e1s de fortalecer la pr\u00e1ctica profesional, estos espacios tambi\u00e9n funcionan como una medida de higiene emocional para quienes brindan el servicio, ya que la escucha constante de problem\u00e1ticas puede derivar en desgaste por empat\u00eda. \u201cEstos espacios nos permiten, en un ejercicio cat\u00e1rtico, identificar nuestras habilidades, fortalezas y temores para desempe\u00f1ar un trabajo m\u00e1s profesional\u201d, a\u00f1adi\u00f3.<\/p>\n<p><strong>\u00a0<\/strong><\/p>\n<p><strong>\u00a0<\/strong><strong>\u00a0<\/strong><\/p>\n<p>&nbsp;<\/p>\n","protected":false},"excerpt":{"rendered":"<p>\u00a0 Toluca, M\u00e9x.- Con el prop\u00f3sito de fortalecer la calidad y calidez de los servicios de atenci\u00f3n emocional dirigidos a la comunidad universitaria, la Universidad Aut\u00f3noma del Estado de M\u00e9xico (UAEM\u00e9x) realiza de manera permanente reuniones de interacci\u00f3n, capacitaci\u00f3n y actualizaci\u00f3n profesional para el personal de psicolog\u00eda adscrito a la Direcci\u00f3n de Salud Universitaria. Estos [&hellip;]<\/p>\n","protected":false},"author":14,"featured_media":716355,"comment_status":"open","ping_status":"open","sticky":false,"template":"","format":"standard","meta":{"_monsterinsights_skip_tracking":false,"_monsterinsights_sitenote_active":false,"_monsterinsights_sitenote_note":"","_monsterinsights_sitenote_category":0,"footnotes":""},"categories":[16,5],"tags":[],"class_list":["post-716354","post","type-post","status-publish","format-standard","has-post-thumbnail","hentry","category-destacadas","category-estado-de-mexico"],"_links":{"self":[{"href":"https:\/\/www.diarioimagen.net\/index.php?rest_route=\/wp\/v2\/posts\/716354","targetHints":{"allow":["GET"]}}],"collection":[{"href":"https:\/\/www.diarioimagen.net\/index.php?rest_route=\/wp\/v2\/posts"}],"about":[{"href":"https:\/\/www.diarioimagen.net\/index.php?rest_route=\/wp\/v2\/types\/post"}],"author":[{"embeddable":true,"href":"https:\/\/www.diarioimagen.net\/index.php?rest_route=\/wp\/v2\/users\/14"}],"replies":[{"embeddable":true,"href":"https:\/\/www.diarioimagen.net\/index.php?rest_route=%2Fwp%2Fv2%2Fcomments&post=716354"}],"version-history":[{"count":1,"href":"https:\/\/www.diarioimagen.net\/index.php?rest_route=\/wp\/v2\/posts\/716354\/revisions"}],"predecessor-version":[{"id":716356,"href":"https:\/\/www.diarioimagen.net\/index.php?rest_route=\/wp\/v2\/posts\/716354\/revisions\/716356"}],"wp:featuredmedia":[{"embeddable":true,"href":"https:\/\/www.diarioimagen.net\/index.php?rest_route=\/wp\/v2\/media\/716355"}],"wp:attachment":[{"href":"https:\/\/www.diarioimagen.net\/index.php?rest_route=%2Fwp%2Fv2%2Fmedia&parent=716354"}],"wp:term":[{"taxonomy":"category","embeddable":true,"href":"https:\/\/www.diarioimagen.net\/index.php?rest_route=%2Fwp%2Fv2%2Fcategories&post=716354"},{"taxonomy":"post_tag","embeddable":true,"href":"https:\/\/www.diarioimagen.net\/index.php?rest_route=%2Fwp%2Fv2%2Ftags&post=716354"}],"curies":[{"name":"wp","href":"https:\/\/api.w.org\/{rel}","templated":true}]}}