{"id":716463,"date":"2026-04-19T20:07:48","date_gmt":"2026-04-20T02:07:48","guid":{"rendered":"https:\/\/www.diarioimagen.net\/?p=716463"},"modified":"2026-04-19T20:07:48","modified_gmt":"2026-04-20T02:07:48","slug":"realizaran-del-22-al-26-de-abril-la-segunda-feria-del-libro-ecatepec-2026","status":"publish","type":"post","link":"https:\/\/www.diarioimagen.net\/?p=716463","title":{"rendered":"Realizar\u00e1n del 22 al 26 de abril la  Segunda Feria del Libro Ecatepec 2026"},"content":{"rendered":"<p>&nbsp;<\/p>\n<p>&nbsp;<\/p>\n<p>&nbsp;<\/p>\n<ul>\n<li><strong>Esperan a unos 50 mil asistentes <\/strong><\/li>\n<\/ul>\n<p><strong>\u00a0<\/strong><\/p>\n<div id=\"attachment_716464\" style=\"width: 394px\" class=\"wp-caption alignnone\"><img loading=\"lazy\" decoding=\"async\" aria-describedby=\"caption-attachment-716464\" class=\"wp-image-716464 size-large\" src=\"https:\/\/www.diarioimagen.net\/wp-content\/uploads\/2026\/04\/BAENA-1-OK-9-384x270.jpg\" alt=\"\" width=\"384\" height=\"270\" srcset=\"https:\/\/www.diarioimagen.net\/wp-content\/uploads\/2026\/04\/BAENA-1-OK-9-384x270.jpg 384w, https:\/\/www.diarioimagen.net\/wp-content\/uploads\/2026\/04\/BAENA-1-OK-9-240x169.jpg 240w, https:\/\/www.diarioimagen.net\/wp-content\/uploads\/2026\/04\/BAENA-1-OK-9-768x540.jpg 768w, https:\/\/www.diarioimagen.net\/wp-content\/uploads\/2026\/04\/BAENA-1-OK-9.jpg 1500w\" sizes=\"auto, (max-width: 384px) 100vw, 384px\" \/><p id=\"caption-attachment-716464\" class=\"wp-caption-text\">El gobierno de Azucena Cisneros Coss y la Brigada para Leer en Libertad,\u00a0 organizar\u00e1 la Segunda Feria del Libro Ecatepec 2026,\u00a0 la cual contar\u00e1 con la participaci\u00f3n de m\u00e1s de 200 sellos editoriales y 70 expositores.<\/p><\/div>\n<p>&nbsp;<\/p>\n<p>Ecatepec, M\u00e9x.- Del 22 al 26 de abril se realizar\u00e1 la Segunda Feria del Libro Ecatepec 2026, organizada por el gobierno municipal y la Brigada para Leer en Libertad, la cual contar\u00e1 con la participaci\u00f3n de m\u00e1s de 200 sellos editoriales y 70 expositores, adem\u00e1s de presentaciones de libros, conferencias, charlas, m\u00fasica y regalo de ejemplares, entre otras actividades.<\/p>\n<p>&nbsp;<\/p>\n<p>\u201cEcatepec s\u00ed quiere leer\u201d, afirm\u00f3 Paloma Saiz Tejero, coordinadora de la citada Brigada, quien junto con la alcaldesa Azucena Cisneros Coss anunci\u00f3 la Segunda Feria del Libro Ecatepec 2026, que se efectuar\u00e1 en la explanada municipal y prev\u00e9 recibir a m\u00e1s de 50 mil personas.<\/p>\n<p>&nbsp;<\/p>\n<p>Cisneros Coss afirm\u00f3 que la primera Feria del Libro, realizada el a\u00f1o pasado, registr\u00f3 m\u00e1s de 20 mil asistentes, por lo que este a\u00f1o incrementaron el n\u00famero de actividades y expositores.<\/p>\n<p>&nbsp;<\/p>\n<p>\u201cEn Ecatepec la cultura es la herramienta m\u00e1s importante de la prevenci\u00f3n, es una manera de ofrecer a nuestras ni\u00f1as, ni\u00f1os y j\u00f3venes un camino distinto. Porque cuando un ni\u00f1o lee, cuando un joven toca un instrumento, estamos construyendo paz desde la ra\u00edz. Porque el arte no es un lujo, es una necesidad y es un derecho\u201d, asegur\u00f3.<\/p>\n<p>&nbsp;<\/p>\n<p>Agreg\u00f3: \u201cUn libro puede cambiar una vida y una vida puede cambiar a una comunidad. Decimos con orgullo que somos un gobierno que est\u00e1 cambiando la vida de la gente, un cambio que sentimos, que creemos, que interiorizamos y que queremos que llegue a todas y a todos\u201d.<\/p>\n<p>&nbsp;<\/p>\n<p>Cisneros Coss reiter\u00f3 que la cultura es un derecho y tambi\u00e9n una herramienta de transformaci\u00f3n, atenci\u00f3n a las causas, para resignificar historias, tejer lazos comunitarios y reconstruir esperanzas; la Feria busca atraer nuevos lectores, aquellos que pasan por la calle y son atrapados por la lectura, por lo que regalar\u00e1n m\u00e1s de cinco mil libros a los asistentes.<\/p>\n<p>&nbsp;<\/p>\n<p>&nbsp;<\/p>\n<p>&nbsp;<\/p>\n<p>&nbsp;<\/p>\n","protected":false},"excerpt":{"rendered":"<p>&nbsp; &nbsp; &nbsp; Esperan a unos 50 mil asistentes \u00a0 &nbsp; Ecatepec, M\u00e9x.- Del 22 al 26 de abril se realizar\u00e1 la Segunda Feria del Libro Ecatepec 2026, organizada por el gobierno municipal y la Brigada para Leer en Libertad, la cual contar\u00e1 con la participaci\u00f3n de m\u00e1s de 200 sellos editoriales y 70 expositores, [&hellip;]<\/p>\n","protected":false},"author":14,"featured_media":716464,"comment_status":"open","ping_status":"open","sticky":false,"template":"","format":"standard","meta":{"_monsterinsights_skip_tracking":false,"_monsterinsights_sitenote_active":false,"_monsterinsights_sitenote_note":"","_monsterinsights_sitenote_category":0,"footnotes":""},"categories":[5],"tags":[],"class_list":["post-716463","post","type-post","status-publish","format-standard","has-post-thumbnail","hentry","category-estado-de-mexico"],"_links":{"self":[{"href":"https:\/\/www.diarioimagen.net\/index.php?rest_route=\/wp\/v2\/posts\/716463","targetHints":{"allow":["GET"]}}],"collection":[{"href":"https:\/\/www.diarioimagen.net\/index.php?rest_route=\/wp\/v2\/posts"}],"about":[{"href":"https:\/\/www.diarioimagen.net\/index.php?rest_route=\/wp\/v2\/types\/post"}],"author":[{"embeddable":true,"href":"https:\/\/www.diarioimagen.net\/index.php?rest_route=\/wp\/v2\/users\/14"}],"replies":[{"embeddable":true,"href":"https:\/\/www.diarioimagen.net\/index.php?rest_route=%2Fwp%2Fv2%2Fcomments&post=716463"}],"version-history":[{"count":1,"href":"https:\/\/www.diarioimagen.net\/index.php?rest_route=\/wp\/v2\/posts\/716463\/revisions"}],"predecessor-version":[{"id":716465,"href":"https:\/\/www.diarioimagen.net\/index.php?rest_route=\/wp\/v2\/posts\/716463\/revisions\/716465"}],"wp:featuredmedia":[{"embeddable":true,"href":"https:\/\/www.diarioimagen.net\/index.php?rest_route=\/wp\/v2\/media\/716464"}],"wp:attachment":[{"href":"https:\/\/www.diarioimagen.net\/index.php?rest_route=%2Fwp%2Fv2%2Fmedia&parent=716463"}],"wp:term":[{"taxonomy":"category","embeddable":true,"href":"https:\/\/www.diarioimagen.net\/index.php?rest_route=%2Fwp%2Fv2%2Fcategories&post=716463"},{"taxonomy":"post_tag","embeddable":true,"href":"https:\/\/www.diarioimagen.net\/index.php?rest_route=%2Fwp%2Fv2%2Ftags&post=716463"}],"curies":[{"name":"wp","href":"https:\/\/api.w.org\/{rel}","templated":true}]}}