{"id":716466,"date":"2026-04-19T20:13:20","date_gmt":"2026-04-20T02:13:20","guid":{"rendered":"https:\/\/www.diarioimagen.net\/?p=716466"},"modified":"2026-04-19T20:13:20","modified_gmt":"2026-04-20T02:13:20","slug":"edil-raciel-perez-cruz-consolida-la-transformacion-de-tlalnepantla","status":"publish","type":"post","link":"https:\/\/www.diarioimagen.net\/?p=716466","title":{"rendered":"\u00a0  Edil Raciel P\u00e9rez Cruz consolida  la\u00a0transformaci\u00f3n de Tlalnepantla\u00a0"},"content":{"rendered":"<p>&nbsp;<\/p>\n<ul>\n<li><strong>Rescate de espacios p\u00fablicos <\/strong><\/li>\n<\/ul>\n<div id=\"attachment_716467\" style=\"width: 415px\" class=\"wp-caption alignnone\"><img loading=\"lazy\" decoding=\"async\" aria-describedby=\"caption-attachment-716467\" class=\"wp-image-716467 size-large\" src=\"https:\/\/www.diarioimagen.net\/wp-content\/uploads\/2026\/04\/BAENA-2-ok-10-405x270.jpg\" alt=\"\" width=\"405\" height=\"270\" srcset=\"https:\/\/www.diarioimagen.net\/wp-content\/uploads\/2026\/04\/BAENA-2-ok-10-405x270.jpg 405w, https:\/\/www.diarioimagen.net\/wp-content\/uploads\/2026\/04\/BAENA-2-ok-10-240x160.jpg 240w, https:\/\/www.diarioimagen.net\/wp-content\/uploads\/2026\/04\/BAENA-2-ok-10-768x512.jpg 768w, https:\/\/www.diarioimagen.net\/wp-content\/uploads\/2026\/04\/BAENA-2-ok-10.jpg 1500w\" sizes=\"auto, (max-width: 405px) 100vw, 405px\" \/><p id=\"caption-attachment-716467\" class=\"wp-caption-text\">El alcalde Raciel P\u00e9rez Cruz encabez\u00f3 la entrega de los andadores Hiloche y Alpino Ocelotl, donde se invirtieron 9 millones 809 mil 238 pesos para la reconstrucci\u00f3n de escalones y rampas.<\/p><\/div>\n<p><strong>\u00a0<\/strong><\/p>\n<p>&nbsp;<\/p>\n<p>Tlalnepantla, M\u00e9x.- \u00a0El presidente municipal Raciel P\u00e9rez Cruz ha consolidado una estrategia integral de rescate de espacios p\u00fablicos en la zona Oriente del municipio, entregando una serie de obras de infraestructura que transforman la vida cotidiana de las comunidades que por a\u00f1os carecieron de servicios b\u00e1sicos eficientes.<\/p>\n<p>&nbsp;<\/p>\n<p>A trav\u00e9s de una inversi\u00f3n global que supera los 20 millones de pesos, la administraci\u00f3n municipal ha priorizado la seguridad, la movilidad y la salud p\u00fablica mediante la rehabilitaci\u00f3n de seis andadores estrat\u00e9gicos que ahora cuentan con tecnolog\u00eda de vanguardia y servicios renovados.<\/p>\n<p>&nbsp;<\/p>\n<p>En la colonia L\u00e1zaro C\u00e1rdenas Primera Secci\u00f3n, el Alcalde Raciel P\u00e9rez Cruz encabez\u00f3 la entrega de los andadores Hiloche y Alpino Ocelotl, donde se invirtieron 9 millones 809 mil 238 pesos para la reconstrucci\u00f3n de escalones y rampas, adem\u00e1s de la sustituci\u00f3n de l\u00edneas de agua potable y drenaje sanitario.<\/p>\n<p>&nbsp;<\/p>\n<p>Estos trabajos se complementaron con la instalaci\u00f3n de barandales de seguridad, iluminaci\u00f3n LED y, de manera destacada, puntos de monitoreo inteligente (PMI) y estaciones de p\u00e1nico para brindar protecci\u00f3n inmediata a los usuarios.<\/p>\n<p>&nbsp;<\/p>\n<p>La transformaci\u00f3n en esta misma colonia continu\u00f3 con la modernizaci\u00f3n de los andadores Callej\u00f3n Avalancha, Club Alpino Carpio y Coyotes, proyectos que sumaron una inversi\u00f3n de 8.2 millones de pesos para intervenir m\u00e1s de mil 200 metros cuadrados.<\/p>\n<p>&nbsp;<\/p>\n<p>En estos puntos, Raciel P\u00e9rez Cruz entreg\u00f3 la colocaci\u00f3n de tuber\u00eda corrugada para drenaje, la construcci\u00f3n de escalinatas con barandales met\u00e1licos y la integraci\u00f3n de arte mural y pintura artesanal que mejora la imagen urbana, reforzando el sentido de identidad de los vecinos.<\/p>\n<p>&nbsp;<\/p>\n<p>&nbsp;<\/p>\n<p>&nbsp;<\/p>\n<p>&nbsp;<\/p>\n<p>&nbsp;<\/p>\n","protected":false},"excerpt":{"rendered":"<p>&nbsp; Rescate de espacios p\u00fablicos \u00a0 &nbsp; Tlalnepantla, M\u00e9x.- \u00a0El presidente municipal Raciel P\u00e9rez Cruz ha consolidado una estrategia integral de rescate de espacios p\u00fablicos en la zona Oriente del municipio, entregando una serie de obras de infraestructura que transforman la vida cotidiana de las comunidades que por a\u00f1os carecieron de servicios b\u00e1sicos eficientes. &nbsp; [&hellip;]<\/p>\n","protected":false},"author":14,"featured_media":716467,"comment_status":"open","ping_status":"open","sticky":false,"template":"","format":"standard","meta":{"_monsterinsights_skip_tracking":false,"_monsterinsights_sitenote_active":false,"_monsterinsights_sitenote_note":"","_monsterinsights_sitenote_category":0,"footnotes":""},"categories":[5],"tags":[],"class_list":["post-716466","post","type-post","status-publish","format-standard","has-post-thumbnail","hentry","category-estado-de-mexico"],"_links":{"self":[{"href":"https:\/\/www.diarioimagen.net\/index.php?rest_route=\/wp\/v2\/posts\/716466","targetHints":{"allow":["GET"]}}],"collection":[{"href":"https:\/\/www.diarioimagen.net\/index.php?rest_route=\/wp\/v2\/posts"}],"about":[{"href":"https:\/\/www.diarioimagen.net\/index.php?rest_route=\/wp\/v2\/types\/post"}],"author":[{"embeddable":true,"href":"https:\/\/www.diarioimagen.net\/index.php?rest_route=\/wp\/v2\/users\/14"}],"replies":[{"embeddable":true,"href":"https:\/\/www.diarioimagen.net\/index.php?rest_route=%2Fwp%2Fv2%2Fcomments&post=716466"}],"version-history":[{"count":1,"href":"https:\/\/www.diarioimagen.net\/index.php?rest_route=\/wp\/v2\/posts\/716466\/revisions"}],"predecessor-version":[{"id":716468,"href":"https:\/\/www.diarioimagen.net\/index.php?rest_route=\/wp\/v2\/posts\/716466\/revisions\/716468"}],"wp:featuredmedia":[{"embeddable":true,"href":"https:\/\/www.diarioimagen.net\/index.php?rest_route=\/wp\/v2\/media\/716467"}],"wp:attachment":[{"href":"https:\/\/www.diarioimagen.net\/index.php?rest_route=%2Fwp%2Fv2%2Fmedia&parent=716466"}],"wp:term":[{"taxonomy":"category","embeddable":true,"href":"https:\/\/www.diarioimagen.net\/index.php?rest_route=%2Fwp%2Fv2%2Fcategories&post=716466"},{"taxonomy":"post_tag","embeddable":true,"href":"https:\/\/www.diarioimagen.net\/index.php?rest_route=%2Fwp%2Fv2%2Ftags&post=716466"}],"curies":[{"name":"wp","href":"https:\/\/api.w.org\/{rel}","templated":true}]}}