{"id":716469,"date":"2026-04-19T20:14:54","date_gmt":"2026-04-20T02:14:54","guid":{"rendered":"https:\/\/www.diarioimagen.net\/?p=716469"},"modified":"2026-04-19T20:14:54","modified_gmt":"2026-04-20T02:14:54","slug":"recupera-gobierno-de-naucalpan-canchas-deportivas-en-las-torres","status":"publish","type":"post","link":"https:\/\/www.diarioimagen.net\/?p=716469","title":{"rendered":"Recupera gobierno de Naucalpan  canchas deportivas en Las Torres"},"content":{"rendered":"<p>&nbsp;<\/p>\n<p><strong>\u00a0<\/strong><\/p>\n<ul>\n<li><strong>Crean un Sendero Seguro m\u00e1s<\/strong><\/li>\n<\/ul>\n<p><strong>\u00a0<\/strong><\/p>\n<div id=\"attachment_716470\" style=\"width: 391px\" class=\"wp-caption alignnone\"><img loading=\"lazy\" decoding=\"async\" aria-describedby=\"caption-attachment-716470\" class=\"wp-image-716470 size-large\" src=\"https:\/\/www.diarioimagen.net\/wp-content\/uploads\/2026\/04\/BAENA-3-ok-9-381x270.jpg\" alt=\"\" width=\"381\" height=\"270\" srcset=\"https:\/\/www.diarioimagen.net\/wp-content\/uploads\/2026\/04\/BAENA-3-ok-9-381x270.jpg 381w, https:\/\/www.diarioimagen.net\/wp-content\/uploads\/2026\/04\/BAENA-3-ok-9-240x170.jpg 240w, https:\/\/www.diarioimagen.net\/wp-content\/uploads\/2026\/04\/BAENA-3-ok-9-768x544.jpg 768w, https:\/\/www.diarioimagen.net\/wp-content\/uploads\/2026\/04\/BAENA-3-ok-9-90x65.jpg 90w, https:\/\/www.diarioimagen.net\/wp-content\/uploads\/2026\/04\/BAENA-3-ok-9.jpg 1500w\" sizes=\"auto, (max-width: 381px) 100vw, 381px\" \/><p id=\"caption-attachment-716470\" class=\"wp-caption-text\">El gobierno de Isaac Montoya M\u00e1rquez recuper\u00f3 del abandono las canchas deportivas y el parque de Avenida de Las Torres, en la colonia Loma Colorada, Primera Secci\u00f3n y se cre\u00f3 un Sendero Seguro m\u00e1s.<\/p><\/div>\n<p>&nbsp;<\/p>\n<p>Naucalpan, M\u00e9x.- Con la Huella de la Transformaci\u00f3n n\u00famero 70, el gobierno del presidente municipal, Isaac Montoya M\u00e1rquez recuper\u00f3 del abandono las canchas deportivas y el parque de Avenida de Las Torres, en la colonia Loma Colorada, Primera Secci\u00f3n y se cre\u00f3 un Sendero Seguro m\u00e1s.<\/p>\n<p>&nbsp;<\/p>\n<p>Ante las y los vecinos, autoridades auxiliares, as\u00ed como de servidores p\u00fablicos, en esta comunidad que, presentaba un abandono general y deterioro del entorno, ahora cuenta con la renovaci\u00f3n de los juegos infantiles en los que de inmediato ni\u00f1as y ni\u00f1os comenzaron a divertirse, el Alcalde enfatiz\u00f3 que encabeza un gobierno de cercan\u00eda con las comunidades para superar los rezagos que se han acumulado por a\u00f1os.<\/p>\n<p>&nbsp;<\/p>\n<p>Como el primer presidente municipal que proviene de las colonias, nuestra l\u00f3gica no es patrimonialista, no es de la voracidad a la que algunos nos ten\u00edan acostumbrados de saquear Naucalpan y despu\u00e9s desaparecen. Hoy nos encontramos para seguir con un proyecto que definimos como la columna vertebral de este gobierno, las Huellas de la Transformaci\u00f3n, dijo.<\/p>\n<p>&nbsp;<\/p>\n<p>Con la Huella de la Transformaci\u00f3n n\u00famero 70, Servicios P\u00fablicos, cre\u00f3 un Sendero Seguro m\u00e1s, con la sustituci\u00f3n de 43 luminarias, 28 instaladas, adem\u00e1s de bacheo con 99 toneladas de mezcla asf\u00e1ltica en la colonia. As\u00ed como labores de rehabilitaci\u00f3n y pinta de canchas, guarnici\u00f3n, balizamiento, topes y cruces peatonales.<\/p>\n<p>&nbsp;<\/p>\n<p>Subray\u00f3: \u201cdefinimos que, frente a una herencia maldita que se nos entreg\u00f3 de un gobierno ausente que estaba alejado de la realidad, de las comunidades, ten\u00edamos que entrar en terapia intensiva y hacer un giro radical y por ello decidimos que con las Huellas de la Transformaci\u00f3n pod\u00edamos hacer un compromiso, el que logr\u00e1ramos estar en todas y cada una de las comunidades de Naucalpan\u201d.<\/p>\n<p>&nbsp;<\/p>\n<p>Tanto en los alrededores de las canchas, ahora pintadas, y el \u00e1rea de juegos infantiles, se coloc\u00f3 malla protectora para una mayor seguridad de ni\u00f1as, ni\u00f1os, j\u00f3venes y adultos que acuden a realizar actividades deportivas o de convivencia. Instalaci\u00f3n de botes de basura y bancas, as\u00ed como el fondeo de muros, limpieza en general y recolecci\u00f3n de m\u00e1s de 6 toneladas de residuos s\u00f3lidos.<\/p>\n<p><strong>\u00a0<\/strong><\/p>\n<p>&nbsp;<\/p>\n<p>&nbsp;<\/p>\n<p><strong>\u00a0<\/strong><\/p>\n<p>&nbsp;<\/p>\n","protected":false},"excerpt":{"rendered":"<p>&nbsp; \u00a0 Crean un Sendero Seguro m\u00e1s \u00a0 &nbsp; Naucalpan, M\u00e9x.- Con la Huella de la Transformaci\u00f3n n\u00famero 70, el gobierno del presidente municipal, Isaac Montoya M\u00e1rquez recuper\u00f3 del abandono las canchas deportivas y el parque de Avenida de Las Torres, en la colonia Loma Colorada, Primera Secci\u00f3n y se cre\u00f3 un Sendero Seguro m\u00e1s. [&hellip;]<\/p>\n","protected":false},"author":14,"featured_media":716470,"comment_status":"open","ping_status":"open","sticky":false,"template":"","format":"standard","meta":{"_monsterinsights_skip_tracking":false,"_monsterinsights_sitenote_active":false,"_monsterinsights_sitenote_note":"","_monsterinsights_sitenote_category":0,"footnotes":""},"categories":[5],"tags":[],"class_list":["post-716469","post","type-post","status-publish","format-standard","has-post-thumbnail","hentry","category-estado-de-mexico"],"_links":{"self":[{"href":"https:\/\/www.diarioimagen.net\/index.php?rest_route=\/wp\/v2\/posts\/716469","targetHints":{"allow":["GET"]}}],"collection":[{"href":"https:\/\/www.diarioimagen.net\/index.php?rest_route=\/wp\/v2\/posts"}],"about":[{"href":"https:\/\/www.diarioimagen.net\/index.php?rest_route=\/wp\/v2\/types\/post"}],"author":[{"embeddable":true,"href":"https:\/\/www.diarioimagen.net\/index.php?rest_route=\/wp\/v2\/users\/14"}],"replies":[{"embeddable":true,"href":"https:\/\/www.diarioimagen.net\/index.php?rest_route=%2Fwp%2Fv2%2Fcomments&post=716469"}],"version-history":[{"count":1,"href":"https:\/\/www.diarioimagen.net\/index.php?rest_route=\/wp\/v2\/posts\/716469\/revisions"}],"predecessor-version":[{"id":716471,"href":"https:\/\/www.diarioimagen.net\/index.php?rest_route=\/wp\/v2\/posts\/716469\/revisions\/716471"}],"wp:featuredmedia":[{"embeddable":true,"href":"https:\/\/www.diarioimagen.net\/index.php?rest_route=\/wp\/v2\/media\/716470"}],"wp:attachment":[{"href":"https:\/\/www.diarioimagen.net\/index.php?rest_route=%2Fwp%2Fv2%2Fmedia&parent=716469"}],"wp:term":[{"taxonomy":"category","embeddable":true,"href":"https:\/\/www.diarioimagen.net\/index.php?rest_route=%2Fwp%2Fv2%2Fcategories&post=716469"},{"taxonomy":"post_tag","embeddable":true,"href":"https:\/\/www.diarioimagen.net\/index.php?rest_route=%2Fwp%2Fv2%2Ftags&post=716469"}],"curies":[{"name":"wp","href":"https:\/\/api.w.org\/{rel}","templated":true}]}}