{"id":716483,"date":"2026-04-19T20:35:26","date_gmt":"2026-04-20T02:35:26","guid":{"rendered":"https:\/\/www.diarioimagen.net\/?p=716483"},"modified":"2026-04-19T20:35:26","modified_gmt":"2026-04-20T02:35:26","slug":"gobernadora-delfina-gomez-transforma-movilidad-en-naucalpan-con-el-mexicable","status":"publish","type":"post","link":"https:\/\/www.diarioimagen.net\/?p=716483","title":{"rendered":"Gobernadora Delfina G\u00f3mez transforma  movilidad en Naucalpan con el Mexicable  \u00a0"},"content":{"rendered":"<ul>\n<li><strong>Trayecto menor a 30 minutos para\u00a0 9.5 km <\/strong><\/li>\n<li><strong>Unos 700 mil habitantes dir\u00e1n adi\u00f3s a traslados de m\u00e1s de una hora con la L\u00ednea III de este sistema de <\/strong><strong>transporte colectivo<\/strong><\/li>\n<\/ul>\n<p><strong>\u00a0<\/strong><\/p>\n<div id=\"attachment_716484\" style=\"width: 415px\" class=\"wp-caption alignnone\"><img loading=\"lazy\" decoding=\"async\" aria-describedby=\"caption-attachment-716484\" class=\"wp-image-716484 size-large\" src=\"https:\/\/www.diarioimagen.net\/wp-content\/uploads\/2026\/04\/EDOMEX-1-ok-8-405x270.jpg\" alt=\"\" width=\"405\" height=\"270\" srcset=\"https:\/\/www.diarioimagen.net\/wp-content\/uploads\/2026\/04\/EDOMEX-1-ok-8-405x270.jpg 405w, https:\/\/www.diarioimagen.net\/wp-content\/uploads\/2026\/04\/EDOMEX-1-ok-8-240x160.jpg 240w, https:\/\/www.diarioimagen.net\/wp-content\/uploads\/2026\/04\/EDOMEX-1-ok-8-768x511.jpg 768w, https:\/\/www.diarioimagen.net\/wp-content\/uploads\/2026\/04\/EDOMEX-1-ok-8.jpg 1500w\" sizes=\"auto, (max-width: 405px) 100vw, 405px\" \/><p id=\"caption-attachment-716484\" class=\"wp-caption-text\">El Sistema del Mexicable marcar\u00e1 un antes y un despu\u00e9s en la vida de 700 mil habitantes de colonias de dif\u00edcil acceso de Naucalpan que hist\u00f3ricamente han tenido problemas de conectividad con el resto del \u00e1rea metropolitana de la Ciudad de M\u00e9xico.<\/p><\/div>\n<p><strong>\u00a0<\/strong><\/p>\n<p>Naucalpan, Estado de M\u00e9xico.\u2013 La L\u00ednea III del Mexicable, que impulsa el Gobierno de la Maestra Delfina G\u00f3mez en Naucalpan como parte del objetivo de hacer de \u201c2026, A\u00f1o de las Obras en Edomex\u201d, marcar\u00e1 un antes y un despu\u00e9s en la vida de 700 mil habitantes de colonias de dif\u00edcil acceso que hist\u00f3ricamente han tenido problemas de conectividad con el resto del \u00e1rea metropolitana de la Ciudad de M\u00e9xico; muy pronto, dir\u00e1n adi\u00f3s a traslados de m\u00e1s de una hora.<\/p>\n<p>\u201cEl tiempo de trayecto es de aproximadamente 27 minutos para los 9.5 kil\u00f3metros de recorrido, en comparaci\u00f3n con el sistema de mediana y baja capacidad que opera en el estado, a trav\u00e9s de las combis que todos conocemos, bueno, tendr\u00e1 un movimiento mucho m\u00e1s fluido\u201d, explic\u00f3 Silvia Rebeca Ortega Reyes, enlace de Seguimiento de Proyectos del Sistema de Transporte Masivo y Telef\u00e9rico del Estado de M\u00e9xico (SITRAMyTEM).<\/p>\n<p>Este nuevo y moderno sistema de transporte, que se espera atienda a 40 mil usuarios diarios, tendr\u00e1 una longitud de 9.5 kil\u00f3metros y contar\u00e1 con 10 estaciones, as\u00ed como 278 cabinas que se conectar\u00e1n directamente con el sistema de Transporte Colectivo Metro en la estaci\u00f3n Cuatro Caminos.<\/p>\n<p>Brenda Mart\u00ednez, vecina de la colonia Minas Palacio, agradeci\u00f3 la decisi\u00f3n de la Gobernadora Delfina G\u00f3mez de transformar la movilidad del municipio. \u201cMe parece super bien porque ya en Naucalpan y en toda la ciudad siempre hay un tr\u00e1fico de locura, entonces esto va a evitar el tr\u00e1fico, y permitir\u00e1 que lleguemos a tiempo al trabajo o a donde tengamos que ir. Agradecer mucho a la Gobernadora Delfina y que siga trabajando como va. Tiene todo nuestro apoyo\u201d.<\/p>\n<p>Jes\u00fas Almaraz, estudiante y vecino de la Colonia San Rafael Chamapa, otra de las 60 comunidades que se beneficiar\u00e1 con este moderno sistema de transporte, tambi\u00e9n agradeci\u00f3 el impulso a la movilidad de la zona dado por la Mandataria mexiquense.<\/p>\n<p>\u201cDir\u00eda yo que es la mejor alternativa que nos pudo haber dado el Gobierno para movernos aqu\u00ed en Naucalpan, m\u00e1s r\u00e1pido. Gracias, se ve que s\u00ed est\u00e1 haciendo bien su trabajo y lo que propuso lo est\u00e1 cumpliendo\u201d, apunt\u00f3.<\/p>\n<p>Se espera que la obra civil sea concluida al 100 por ciento a finales del presente a\u00f1o, para que este sistema de transporte entre en operaci\u00f3n durante el primer trimestre del 2027.<\/p>\n<p>&nbsp;<\/p>\n<p>&nbsp;<\/p>\n<p><strong>\u00a0<\/strong><\/p>\n<p>&nbsp;<\/p>\n","protected":false},"excerpt":{"rendered":"<p>Trayecto menor a 30 minutos para\u00a0 9.5 km Unos 700 mil habitantes dir\u00e1n adi\u00f3s a traslados de m\u00e1s de una hora con la L\u00ednea III de este sistema de transporte colectivo \u00a0 \u00a0 Naucalpan, Estado de M\u00e9xico.\u2013 La L\u00ednea III del Mexicable, que impulsa el Gobierno de la Maestra Delfina G\u00f3mez en Naucalpan como parte [&hellip;]<\/p>\n","protected":false},"author":14,"featured_media":716484,"comment_status":"open","ping_status":"open","sticky":false,"template":"","format":"standard","meta":{"_monsterinsights_skip_tracking":false,"_monsterinsights_sitenote_active":false,"_monsterinsights_sitenote_note":"","_monsterinsights_sitenote_category":0,"footnotes":""},"categories":[5],"tags":[],"class_list":["post-716483","post","type-post","status-publish","format-standard","has-post-thumbnail","hentry","category-estado-de-mexico"],"_links":{"self":[{"href":"https:\/\/www.diarioimagen.net\/index.php?rest_route=\/wp\/v2\/posts\/716483","targetHints":{"allow":["GET"]}}],"collection":[{"href":"https:\/\/www.diarioimagen.net\/index.php?rest_route=\/wp\/v2\/posts"}],"about":[{"href":"https:\/\/www.diarioimagen.net\/index.php?rest_route=\/wp\/v2\/types\/post"}],"author":[{"embeddable":true,"href":"https:\/\/www.diarioimagen.net\/index.php?rest_route=\/wp\/v2\/users\/14"}],"replies":[{"embeddable":true,"href":"https:\/\/www.diarioimagen.net\/index.php?rest_route=%2Fwp%2Fv2%2Fcomments&post=716483"}],"version-history":[{"count":1,"href":"https:\/\/www.diarioimagen.net\/index.php?rest_route=\/wp\/v2\/posts\/716483\/revisions"}],"predecessor-version":[{"id":716485,"href":"https:\/\/www.diarioimagen.net\/index.php?rest_route=\/wp\/v2\/posts\/716483\/revisions\/716485"}],"wp:featuredmedia":[{"embeddable":true,"href":"https:\/\/www.diarioimagen.net\/index.php?rest_route=\/wp\/v2\/media\/716484"}],"wp:attachment":[{"href":"https:\/\/www.diarioimagen.net\/index.php?rest_route=%2Fwp%2Fv2%2Fmedia&parent=716483"}],"wp:term":[{"taxonomy":"category","embeddable":true,"href":"https:\/\/www.diarioimagen.net\/index.php?rest_route=%2Fwp%2Fv2%2Fcategories&post=716483"},{"taxonomy":"post_tag","embeddable":true,"href":"https:\/\/www.diarioimagen.net\/index.php?rest_route=%2Fwp%2Fv2%2Ftags&post=716483"}],"curies":[{"name":"wp","href":"https:\/\/api.w.org\/{rel}","templated":true}]}}